{"id":412198,"date":"2024-07-22T20:09:10","date_gmt":"2024-07-22T23:09:10","guid":{"rendered":"https:\/\/notinor.com\/jujuy\/?p=412198"},"modified":"2024-07-22T20:09:11","modified_gmt":"2024-07-22T23:09:11","slug":"nicolas-maduro-volvio-a-insultar-a-javier-milei-en-un-acto-de-campana-es-un-malparido-nazi-fascista","status":"publish","type":"post","link":"https:\/\/notinor.com\/jujuy\/nicolas-maduro-volvio-a-insultar-a-javier-milei-en-un-acto-de-campana-es-un-malparido-nazi-fascista\/","title":{"rendered":"Nicol\u00e1s Maduro volvi\u00f3 a insultar a Javier Milei en un acto de campa\u00f1a: \u201cEs un malparido nazi fascista\u201d"},"content":{"rendered":"\n<p class=\"has-medium-font-size\"><strong><em>El dictador de Venezuela arremeti\u00f3 contra el mandatario argentino durante un acto en Nueva Esparta a una semana de las elecciones presidenciales. Las encuestas lo muestran por detr\u00e1s del\u00a0candidato opositor Edmundo Gonz\u00e1lez Urrutia.<\/em><\/strong><\/p>\n\n\n\n<p><\/p>\n\n\n<div class=\"wp-block-image\">\n<figure class=\"aligncenter size-full\"><img decoding=\"async\" loading=\"lazy\" width=\"800\" height=\"450\" src=\"https:\/\/notinor.com\/jujuy\/wp-content\/uploads\/2024\/07\/nicolas-maduro-1.jpg\" alt=\"\" class=\"wp-image-412199\" srcset=\"https:\/\/notinor.com\/jujuy\/wp-content\/uploads\/2024\/07\/nicolas-maduro-1.jpg 800w, https:\/\/notinor.com\/jujuy\/wp-content\/uploads\/2024\/07\/nicolas-maduro-1-649x365.jpg 649w, https:\/\/notinor.com\/jujuy\/wp-content\/uploads\/2024\/07\/nicolas-maduro-1-500x280.jpg 500w, https:\/\/notinor.com\/jujuy\/wp-content\/uploads\/2024\/07\/nicolas-maduro-1-768x432.jpg 768w, https:\/\/notinor.com\/jujuy\/wp-content\/uploads\/2024\/07\/nicolas-maduro-1-750x422.jpg 750w\" sizes=\"(max-width: 800px) 100vw, 800px\" \/><\/figure><\/div>\n\n\n<p><\/p>\n\n\n\n<p><strong>El dictador de Venezuela, Nicol\u00e1s Maduro, volvi\u00f3 a agraviar al presidente argentino Javier Milei durante un mitin de campa\u00f1a en el estado insular de Nueva Esparta, al noreste de Venezuela. <\/strong>El heredero del liderazgo chavista se encuentra en la semana previa a las elecciones presidenciales en las que el candidato opositor Edmundo Gonz\u00e1lez Urrutia le saca amplias ventajas en las encuestas, un tema que inquieta al oficialismo y ha llevado al propio Maduro a amenazar con un \u201cba\u00f1o de sangre\u201d en caso de ser derrotado.<\/p>\n\n\n\n<p>En el acto de este domingo, insisti\u00f3 en apuntar a Milei para sostener sus ideales: <strong>\u201cYo en estos d\u00edas dije y \u00e9l se puso bravo (enojado), pero yo dije la verdad, ese Milei es un malparido nazi fascista, es un malparido que le est\u00e1 pasando la motosierra a los trabajadores, a las trabajadoras, (...) entonces \u00e9l se puso bravo, (...) pero la verdad es la verdad\u201d, <\/strong>expres\u00f3 Maduro.<\/p>\n\n\n\n<p>Asimismo, el candidato oficialista a las presidenciales del pr\u00f3ximo domingo <strong>pregunt\u00f3 a sus seguidores de esta regi\u00f3n si quieren que \u201cpase en Venezuela lo que est\u00e1 pasando en Argentina\u201d y que el pa\u00eds caribe\u00f1o \u201cse convierta en el desastre social de la Argentina de Milei\u201d, a lo que asistentes a la actividad respondieron con un \u201cno\u201d.<\/strong><\/p>\n\n\n\n<p>En la mayor\u00eda de sus actos de campa\u00f1a que ha celebrado en varias regiones del pa\u00eds, Maduro hace estas preguntas relacionadas con Argentina y suele cargar contra Milei, a quien llam\u00f3 \u201cmalparido\u201d el pasado jueves.<\/p>\n\n\n\n<p><strong>Como respuesta, el Gobierno argentino afirm\u00f3 el viernes que las declaraciones de Maduro no ameritan respuesta porque provienen de un \u201cdictador\u201d y un \u201cimb\u00e9cil\u201d.<\/strong><\/p>\n\n\n\n<p>Ese d\u00eda, en rueda de prensa, el portavoz presidencial argentino, Manuel Adorni, dijo: <strong>\"Maduro es un personaje que se ha transformado -o siempre lo ha sido- en un dictador. Y las palabras de un dictador no ameritan un an\u00e1lisis porque vienen de una persona que tiene trastocados los valores \u00e9ticos y morales y, por supuesto, est\u00e1 en contra de lo que nosotros defendemos y pregonamos, que es la democracia\".<\/strong><\/p>\n\n\n\n<p>La relaciones entre Argentina y Venezuela -que fueron estrechas durante los mandatos de los peronistas N\u00e9stor Kirchner, entre 2003-2007; Cristina Fern\u00e1ndez, entre 2007 y 2015, y Alberto Fern\u00e1ndez, entre 2019 y 2023, \u2013 han empeorado desde diciembre pasado, cuando lleg\u00f3 a la Casa Rosada Milei, quien ha tenido serios y constantes desencuentros con Maduro.<\/p>\n\n\n\n<p class=\"has-medium-font-size\"><strong>Las \u00faltimas encuestas en Venezuela<\/strong><\/p>\n\n\n\n<p>Este s\u00e1bado, el \u00faltimo d\u00eda antes de que entre en vigor la veda y no est\u00e9 habilitada la difusi\u00f3n de datos, la encuestadora ClearPath y la consultora Poder y Estrategia difundieron los sondeos que realizaron en julio, que verificaron la amplia ventaja del opositor sobre el chavista.<\/p>\n\n\n\n<p><strong>Seg\u00fan los datos de ClearPath, Gonz\u00e1lez Urrutia cuenta con el 59% de las intenciones de voto frente al 31% de Maduro, por lo que la brecha alcanza los 28 puntos entre los votantes que confirmaron su participaci\u00f3n en la jornada electoral. <\/strong>Sin embargo, la segunda firma expuso que el primero se har\u00eda con el 64% de las papeletas mientras que el chavista s\u00f3lo obtendr\u00eda 21% de las mismas, lo que expone una distancia a\u00fan mayor de 43 puntos.<\/p>\n\n\n\n<p>Ambas coincidieron en que el respaldo al opositor fue en aumento desde abril, cuando la ventaja era de apenas 20 puntos y ClearPath destac\u00f3 que el diplom\u00e1tico venezolano ha logrado consolidar su candidatura entre los votantes \u201cni-ni\u201d -es decir, quienes no se identifican ni como oficialistas ni como disidentes-, alcanzando un apoyo del 66% en este grupo.<\/p>\n\n\n\n<p><strong>Otro de los datos que m\u00e1s resalt\u00f3 en los informes finales fue el alto grado de participaci\u00f3n que se prev\u00e9 para la cita del 28 de julio. A d\u00eda de hoy, ese \u00edndice se ubica en el 81%. En marzo, 61% de los votantes registrados hab\u00edan manifestado altas probabilidades de ir a votar; sin embargo, ahora m\u00e1s del 80% asegura estar muy emocionado de ejercer su derecho al voto y s\u00f3lo un 3% confirm\u00f3 que no lo har\u00e1.<\/strong> En tanto, un 9% puso en duda su decisi\u00f3n y un 6% a\u00fan no lo tiene definido, de acuerdo a lo expuesto por Poder y Estrategia.<\/p>\n\n\n\n<p>El estudio de ClearPath, en tanto, sit\u00faa la posible participaci\u00f3n en un 73%. Seg\u00fan datos de esta encuestadora el entusiasmo por participar de la jornada electoral tambi\u00e9n fue en aumento desde marzo, cuando ese \u00edndice era de un 61%. El 51% de los entrevistados se mostr\u00f3 \u201cmuy emocionado\u201d por votar.<\/p>\n","protected":false},"excerpt":{"rendered":"<p>El dictador de Venezuela arremeti\u00f3 contra el mandatario argentino durante un acto en Nueva Esparta a una semana de las elecciones presidenciales. Las encuestas lo muestran por detr\u00e1s del\u00a0candidato opositor Edmundo Gonz\u00e1lez Urrutia. El dictador de Venezuela, Nicol\u00e1s Maduro, volvi\u00f3 a agraviar al presidente argentino Javier Milei durante un mitin de campa\u00f1a en el estado [&hellip;]<\/p>\n","protected":false},"author":49,"featured_media":412199,"comment_status":"open","ping_status":"open","sticky":false,"template":"","format":"standard","meta":{"_stopmodifiedupdate":false,"_modified_date":"","inline_featured_image":false,"spay_email":"","jetpack_publicize_message":""},"categories":[2,6,501],"tags":[],"jetpack_featured_media_url":"https:\/\/notinor.com\/jujuy\/wp-content\/uploads\/2024\/07\/nicolas-maduro-1.jpg","jetpack_publicize_connections":[],"_links":{"self":[{"href":"https:\/\/notinor.com\/jujuy\/wp-json\/wp\/v2\/posts\/412198"}],"collection":[{"href":"https:\/\/notinor.com\/jujuy\/wp-json\/wp\/v2\/posts"}],"about":[{"href":"https:\/\/notinor.com\/jujuy\/wp-json\/wp\/v2\/types\/post"}],"author":[{"embeddable":true,"href":"https:\/\/notinor.com\/jujuy\/wp-json\/wp\/v2\/users\/49"}],"replies":[{"embeddable":true,"href":"https:\/\/notinor.com\/jujuy\/wp-json\/wp\/v2\/comments?post=412198"}],"version-history":[{"count":1,"href":"https:\/\/notinor.com\/jujuy\/wp-json\/wp\/v2\/posts\/412198\/revisions"}],"predecessor-version":[{"id":412200,"href":"https:\/\/notinor.com\/jujuy\/wp-json\/wp\/v2\/posts\/412198\/revisions\/412200"}],"wp:featuredmedia":[{"embeddable":true,"href":"https:\/\/notinor.com\/jujuy\/wp-json\/wp\/v2\/media\/412199"}],"wp:attachment":[{"href":"https:\/\/notinor.com\/jujuy\/wp-json\/wp\/v2\/media?parent=412198"}],"wp:term":[{"taxonomy":"category","embeddable":true,"href":"https:\/\/notinor.com\/jujuy\/wp-json\/wp\/v2\/categories?post=412198"},{"taxonomy":"post_tag","embeddable":true,"href":"https:\/\/notinor.com\/jujuy\/wp-json\/wp\/v2\/tags?post=412198"}],"curies":[{"name":"wp","href":"https:\/\/api.w.org\/{rel}","templated":true}]}}