{"id":412195,"date":"2024-07-22T19:29:20","date_gmt":"2024-07-22T22:29:20","guid":{"rendered":"https:\/\/notinor.com\/jujuy\/?p=412195"},"modified":"2024-07-22T19:29:22","modified_gmt":"2024-07-22T22:29:22","slug":"el-gobierno-busca-superar-la-pelea-con-villarruel-pero-no-hay-reencuentro-previsto-con-milei","status":"publish","type":"post","link":"https:\/\/notinor.com\/jujuy\/el-gobierno-busca-superar-la-pelea-con-villarruel-pero-no-hay-reencuentro-previsto-con-milei\/","title":{"rendered":"El Gobierno busca superar\u00a0la pelea con Villarruel, pero no hay reencuentro previsto con Milei"},"content":{"rendered":"\n<p class=\"has-medium-font-size\"><strong><em>La vicepresidenta mantiene una agenda paralela tras el foco de tensi\u00f3n hacia el interior de La Libertad Avanza que generaron sus declaraciones sobre los festejos de los jugadores de la Selecci\u00f3n Argentina luego de ganar la Copa Am\u00e9rica. Cronolog\u00eda de sus desencuentros con el Presidente.<\/em><\/strong><\/p>\n\n\n\n<p><\/p>\n\n\n<div class=\"wp-block-image\">\n<figure class=\"aligncenter size-full\"><img decoding=\"async\" loading=\"lazy\" width=\"800\" height=\"450\" src=\"https:\/\/notinor.com\/jujuy\/wp-content\/uploads\/2024\/07\/miley-y-villarruel.jpg\" alt=\"\" class=\"wp-image-412196\" srcset=\"https:\/\/notinor.com\/jujuy\/wp-content\/uploads\/2024\/07\/miley-y-villarruel.jpg 800w, https:\/\/notinor.com\/jujuy\/wp-content\/uploads\/2024\/07\/miley-y-villarruel-649x365.jpg 649w, https:\/\/notinor.com\/jujuy\/wp-content\/uploads\/2024\/07\/miley-y-villarruel-500x280.jpg 500w, https:\/\/notinor.com\/jujuy\/wp-content\/uploads\/2024\/07\/miley-y-villarruel-768x432.jpg 768w, https:\/\/notinor.com\/jujuy\/wp-content\/uploads\/2024\/07\/miley-y-villarruel-750x422.jpg 750w\" sizes=\"(max-width: 800px) 100vw, 800px\" \/><\/figure><\/div>\n\n\n<p><\/p>\n\n\n\n<p><strong>El mensaje de Victoria Villarruel en medio de la pol\u00e9mica por los c\u00e1nticos con contenido xen\u00f3fobo por parte de algunos jugadores de la Selecci\u00f3n Argentina, cay\u00f3 mal en la Casa Rosada y gener\u00f3 un nuevo roce con Javier Milei, <\/strong>que, sin embargo, busc\u00f3 minimizar lo ocurrido y dar por cerrado el conflicto.<\/p>\n\n\n\n<p><strong>Si bien el Presidente no quiere profundizar las diferencias que tuvo con su vice en este tema, por el momento no habr\u00eda existido una comunicaci\u00f3n entre ambos, que se mantienen firmes en sus respectivas posiciones respecto de lo sucedido,<\/strong> ni tampoco tienen previsto reencontrarse p\u00fablicamente en los pr\u00f3ximos d\u00edas.<\/p>\n\n\n\n<p><strong>\u201cYa est\u00e1. Ya pas\u00f3. Lo resolvi\u00f3 Kari\u201d, fue la breve respuesta del l\u00edder libertario ante la consulta del periodista Alejandro Fantino sobre lo acontecido.<\/strong> De esta manera, destac\u00f3 la labor de la secretaria General de la Presidencia, Karina Milei, que tiene una relaci\u00f3n distante con la compa\u00f1era de f\u00f3rmula de su hermano.<\/p>\n\n\n\n<p>La funcionaria fue personalmente a ver al embajador franc\u00e9s en Buenos Aires, Romain Nadal, para pedir disculpas por las declaraciones de Villarruel, a d\u00edas del viaje que tiene agendado el jefe de Estado a Par\u00eds, donde se reunir\u00e1 con su par local, Emmanuel Macron.<\/p>\n\n\n\n<p>Sin embargo, en el entorno de la vicepresidenta remarcan que el comentario se hizo a trav\u00e9s de la cuenta de X de la titular del Senado, por lo que se trata de su opini\u00f3n particular y no de una postura oficial: <strong>\u201c\u00bfLos tuits de \u00e9l son personales, pero los de Victoria son Institucionales?\u201d, cuestionaron.<\/strong><\/p>\n\n\n\n<p>Asimismo, fuentes del c\u00edrculo de la Vicepresidenta se\u00f1alaron que, previo al conflicto, el mandatario nacional comparti\u00f3 por esa misma red social varios mensajes fuertes e incluso ech\u00f3 al ahora ex subsecretario de Deportes, Julio Garro, \u201cpor tibio\u201d.<\/p>\n\n\n\n<p><strong>Adem\u00e1s, indicaron que tampoco caus\u00f3 indignaci\u00f3n la frase de la diputada Lilia Lemoine, que celebr\u00f3 el apartamiento de Garro, al que calific\u00f3 como \u201cun tipo que estaba arrodill\u00e1ndose\u201d y que \u201cse lo ve\u00eda c\u00f3mo estaba a punto de sobarle la quena a alguien\u201d.<\/strong><\/p>\n\n\n\n<p>Una de las razones del malestar de Milei es que habr\u00eda estado haciendo gestiones para intentar disminuir la posible sanci\u00f3n que podr\u00eda recibir por parte de la FIFA Enzo Fern\u00e1ndez, el centrocampista de la Selecci\u00f3n al que se vio en un video cantando la pol\u00e9mica canci\u00f3n contra Francia.<\/p>\n\n\n\n<p><strong>Sin embargo, para Villarruel esto es una contradicci\u00f3n, ya que una de las cr\u00edticas que se le hicieron desde la Casa Rosada fue, justamente, haber involucrado a la pol\u00edtica en una cuesti\u00f3n deportiva, lo cual a su entender ya se estaba haciendo cuando \u201cmandaron a todos a tratar de que no sancionaran a Enzo\u201d.<\/strong><\/p>\n\n\n\n<p>La Vicepresidenta se mantiene firme en su postura y niega haber cometido un error con el tuit que revel\u00f3 un nuevo roce con Milei, con quien, no obstante, intentan mantener una buena relaci\u00f3n, a pesar de que ya tuvieron algunos desencuentros en lo que va de gesti\u00f3n.<\/p>\n\n\n\n<p><strong>A principios de este mes, ya se hab\u00eda dado una situaci\u00f3n interna luego de un homenaje a los Polic\u00edas Federales Ca\u00eddos en el Cumplimiento del Deber, que se realiz\u00f3 en el barrio porte\u00f1o de Belgrano y del que participaron ambos.<\/strong><\/p>\n\n\n\n<p>En aquella oportunidad, el Gobierno difundi\u00f3 una foto oficial en la que se los ve a los hermanos Milei y a la ministra de Seguridad, Patricia Bullrich, posando en el escenario y a Villarruel de perfil y a un costado de la imagen, llegando tarde al evento.<\/p>\n\n\n\n<p><strong>Unas horas despu\u00e9s, ella subi\u00f3 a las redes sociales su propia colecci\u00f3n de fotograf\u00edas junto a los efectivos de seguridad y al Presidente,<\/strong> aunque en ese momento no le ocult\u00f3 a sus personas de m\u00e1s confianza el descontento por lo que hab\u00eda ocurrido.<\/p>\n\n\n\n<p>Sorprendi\u00f3, el 9 de julio, su ausencia en la vigilia para la firma del Pacto de Mayo, que se llev\u00f3 adelante en la Casa Hist\u00f3rica de Tucum\u00e1n junto a un grupo de 18 gobernadores que se comprometieron a avanzar con un conjunto de pol\u00edticas de Estado.<\/p>\n\n\n\n<p><strong>La Vicepresidenta, que no firm\u00f3 el texto, a diferencia de Karina Milei, que s\u00ed lo hizo, explic\u00f3 que no pudo viajar porque estaba enferma, pero al d\u00eda siguiente se la vio activa en el desfile militar que recorri\u00f3 la ciudad de Buenos Aires.<\/strong><\/p>\n\n\n\n<p>M\u00e1s atr\u00e1s en el tiempo, la tensi\u00f3n se hab\u00eda generado por el aumento de sueldo que autoriz\u00f3 Villarruel en el Senado y que luego se retrotrajo por orden del Presidente, a pesar de que su vice no estaba de acuerdo.<\/p>\n\n\n\n<p><strong>\u201cTenemos diferencias, creo que eso es obvio y notorio, pero elegimos concentrarnos en las cosas que nos unen, que son much\u00edsimas, m\u00e1s que en aquellas pocas en las que podamos no estar de acuerdo\u201d, <\/strong>resumi\u00f3 un estrecho colaborador de Milei.<\/p>\n\n\n\n<p>Por lo pronto, la f\u00f3rmula de La Libertad Avanza que gan\u00f3 las elecciones el a\u00f1o pasado coincide en convivir de la mejor manera posible y dejar de lado estos roces, aunque a\u00fan no volvieron a hablar y tampoco tienen en agenda alg\u00fan evento en el que puedan encontrarse, por lo que la imagen de la reconciliaci\u00f3n podr\u00eda demorar.<\/p>\n","protected":false},"excerpt":{"rendered":"<p>La vicepresidenta mantiene una agenda paralela tras el foco de tensi\u00f3n hacia el interior de La Libertad Avanza que generaron sus declaraciones sobre los festejos de los jugadores de la Selecci\u00f3n Argentina luego de ganar la Copa Am\u00e9rica. Cronolog\u00eda de sus desencuentros con el Presidente. El mensaje de Victoria Villarruel en medio de la pol\u00e9mica [&hellip;]<\/p>\n","protected":false},"author":49,"featured_media":412196,"comment_status":"open","ping_status":"open","sticky":false,"template":"","format":"standard","meta":{"_stopmodifiedupdate":false,"_modified_date":"","inline_featured_image":false,"spay_email":"","jetpack_publicize_message":""},"categories":[2,501],"tags":[],"jetpack_featured_media_url":"https:\/\/notinor.com\/jujuy\/wp-content\/uploads\/2024\/07\/miley-y-villarruel.jpg","jetpack_publicize_connections":[],"_links":{"self":[{"href":"https:\/\/notinor.com\/jujuy\/wp-json\/wp\/v2\/posts\/412195"}],"collection":[{"href":"https:\/\/notinor.com\/jujuy\/wp-json\/wp\/v2\/posts"}],"about":[{"href":"https:\/\/notinor.com\/jujuy\/wp-json\/wp\/v2\/types\/post"}],"author":[{"embeddable":true,"href":"https:\/\/notinor.com\/jujuy\/wp-json\/wp\/v2\/users\/49"}],"replies":[{"embeddable":true,"href":"https:\/\/notinor.com\/jujuy\/wp-json\/wp\/v2\/comments?post=412195"}],"version-history":[{"count":1,"href":"https:\/\/notinor.com\/jujuy\/wp-json\/wp\/v2\/posts\/412195\/revisions"}],"predecessor-version":[{"id":412197,"href":"https:\/\/notinor.com\/jujuy\/wp-json\/wp\/v2\/posts\/412195\/revisions\/412197"}],"wp:featuredmedia":[{"embeddable":true,"href":"https:\/\/notinor.com\/jujuy\/wp-json\/wp\/v2\/media\/412196"}],"wp:attachment":[{"href":"https:\/\/notinor.com\/jujuy\/wp-json\/wp\/v2\/media?parent=412195"}],"wp:term":[{"taxonomy":"category","embeddable":true,"href":"https:\/\/notinor.com\/jujuy\/wp-json\/wp\/v2\/categories?post=412195"},{"taxonomy":"post_tag","embeddable":true,"href":"https:\/\/notinor.com\/jujuy\/wp-json\/wp\/v2\/tags?post=412195"}],"curies":[{"name":"wp","href":"https:\/\/api.w.org\/{rel}","templated":true}]}}