{"id":412188,"date":"2024-07-22T10:31:29","date_gmt":"2024-07-22T13:31:29","guid":{"rendered":"https:\/\/notinor.com\/jujuy\/?p=412188"},"modified":"2024-07-22T10:31:35","modified_gmt":"2024-07-22T13:31:35","slug":"historica-decision-del-papa-francisco-la-sede-primada-de-la-argentina-dejara-de-ser-buenos-aires-y-pasara-a-santiago-del-estero","status":"publish","type":"post","link":"https:\/\/notinor.com\/jujuy\/historica-decision-del-papa-francisco-la-sede-primada-de-la-argentina-dejara-de-ser-buenos-aires-y-pasara-a-santiago-del-estero\/","title":{"rendered":"Hist\u00f3rica decisi\u00f3n del Papa Francisco: la Sede Primada de la Argentina dejar\u00e1 de ser Buenos Aires y pasar\u00e1 a Santiago del Estero"},"content":{"rendered":"\n<p class=\"has-medium-font-size\"><strong><em>El Papa Francisco determin\u00f3 en una hist\u00f3rica decisi\u00f3n trasladar a Santiago del Estero la Sede Primada de la Rep\u00fablica Argentina, que desde 1936, a trav\u00e9s de P\u00edo XI, se le hab\u00eda otorgado a la arquidi\u00f3cesis de Buenos Aires.<\/em><\/strong><\/p>\n\n\n<div class=\"wp-block-image\">\n<figure class=\"aligncenter size-full\"><img decoding=\"async\" loading=\"lazy\" width=\"707\" height=\"460\" src=\"https:\/\/notinor.com\/jujuy\/wp-content\/uploads\/2024\/07\/PAPA-1.jpg\" alt=\"\" class=\"wp-image-412191\" srcset=\"https:\/\/notinor.com\/jujuy\/wp-content\/uploads\/2024\/07\/PAPA-1.jpg 707w, https:\/\/notinor.com\/jujuy\/wp-content\/uploads\/2024\/07\/PAPA-1-561x365.jpg 561w\" sizes=\"(max-width: 707px) 100vw, 707px\" \/><figcaption class=\"wp-element-caption\">El papa Francisco durante la oraci\u00f3n del \u00c1ngelus en el Vaticano<\/figcaption><\/figure><\/div>\n\n\n<p>A trav\u00e9s de un comunicado conjunto de las Di\u00f3cesis de Buenos Aires y de Santiago del Estero se inform\u00f3 que \u201cla decisi\u00f3n papal del traslado tiene su fundamento hist\u00f3rico en el hecho de que en 1570 San P\u00edo V cre\u00f3 la entonces llamada Di\u00f3cesis del Tucum\u00e1n, con sede en lo que hoy es la antigua ciudad de Santiago del Estero\u201d.<\/p>\n\n\n\n<p>La Bula Pontificia que ordena este cambio se ejecutar\u00e1 en Buenos Aires el domingo 25 de agosto y en Santiago del Estero el s\u00e1bado 7 de septiembre.<\/p>\n\n\n\n<p>En el comunicado que firman el arzobispo de Buenos Aires, monse\u00f1or Jorge Ignacio Garc\u00eda Cuerva, y el obispo de Santiago del Estero, monse\u00f1or Vicente Bokalic Iglic CM, se dirigen a \u201ctodo el Pueblo de Dios\u201d y expresan que se trata de \u201cuna importante reparaci\u00f3n en la historia eclesi\u00e1stica en nuestra Patria\u201d.<\/p>\n\n\n\n<p>All\u00ed ambos obispos invitan \u201ca vivir esta decisi\u00f3n papal con una profunda alegr\u00eda de vivir en la verdad, que siempre nos hace libres y adem\u00e1s como invitaci\u00f3n a tener una mirada integradora del territorio nacional en un renovado prop\u00f3sito federal, a\u00fan desde la estructura eclesial\u201d.<\/p>\n\n\n<div class=\"wp-block-image\">\n<figure class=\"aligncenter size-full\"><img decoding=\"async\" loading=\"lazy\" width=\"714\" height=\"475\" src=\"https:\/\/notinor.com\/jujuy\/wp-content\/uploads\/2024\/07\/CUERVA.jpg\" alt=\"\" class=\"wp-image-412190\" srcset=\"https:\/\/notinor.com\/jujuy\/wp-content\/uploads\/2024\/07\/CUERVA.jpg 714w, https:\/\/notinor.com\/jujuy\/wp-content\/uploads\/2024\/07\/CUERVA-549x365.jpg 549w\" sizes=\"(max-width: 714px) 100vw, 714px\" \/><figcaption class=\"wp-element-caption\">El arzobispo de Buenos Aires, Jorge Ignacio Garc\u00eda Cuerva<\/figcaption><\/figure><\/div>\n\n\n<p>Desde el inicio la entonces Di\u00f3cesis del Tucum\u00e1n comprend\u00eda C\u00f3rdoba, La Rioja, Catamarca, Tucum\u00e1n, Santiago del Estero, Salta, Jujuy, Tarija y Nueva Or\u00e1n. La Catedral de esta Di\u00f3cesis primera, de lo que luego ser\u00eda la Rep\u00fablica Argentina, fue la Iglesia de San Pedro y San Pablo emplazada en el territorio de la hoy Di\u00f3cesis de Santiago del Estero. En 1699 al constituirse la Sede Episcopal en la Ciudad de C\u00f3rdoba, subsumi\u00f3 el territorio de la primitiva Di\u00f3cesis del Tucum\u00e1n.<\/p>\n\n\n\n<p>Reci\u00e9n en 1907 se cre\u00f3 la actual Di\u00f3cesis de Santiago del Estero en cuyo territorio hab\u00eda funcionado la antigua y primera Sede Episcopal del Tucum\u00e1n, donde reson\u00f3 por primera vez, en voz de un sucesor de los Ap\u00f3stoles, el Evangelio del Se\u00f1or en estas tierras cuyo futuro ser\u00e1 la Argentina.<\/p>\n\n\n\n<p>\u201cEn honor a esto es que el Papa Francisco hoy traslada la Sede Primada de Argentina a la Iglesia de Santiago del Estero. Ya que Buenos Aires en 1936 hab\u00eda sido elevada por P\u00edo XI a Sede Primada en raz\u00f3n de ser el primer Arzobispado, pero no la primera de las Di\u00f3cesis en territorio argentino\u201d, expresa el comunicado. \u201cEs un distintivo honor\u00edfico, reservado para la primera di\u00f3cesis en un territorio nacional, que no lleva consigo ning\u00fan cambio jurisdiccional en la organizaci\u00f3n eclesi\u00e1stica argentina (cf. canon 438 del C\u00f3digo de Derecho Can\u00f3nico)\u201d, a\u00f1ade en otro p\u00e1rrafo.<\/p>\n\n\n<div class=\"wp-block-image\">\n<figure class=\"aligncenter size-full\"><img decoding=\"async\" loading=\"lazy\" width=\"715\" height=\"476\" src=\"https:\/\/notinor.com\/jujuy\/wp-content\/uploads\/2024\/07\/PAPA.jpg\" alt=\"\" class=\"wp-image-412189\" srcset=\"https:\/\/notinor.com\/jujuy\/wp-content\/uploads\/2024\/07\/PAPA.jpg 715w, https:\/\/notinor.com\/jujuy\/wp-content\/uploads\/2024\/07\/PAPA-548x365.jpg 548w\" sizes=\"(max-width: 715px) 100vw, 715px\" \/><figcaption class=\"wp-element-caption\">El papa Francisco durante la canonizaci\u00f3n de la primera santa argentina, Mama Antula<\/figcaption><\/figure><\/div>\n\n\n<p>\u201cCon afecto los bendecimos y pedimos a la Sant\u00edsima Virgen Mar\u00eda, la que dispens\u00f3 su maternal ternura a trav\u00e9s de las Advocaciones de Sumampa y Luj\u00e1n, unidas en su origen desde hace cuatro siglos, nos gu\u00eden para iniciar juntos este nuevo camino que se abre para la Iglesia en nuestra Naci\u00f3n\u201d, cierra el escrito en el que difundi\u00f3 la determinaci\u00f3n del Papa.<\/p>\n\n\n\n<p>De acuerdo a lo difundido por el nuncio apost\u00f3lico, monse\u00f1or Miroslaw Adamczyk, el Santo Padre dispuso:<\/p>\n\n\n\n<p>1) Transferir el t\u00edtulo de Primada de la Argentina de la Sede Metropolitana de Buenos Aires a la Sede de Santiago del Estero y, a norma del c\u00e1non 438 del C\u00f3digo de Derecho Can\u00f3nico, conceder el t\u00edtulo de arzobispo al obispo pro tempore de la misma Sede de Santiago del Estero;<\/p>\n\n\n\n<p>2) Elevar la Sede diocesana de Santiago del Estero al grado y dignidad de Sede Arzobispal, permaneciendo como sufrag\u00e1nea de la Sede Metropolitana de Tucum\u00e1n;<\/p>\n\n\n\n<p>3) De consecuencia, derogar el Decreto de la Sagrada Congregaci\u00f3n Concistorial Cum ecclesiastica provincia Bona\u00ebrensis, del 29 de enero de 1936, con el cual se confer\u00eda al Arzobispo pro tempore de Buenos Aires el t\u00edtulo de Primado de la Argentina.<\/p>\n","protected":false},"excerpt":{"rendered":"<p>El Papa Francisco determin\u00f3 en una hist\u00f3rica decisi\u00f3n trasladar a Santiago del Estero la Sede Primada de la Rep\u00fablica Argentina, que desde 1936, a trav\u00e9s de P\u00edo XI, se le hab\u00eda otorgado a la arquidi\u00f3cesis de Buenos Aires. A trav\u00e9s de un comunicado conjunto de las Di\u00f3cesis de Buenos Aires y de Santiago del Estero [&hellip;]<\/p>\n","protected":false},"author":5,"featured_media":412191,"comment_status":"open","ping_status":"open","sticky":false,"template":"","format":"standard","meta":{"_stopmodifiedupdate":false,"_modified_date":"","inline_featured_image":false,"spay_email":"","jetpack_publicize_message":""},"categories":[6],"tags":[],"jetpack_featured_media_url":"https:\/\/notinor.com\/jujuy\/wp-content\/uploads\/2024\/07\/PAPA-1.jpg","jetpack_publicize_connections":[],"_links":{"self":[{"href":"https:\/\/notinor.com\/jujuy\/wp-json\/wp\/v2\/posts\/412188"}],"collection":[{"href":"https:\/\/notinor.com\/jujuy\/wp-json\/wp\/v2\/posts"}],"about":[{"href":"https:\/\/notinor.com\/jujuy\/wp-json\/wp\/v2\/types\/post"}],"author":[{"embeddable":true,"href":"https:\/\/notinor.com\/jujuy\/wp-json\/wp\/v2\/users\/5"}],"replies":[{"embeddable":true,"href":"https:\/\/notinor.com\/jujuy\/wp-json\/wp\/v2\/comments?post=412188"}],"version-history":[{"count":1,"href":"https:\/\/notinor.com\/jujuy\/wp-json\/wp\/v2\/posts\/412188\/revisions"}],"predecessor-version":[{"id":412192,"href":"https:\/\/notinor.com\/jujuy\/wp-json\/wp\/v2\/posts\/412188\/revisions\/412192"}],"wp:featuredmedia":[{"embeddable":true,"href":"https:\/\/notinor.com\/jujuy\/wp-json\/wp\/v2\/media\/412191"}],"wp:attachment":[{"href":"https:\/\/notinor.com\/jujuy\/wp-json\/wp\/v2\/media?parent=412188"}],"wp:term":[{"taxonomy":"category","embeddable":true,"href":"https:\/\/notinor.com\/jujuy\/wp-json\/wp\/v2\/categories?post=412188"},{"taxonomy":"post_tag","embeddable":true,"href":"https:\/\/notinor.com\/jujuy\/wp-json\/wp\/v2\/tags?post=412188"}],"curies":[{"name":"wp","href":"https:\/\/api.w.org\/{rel}","templated":true}]}}