{"id":412162,"date":"2024-07-22T09:29:34","date_gmt":"2024-07-22T12:29:34","guid":{"rendered":"https:\/\/notinor.com\/jujuy\/?p=412162"},"modified":"2024-07-22T09:29:36","modified_gmt":"2024-07-22T12:29:36","slug":"la-industria-pyme-cayo-mas-de-20-en-junio-y-acumulo-siete-meses-en-baja","status":"publish","type":"post","link":"https:\/\/notinor.com\/jujuy\/la-industria-pyme-cayo-mas-de-20-en-junio-y-acumulo-siete-meses-en-baja\/","title":{"rendered":"La industria pyme cay\u00f3 m\u00e1s de 20% en junio y acumul\u00f3 siete meses en baja"},"content":{"rendered":"\n<p class=\"has-medium-font-size\"><strong><em>El primer semestre cerr\u00f3 con un desplome del 19,2%, seg\u00fan el informe de CAME. Aunque en el sexto mes del a\u00f1o los costos y los precios se mantuvieron m\u00e1s estables, no alcanz\u00f3 para incentivar la demanda.<\/em><\/strong><\/p>\n\n\n<div class=\"wp-block-image\">\n<figure class=\"aligncenter size-full\"><img decoding=\"async\" loading=\"lazy\" width=\"600\" height=\"400\" src=\"https:\/\/notinor.com\/jujuy\/wp-content\/uploads\/2024\/07\/b-3.jpg\" alt=\"\" class=\"wp-image-412168\" srcset=\"https:\/\/notinor.com\/jujuy\/wp-content\/uploads\/2024\/07\/b-3.jpg 600w, https:\/\/notinor.com\/jujuy\/wp-content\/uploads\/2024\/07\/b-3-548x365.jpg 548w\" sizes=\"(max-width: 600px) 100vw, 600px\" \/><figcaption class=\"wp-element-caption\">PyME<\/figcaption><\/figure><\/div>\n\n\n<p><strong>En un contexto de fuerte ca\u00edda de la demanda, como consecuencia de la p\u00e9rdida del poder adquisitivo, la actividad industrial pyme se redujo -20,4% en junio respecto del mismo mes de 2023 y acumul\u00f3 siete meses en baja. <\/strong>As\u00ed, la producci\u00f3n manufacturera cerr\u00f3 el primer semestre con un desplome del -19,2%, seg\u00fan la Confederaci\u00f3n Argentina de la Peque\u00f1a y Mediana Empresa (Came).<\/p>\n\n\n\n<p><strong>De los \u00faltimos 12 meses, la actividad de la industria pyme solo creci\u00f3 en dos y parece no encontrar piso.<\/strong> En junio, en comparaci\u00f3n con mayo, la ca\u00edda fue del -3,1%. El informe de Came indic\u00f3 que en el sexto mes del a\u00f1o se destac\u00f3 que \u201cel uso de la capacidad instalada descendi\u00f3 m\u00e1s de 10 puntos porcentuales\u201d, alcanzando apenas 60,1%. Esto significa que cuatro de cada diez m\u00e1quinas est\u00e1n sin uso.<\/p>\n\n\n\n<blockquote class=\"wp-block-quote\">\n<p>\u201cEste cambio refleja la compleja coyuntura que atraviesa el sector. Si bien este mes se mantuvo con costos y precios m\u00e1s estables, no alcanz\u00f3 para despertar una demanda que refleja la ca\u00edda en el poder adquisitivo de las familias\u201d, analiz\u00f3 el documento.<\/p>\n<\/blockquote>\n\n\n\n<p>Los datos coinciden con los informes conocidos la semana pasada. <strong>Seg\u00fan la Asociaci\u00f3n de Industriales Metal\u00fargicos (Adimra), la producci\u00f3n metal\u00fargica cay\u00f3 -17,3% en junio, la mayor baja en los \u00faltimos cuatro a\u00f1os para ese mes, mientras que un relevamiento de la C\u00e1mara de la Peque\u00f1a y Mediana Industria Metal\u00fargica (Camima) se\u00f1al\u00f3 que se contrajo -16,5% interanual en el sexto mes del a\u00f1o, con un acumulado del -11% en el primer semestre.<\/strong><\/p>\n\n\n\n<p>Por su parte, la Uni\u00f3n Industrial Argentina (UIA) adelant\u00f3 que seg\u00fan los datos provisorios, el sexto mes tambi\u00e9n fue negativo para la actividad industrial en general.<\/p>\n\n\n\n<p>Adem\u00e1s del an\u00e1lisis de los datos duros, Came realiz\u00f3 una encuesta entre empresarios que revel\u00f3 que el 35,6% espera en el corto plazo una reducci\u00f3n de impuestos, mientras que otro 14,6% mencion\u00f3 la flexibilizaci\u00f3n laboral. \u201cSe tratan ambas de pol\u00edticas que permitir\u00edan reducir los costos y mejorar la rentabilidad\u201d, indic\u00f3. En la lista de prioridades, el tercer lugar lo comparten el est\u00edmulo a la demanda interna y los cr\u00e9ditos blandos.<\/p>\n\n\n\n<p><strong>Respecto de las problem\u00e1ticas y desaf\u00edos, el 43,4% de los encuestados hizo referencia a la falta de ventas; un 34,9%, los altos costos de producci\u00f3n y log\u00edstica, y un 11,1%, las dificultades de acceso al cr\u00e9dito.<\/strong><\/p>\n\n\n\n<p>Para hacer frente al complejo contexto actual, en los \u00faltimos seis meses, el 37,7% de las empresas redujo gastos operativos; el 22,6%, diversific\u00f3 los productos, y un 20,7% redujo las horas laborales.<\/p>\n","protected":false},"excerpt":{"rendered":"<p>El primer semestre cerr\u00f3 con un desplome del 19,2%, seg\u00fan el informe de CAME. Aunque en el sexto mes del a\u00f1o los costos y los precios se mantuvieron m\u00e1s estables, no alcanz\u00f3 para incentivar la demanda. En un contexto de fuerte ca\u00edda de la demanda, como consecuencia de la p\u00e9rdida del poder adquisitivo, la actividad [&hellip;]<\/p>\n","protected":false},"author":53,"featured_media":412168,"comment_status":"open","ping_status":"open","sticky":false,"template":"","format":"standard","meta":{"_stopmodifiedupdate":false,"_modified_date":"","inline_featured_image":false,"spay_email":"","jetpack_publicize_message":""},"categories":[2,5],"tags":[],"jetpack_featured_media_url":"https:\/\/notinor.com\/jujuy\/wp-content\/uploads\/2024\/07\/b-3.jpg","jetpack_publicize_connections":[],"_links":{"self":[{"href":"https:\/\/notinor.com\/jujuy\/wp-json\/wp\/v2\/posts\/412162"}],"collection":[{"href":"https:\/\/notinor.com\/jujuy\/wp-json\/wp\/v2\/posts"}],"about":[{"href":"https:\/\/notinor.com\/jujuy\/wp-json\/wp\/v2\/types\/post"}],"author":[{"embeddable":true,"href":"https:\/\/notinor.com\/jujuy\/wp-json\/wp\/v2\/users\/53"}],"replies":[{"embeddable":true,"href":"https:\/\/notinor.com\/jujuy\/wp-json\/wp\/v2\/comments?post=412162"}],"version-history":[{"count":1,"href":"https:\/\/notinor.com\/jujuy\/wp-json\/wp\/v2\/posts\/412162\/revisions"}],"predecessor-version":[{"id":412170,"href":"https:\/\/notinor.com\/jujuy\/wp-json\/wp\/v2\/posts\/412162\/revisions\/412170"}],"wp:featuredmedia":[{"embeddable":true,"href":"https:\/\/notinor.com\/jujuy\/wp-json\/wp\/v2\/media\/412168"}],"wp:attachment":[{"href":"https:\/\/notinor.com\/jujuy\/wp-json\/wp\/v2\/media?parent=412162"}],"wp:term":[{"taxonomy":"category","embeddable":true,"href":"https:\/\/notinor.com\/jujuy\/wp-json\/wp\/v2\/categories?post=412162"},{"taxonomy":"post_tag","embeddable":true,"href":"https:\/\/notinor.com\/jujuy\/wp-json\/wp\/v2\/tags?post=412162"}],"curies":[{"name":"wp","href":"https:\/\/api.w.org\/{rel}","templated":true}]}}