{"id":412141,"date":"2024-07-22T08:45:09","date_gmt":"2024-07-22T11:45:09","guid":{"rendered":"https:\/\/notinor.com\/jujuy\/?p=412141"},"modified":"2024-07-22T08:45:11","modified_gmt":"2024-07-22T11:45:11","slug":"sadir-junto-al-pueblo-de-el-carmen-honro-a-su-virgen","status":"publish","type":"post","link":"https:\/\/notinor.com\/jujuy\/sadir-junto-al-pueblo-de-el-carmen-honro-a-su-virgen\/","title":{"rendered":"Sadir, junto al pueblo de El Carmen honr\u00f3 a su Virgen"},"content":{"rendered":"\n<p class=\"has-medium-font-size\"><em><strong>El mandatario provincial encabez\u00f3 el acto en honra a la Virgen del Carmen en la plaza central, tambi\u00e9n acompa\u00f1\u00f3 la tradicional procesi\u00f3n por las calles carmenses.<\/strong><\/em><\/p>\n\n\n<div class=\"wp-block-image\">\n<figure class=\"aligncenter size-large\"><img decoding=\"async\" loading=\"lazy\" width=\"840\" height=\"473\" src=\"https:\/\/notinor.com\/jujuy\/wp-content\/uploads\/2024\/07\/img-20240721-wa0046-1jpg-840x473.webp\" alt=\"\" class=\"wp-image-412142\" srcset=\"https:\/\/notinor.com\/jujuy\/wp-content\/uploads\/2024\/07\/img-20240721-wa0046-1jpg-840x473.webp 840w, https:\/\/notinor.com\/jujuy\/wp-content\/uploads\/2024\/07\/img-20240721-wa0046-1jpg-649x365.webp 649w, https:\/\/notinor.com\/jujuy\/wp-content\/uploads\/2024\/07\/img-20240721-wa0046-1jpg-768x432.webp 768w, https:\/\/notinor.com\/jujuy\/wp-content\/uploads\/2024\/07\/img-20240721-wa0046-1jpg-750x422.webp 750w, https:\/\/notinor.com\/jujuy\/wp-content\/uploads\/2024\/07\/img-20240721-wa0046-1jpg-1140x641.webp 1140w, https:\/\/notinor.com\/jujuy\/wp-content\/uploads\/2024\/07\/img-20240721-wa0046-1jpg.webp 1200w\" sizes=\"(max-width: 840px) 100vw, 840px\" \/><figcaption class=\"wp-element-caption\">Carlos Sadir<\/figcaption><\/figure><\/div>\n\n\n<p>El Carmen prosigue con los eventos culturales en honor a la Virgen del Carmen, patrona del lugar, siendo este domingo su octava jornada religiosa.<strong> En ese sentido, el gobernador Carlos Sadir, se mostr\u00f3 muy contento de participar de las fiestas patronales.<\/strong><\/p>\n\n\n\n<p><strong>Asimismo, transmiti\u00f3 su acompa\u00f1amiento y predisposici\u00f3n, \u201ccuenten con el gobierno para realizar obras para el pueblo\u201d, dijo. <\/strong>Luego pidi\u00f3 a la Patrona protecci\u00f3n para los vecinos, \u201cque la Virgen proteja a la gente y brinde paz y amor\u201d, cerr\u00f3 Sadir.<\/p>\n\n\n\n<blockquote class=\"wp-block-quote\">\n<p>Por su parte, el intendente V\u00edctor Gonz\u00e1lez agradeci\u00f3 la presencia y el acompa\u00f1amiento por parte del Gobernador de la Provincia. \u201cEsta fiesta patronal es muy significativa y con un sentido muy especial\u201d, complet\u00f3. <\/p>\n<\/blockquote>\n\n\n\n<p>Participaron de las actividades, autoridades provinciales, autoridades del Ejecutivo municipal, legisladores, agrupaciones gauchescas, instituciones sociales y pueblo en general.<\/p>\n","protected":false},"excerpt":{"rendered":"<p>El mandatario provincial encabez\u00f3 el acto en honra a la Virgen del Carmen en la plaza central, tambi\u00e9n acompa\u00f1\u00f3 la tradicional procesi\u00f3n por las calles carmenses. El Carmen prosigue con los eventos culturales en honor a la Virgen del Carmen, patrona del lugar, siendo este domingo su octava jornada religiosa. En ese sentido, el gobernador [&hellip;]<\/p>\n","protected":false},"author":53,"featured_media":412142,"comment_status":"open","ping_status":"open","sticky":false,"template":"","format":"standard","meta":{"_stopmodifiedupdate":false,"_modified_date":"","inline_featured_image":false,"spay_email":"","jetpack_publicize_message":""},"categories":[2,4],"tags":[],"jetpack_featured_media_url":"https:\/\/notinor.com\/jujuy\/wp-content\/uploads\/2024\/07\/img-20240721-wa0046-1jpg.webp","jetpack_publicize_connections":[],"_links":{"self":[{"href":"https:\/\/notinor.com\/jujuy\/wp-json\/wp\/v2\/posts\/412141"}],"collection":[{"href":"https:\/\/notinor.com\/jujuy\/wp-json\/wp\/v2\/posts"}],"about":[{"href":"https:\/\/notinor.com\/jujuy\/wp-json\/wp\/v2\/types\/post"}],"author":[{"embeddable":true,"href":"https:\/\/notinor.com\/jujuy\/wp-json\/wp\/v2\/users\/53"}],"replies":[{"embeddable":true,"href":"https:\/\/notinor.com\/jujuy\/wp-json\/wp\/v2\/comments?post=412141"}],"version-history":[{"count":1,"href":"https:\/\/notinor.com\/jujuy\/wp-json\/wp\/v2\/posts\/412141\/revisions"}],"predecessor-version":[{"id":412143,"href":"https:\/\/notinor.com\/jujuy\/wp-json\/wp\/v2\/posts\/412141\/revisions\/412143"}],"wp:featuredmedia":[{"embeddable":true,"href":"https:\/\/notinor.com\/jujuy\/wp-json\/wp\/v2\/media\/412142"}],"wp:attachment":[{"href":"https:\/\/notinor.com\/jujuy\/wp-json\/wp\/v2\/media?parent=412141"}],"wp:term":[{"taxonomy":"category","embeddable":true,"href":"https:\/\/notinor.com\/jujuy\/wp-json\/wp\/v2\/categories?post=412141"},{"taxonomy":"post_tag","embeddable":true,"href":"https:\/\/notinor.com\/jujuy\/wp-json\/wp\/v2\/tags?post=412141"}],"curies":[{"name":"wp","href":"https:\/\/api.w.org\/{rel}","templated":true}]}}