{"id":412126,"date":"2024-07-21T20:57:53","date_gmt":"2024-07-21T23:57:53","guid":{"rendered":"https:\/\/notinor.com\/jujuy\/?p=412126"},"modified":"2024-07-21T20:57:54","modified_gmt":"2024-07-21T23:57:54","slug":"perico-y-el-carmen-confirmaron-su-presencia-en-la-expojuy-2024","status":"publish","type":"post","link":"https:\/\/notinor.com\/jujuy\/perico-y-el-carmen-confirmaron-su-presencia-en-la-expojuy-2024\/","title":{"rendered":"Perico y El Carmen confirmaron su presencia en\u00a0la Expojuy 2024"},"content":{"rendered":"\n<p class=\"has-medium-font-size\"><strong><em>Los Intendentes de Perico y el Carmen confirmaron la participaci\u00f3n de sus comunas en la 16\u00b0 edici\u00f3n de la Expojuy 2024 que se llevar\u00e1 a cabo desde el 11 al 20 de octubre pr\u00f3ximo en el predio de la Ciudad Cultural bajo el slogan \u201cSomos potencia, desarrollo y futuro\u201d.<\/em><\/strong><\/p>\n\n\n\n<p><\/p>\n\n\n<div class=\"wp-block-image\">\n<figure class=\"aligncenter size-full\"><img decoding=\"async\" loading=\"lazy\" width=\"800\" height=\"450\" src=\"https:\/\/notinor.com\/jujuy\/wp-content\/uploads\/2024\/07\/expojuy-2024.jpg\" alt=\"\" class=\"wp-image-412127\" srcset=\"https:\/\/notinor.com\/jujuy\/wp-content\/uploads\/2024\/07\/expojuy-2024.jpg 800w, https:\/\/notinor.com\/jujuy\/wp-content\/uploads\/2024\/07\/expojuy-2024-649x365.jpg 649w, https:\/\/notinor.com\/jujuy\/wp-content\/uploads\/2024\/07\/expojuy-2024-500x280.jpg 500w, https:\/\/notinor.com\/jujuy\/wp-content\/uploads\/2024\/07\/expojuy-2024-768x432.jpg 768w, https:\/\/notinor.com\/jujuy\/wp-content\/uploads\/2024\/07\/expojuy-2024-750x422.jpg 750w\" sizes=\"(max-width: 800px) 100vw, 800px\" \/><\/figure><\/div>\n\n\n<p><\/p>\n\n\n\n<p><strong>El anuncio fue realizado este viernes durante el lanzamiento y promoci\u00f3n de la mega muestra multisectorial organizada por la C\u00e1mara de Comercio Exterior de Jujuy<\/strong> en el quincho de la Cooperativa de Tabacaleros de Jujuy en ciudad Perico.<\/p>\n\n\n\n<p>En la oportunidad los Intendentes Rolando Ficoseco y V\u00edctor Hugo Gonz\u00e1lez, destacaron la importancia de la Expojuy para la promoci\u00f3n de la provincia y en particular para la regi\u00f3n productiva y tur\u00edstica de los Valles.<\/p>\n\n\n\n<p><strong>En este sentido aprovecharon la oportunidad para confirmar la participaci\u00f3n de sus comunas e instar a las otras del departamento el Carmen a participar en conjunto como la regi\u00f3n de los Valles para mostrar el potencial productivo, comercial, tur\u00edstico y cultural<\/strong> de esta importante regi\u00f3n de la provincia.<\/p>\n\n\n\n<p>Por su parte el Presidente de la C\u00e1mara de Comercio Exterior de Jujuy, Jorge Gurrieri, se mostr\u00f3 muy agradecido por el apoyo de las comunas, <strong>destac\u00f3 el potencial de los Valles y los felicit\u00f3 por la gesti\u00f3n que llevan adelante impulsando la producci\u00f3n y generando trabajo para todos los juje\u00f1os.<\/strong><\/p>\n\n\n\n<p><strong>Tambi\u00e9n reiter\u00f3 su agradecimiento al Gobierno de la provincia por el apoyo a la organizaci\u00f3n de la muestra <\/strong>y adelant\u00f3 que durante el mes de agosto continuar\u00e1n con la promoci\u00f3n de la Expojuy en las otras regiones de la provincia y tambi\u00e9n en el \u00e1mbito nacional realizando presentaciones en C\u00f3rdoba, G\u00fcemes y Salta Capital.<\/p>\n\n\n\n<p><strong>El lanzamiento de la Expojuy en la ciudad tabacalera fue encabezada por los Intendentes Rolando Ficoseco y V\u00edctor Hugo Gonz\u00e1lez, <\/strong>acompa\u00f1ados por el Jefe de Gabinete Javier Giubergia y el Secretario de Producci\u00f3n e Industria de Perico, Martin Miguel Llanos, el Presidente de la C\u00e1mara de Comercio Exterior de Jujuy, Jorge Gurrieri, el Director General de Industria y Comercio de la Provincia, Jos\u00e9 Pugliese, y el Vicepresidente de la Cooperativa de Tabacaleros de Jujuy, Daniel Fascio.<\/p>\n\n\n\n<p>Participaron de la presentaci\u00f3n: los secretarios y directores de producci\u00f3n de las comunas del departamentos el Carmen y San Antonio, Concejales, directores de la Secretaria de Produccion e Industria de Perico, autoridades de las &nbsp;instituciones tabacaleras, &nbsp;del Consorcio de Empresarios del Parque Industrial de Perico, y del Parque Industrial de G\u00fcemes - Salta, representantes del sector agrometalmec\u00e1nico, de la AER INTA Perico, Asociaci\u00f3n de T\u00e9cnicos de Jujuy, consultores econ\u00f3micos, productores, Fundaci\u00f3n Pro jujuy Agropecuario, directivos de la Agrot\u00e9cnica Hueda, Estudiantes de Ingenier\u00eda, empresarios e industriales de la regi\u00f3n Valles de los Pericos.<\/p>\n","protected":false},"excerpt":{"rendered":"<p>Los Intendentes de Perico y el Carmen confirmaron la participaci\u00f3n de sus comunas en la 16\u00b0 edici\u00f3n de la Expojuy 2024 que se llevar\u00e1 a cabo desde el 11 al 20 de octubre pr\u00f3ximo en el predio de la Ciudad Cultural bajo el slogan \u201cSomos potencia, desarrollo y futuro\u201d. El anuncio fue realizado este viernes [&hellip;]<\/p>\n","protected":false},"author":49,"featured_media":412127,"comment_status":"open","ping_status":"open","sticky":false,"template":"","format":"standard","meta":{"_stopmodifiedupdate":false,"_modified_date":"","inline_featured_image":false,"spay_email":"","jetpack_publicize_message":""},"categories":[2,4,2542],"tags":[],"jetpack_featured_media_url":"https:\/\/notinor.com\/jujuy\/wp-content\/uploads\/2024\/07\/expojuy-2024.jpg","jetpack_publicize_connections":[],"_links":{"self":[{"href":"https:\/\/notinor.com\/jujuy\/wp-json\/wp\/v2\/posts\/412126"}],"collection":[{"href":"https:\/\/notinor.com\/jujuy\/wp-json\/wp\/v2\/posts"}],"about":[{"href":"https:\/\/notinor.com\/jujuy\/wp-json\/wp\/v2\/types\/post"}],"author":[{"embeddable":true,"href":"https:\/\/notinor.com\/jujuy\/wp-json\/wp\/v2\/users\/49"}],"replies":[{"embeddable":true,"href":"https:\/\/notinor.com\/jujuy\/wp-json\/wp\/v2\/comments?post=412126"}],"version-history":[{"count":1,"href":"https:\/\/notinor.com\/jujuy\/wp-json\/wp\/v2\/posts\/412126\/revisions"}],"predecessor-version":[{"id":412128,"href":"https:\/\/notinor.com\/jujuy\/wp-json\/wp\/v2\/posts\/412126\/revisions\/412128"}],"wp:featuredmedia":[{"embeddable":true,"href":"https:\/\/notinor.com\/jujuy\/wp-json\/wp\/v2\/media\/412127"}],"wp:attachment":[{"href":"https:\/\/notinor.com\/jujuy\/wp-json\/wp\/v2\/media?parent=412126"}],"wp:term":[{"taxonomy":"category","embeddable":true,"href":"https:\/\/notinor.com\/jujuy\/wp-json\/wp\/v2\/categories?post=412126"},{"taxonomy":"post_tag","embeddable":true,"href":"https:\/\/notinor.com\/jujuy\/wp-json\/wp\/v2\/tags?post=412126"}],"curies":[{"name":"wp","href":"https:\/\/api.w.org\/{rel}","templated":true}]}}