{"id":412123,"date":"2024-07-21T20:38:52","date_gmt":"2024-07-21T23:38:52","guid":{"rendered":"https:\/\/notinor.com\/jujuy\/?p=412123"},"modified":"2024-07-21T20:38:54","modified_gmt":"2024-07-21T23:38:54","slug":"reunion-entre-el-intendente-jorge-y-miembros-de-la-camara-jujena-de-la-construccion-para-reactivar-el-sector","status":"publish","type":"post","link":"https:\/\/notinor.com\/jujuy\/reunion-entre-el-intendente-jorge-y-miembros-de-la-camara-jujena-de-la-construccion-para-reactivar-el-sector\/","title":{"rendered":"Reuni\u00f3n entre el intendente Jorge y miembros de la C\u00e1mara Juje\u00f1a de la Construcci\u00f3n para reactivar el sector"},"content":{"rendered":"\n<p class=\"has-medium-font-size\"><strong><em>En una reuni\u00f3n el Intendente Ra\u00fal \u201cChuli\u201d Jorge; Nicol\u00e1s Benicio, presidente de la C\u00e1mara Juje\u00f1a de la Construcci\u00f3n; el presidente del Concejo Deliberante y Roberto Forbice, discutieron planes estrat\u00e9gicos para la ejecuci\u00f3n de proyectos de infraestructura financiados por la incipiente recaudaci\u00f3n de la \u201cTasa Vial\u201d.<\/em><\/strong><\/p>\n\n\n\n<p><\/p>\n\n\n<div class=\"wp-block-image\">\n<figure class=\"aligncenter size-full\"><img decoding=\"async\" loading=\"lazy\" width=\"800\" height=\"450\" src=\"https:\/\/notinor.com\/jujuy\/wp-content\/uploads\/2024\/07\/camara-jujena-de-construccion.jpg\" alt=\"\" class=\"wp-image-412124\" srcset=\"https:\/\/notinor.com\/jujuy\/wp-content\/uploads\/2024\/07\/camara-jujena-de-construccion.jpg 800w, https:\/\/notinor.com\/jujuy\/wp-content\/uploads\/2024\/07\/camara-jujena-de-construccion-649x365.jpg 649w, https:\/\/notinor.com\/jujuy\/wp-content\/uploads\/2024\/07\/camara-jujena-de-construccion-500x280.jpg 500w, https:\/\/notinor.com\/jujuy\/wp-content\/uploads\/2024\/07\/camara-jujena-de-construccion-768x432.jpg 768w, https:\/\/notinor.com\/jujuy\/wp-content\/uploads\/2024\/07\/camara-jujena-de-construccion-750x422.jpg 750w\" sizes=\"(max-width: 800px) 100vw, 800px\" \/><\/figure><\/div>\n\n\n<p><\/p>\n\n\n\n<p>Este encuentro marca un paso significativo en la reactivaci\u00f3n del sector de la construcci\u00f3n, que ha enfrentado serias dificultades debido a la paralizaci\u00f3n de la obra p\u00fablica a nivel nacional.<\/p>\n\n\n\n<p>Respecto a la tem\u00e1tica el intendente expres\u00f3,<strong> \u201cfundamentalmente dialogamos sobre varios temas que tienen que ver con la posibilidad de reactivaci\u00f3n del sector\u201d, <\/strong>afirm\u00f3 Jorge. \u201cEspecialmente, hablamos de un recurso que la municipalidad piensa implementar despu\u00e9s del 25 de julio, que es el d\u00eda que vamos a tener la recaudaci\u00f3n de la \u2018Tasa Vial\u2019. Este recurso abrir\u00e1 posibilidades para concursos y licitaciones de pavimento o repavimentaci\u00f3n de distintas obras, para lo cual hemos pedido a la C\u00e1mara que forme parte con el objeto de monitorear todo lo que se va a hacer con esto\u201d.<\/p>\n\n\n\n<p>Jorge tambi\u00e9n destac\u00f3 la naturaleza proactiva de esta iniciativa, se\u00f1alando que es una <strong>\u201calternativa solidaria para el sector de la construcci\u00f3n que est\u00e1 muy golpeado, que est\u00e1 paralizado en su gran mayor\u00eda con la obra p\u00fablica nacional, provincial y en este caso municipal, y que de alguna manera posibilita una alternativa, para que pueda reactivarse todo este sector\u201d.<\/strong><\/p>\n\n\n\n<p>Por su parte, Nicol\u00e1s Benicio consider\u00f3 la reuni\u00f3n como \u201cmuy fruct\u00edfera\u201d, destacando el inter\u00e9s en c\u00f3mo se implementar\u00e1 la nueva recaudaci\u00f3n, \u201cnos interesa mucho que las empresas asociadas puedan participar en este tipo de obras, ya que venimos con una baja de trabajo importante\u201d, expres\u00f3 Benicio.<\/p>\n\n\n\n<p>El presidente de la C\u00e1mara Juje\u00f1a de la Construcci\u00f3n tambi\u00e9n resalt\u00f3 los beneficios colaterales de los proyectos de infraestructura, <strong>\u201ces un tema importante en cuanto al trabajo, y en conocer un poco c\u00f3mo va a ser la planificaci\u00f3n de obras que hay, debido a que tenemos mucho por hacer en nuestro municipio\u201d. <\/strong>Adem\u00e1s, remarc\u00f3 que estas obras no solo beneficiar\u00e1n a las empresas y trabajadores del sector, sino que tambi\u00e9n servir\u00e1n como un \u201cmultiplicador de la econom\u00eda\u201d, generando un movimiento econ\u00f3mico significativo en la ciudad.<\/p>\n\n\n\n<p>Tambi\u00e9n estuvieron presentes en la reuni\u00f3n el presidente del Concejo Deliberante, Lisandro Aguiar y el ingeniero Roberto Forbice.<\/p>\n","protected":false},"excerpt":{"rendered":"<p>En una reuni\u00f3n el Intendente Ra\u00fal \u201cChuli\u201d Jorge; Nicol\u00e1s Benicio, presidente de la C\u00e1mara Juje\u00f1a de la Construcci\u00f3n; el presidente del Concejo Deliberante y Roberto Forbice, discutieron planes estrat\u00e9gicos para la ejecuci\u00f3n de proyectos de infraestructura financiados por la incipiente recaudaci\u00f3n de la \u201cTasa Vial\u201d. Este encuentro marca un paso significativo en la reactivaci\u00f3n del [&hellip;]<\/p>\n","protected":false},"author":49,"featured_media":412124,"comment_status":"open","ping_status":"open","sticky":false,"template":"","format":"standard","meta":{"_stopmodifiedupdate":false,"_modified_date":"","inline_featured_image":false,"spay_email":"","jetpack_publicize_message":""},"categories":[2,514],"tags":[],"jetpack_featured_media_url":"https:\/\/notinor.com\/jujuy\/wp-content\/uploads\/2024\/07\/camara-jujena-de-construccion.jpg","jetpack_publicize_connections":[],"_links":{"self":[{"href":"https:\/\/notinor.com\/jujuy\/wp-json\/wp\/v2\/posts\/412123"}],"collection":[{"href":"https:\/\/notinor.com\/jujuy\/wp-json\/wp\/v2\/posts"}],"about":[{"href":"https:\/\/notinor.com\/jujuy\/wp-json\/wp\/v2\/types\/post"}],"author":[{"embeddable":true,"href":"https:\/\/notinor.com\/jujuy\/wp-json\/wp\/v2\/users\/49"}],"replies":[{"embeddable":true,"href":"https:\/\/notinor.com\/jujuy\/wp-json\/wp\/v2\/comments?post=412123"}],"version-history":[{"count":1,"href":"https:\/\/notinor.com\/jujuy\/wp-json\/wp\/v2\/posts\/412123\/revisions"}],"predecessor-version":[{"id":412125,"href":"https:\/\/notinor.com\/jujuy\/wp-json\/wp\/v2\/posts\/412123\/revisions\/412125"}],"wp:featuredmedia":[{"embeddable":true,"href":"https:\/\/notinor.com\/jujuy\/wp-json\/wp\/v2\/media\/412124"}],"wp:attachment":[{"href":"https:\/\/notinor.com\/jujuy\/wp-json\/wp\/v2\/media?parent=412123"}],"wp:term":[{"taxonomy":"category","embeddable":true,"href":"https:\/\/notinor.com\/jujuy\/wp-json\/wp\/v2\/categories?post=412123"},{"taxonomy":"post_tag","embeddable":true,"href":"https:\/\/notinor.com\/jujuy\/wp-json\/wp\/v2\/tags?post=412123"}],"curies":[{"name":"wp","href":"https:\/\/api.w.org\/{rel}","templated":true}]}}