{"id":411809,"date":"2024-07-16T08:00:00","date_gmt":"2024-07-16T11:00:00","guid":{"rendered":"https:\/\/notinor.com\/jujuy\/?p=411809"},"modified":"2024-07-15T20:35:54","modified_gmt":"2024-07-15T23:35:54","slug":"la-falta-de-lluvias-impediria-lograr-el-record-de-siembra-en-trigo","status":"publish","type":"post","link":"https:\/\/notinor.com\/jujuy\/la-falta-de-lluvias-impediria-lograr-el-record-de-siembra-en-trigo\/","title":{"rendered":"La falta de lluvias impedir\u00eda lograr el r\u00e9cord de siembra en trigo"},"content":{"rendered":"\n<p class=\"has-medium-font-size\"><strong><em>Hace un mes se estimaban un \u00e1rea de intenci\u00f3n de 6,92 millones de hect\u00e1reas, pero un junio con pocas lluvias y su continuidad con un julio seco, acortar\u00edan la posibilidad de siembra de muchos productores, por lo que se espera una reducci\u00f3n de 200.000 hect\u00e1reas sobre esta estimaci\u00f3n.<\/em><\/strong><\/p>\n\n\n<div class=\"wp-block-image\">\n<figure class=\"aligncenter size-large\"><img decoding=\"async\" loading=\"lazy\" width=\"840\" height=\"473\" src=\"https:\/\/notinor.com\/jujuy\/wp-content\/uploads\/2024\/07\/trigo-8-840x473.jpg\" alt=\"\" class=\"wp-image-411813\" srcset=\"https:\/\/notinor.com\/jujuy\/wp-content\/uploads\/2024\/07\/trigo-8-840x473.jpg 840w, https:\/\/notinor.com\/jujuy\/wp-content\/uploads\/2024\/07\/trigo-8-649x365.jpg 649w, https:\/\/notinor.com\/jujuy\/wp-content\/uploads\/2024\/07\/trigo-8-768x432.jpg 768w, https:\/\/notinor.com\/jujuy\/wp-content\/uploads\/2024\/07\/trigo-8-750x422.jpg 750w, https:\/\/notinor.com\/jujuy\/wp-content\/uploads\/2024\/07\/trigo-8.jpg 1024w\" sizes=\"(max-width: 840px) 100vw, 840px\" \/><figcaption class=\"wp-element-caption\">Trigo<\/figcaption><\/figure><\/div>\n\n\n<p>Exceptuando Buenos Aires en el final del mes pasado, julio sigue la misma tendencia, de dejar pocas precipitaciones sobre la gran \u00e1rea de siembra del cereal. Y no hay pron\u00f3sticos de agua hasta el 20 de julio.<\/p>\n\n\n\n<p>Con un casi el 90% de la siembra triguera realizada seg\u00fan los datos que refleja el \u00faltimo relevamiento de la Bolsa de Comercio de Rosario, y labores de implantaci\u00f3n que siguen en Buenos Aires y La Pampa, y una ventana de siembra que da m\u00e1s tiempo en estas regiones, \u201chemos descontado 200.000 ha a la siembra triguera 2024\/25. <\/p>\n\n\n\n<p><strong>En detalle, se han restado 80.000 ha en el NO bonaerense, 20.000 ha en La Pampa, 50.000 ha en Santa Fe y 50.000 ha en Entre R\u00edos siguiendo las estimaciones del SIBER de la Bolsa de Cereales de Entre R\u00edos<\/strong>. De concretarse el \u00e1rea estimada, implicar\u00eda una superficie 22% superior a la del a\u00f1o pasado\u201d, precis\u00f3 la entidad.<\/p>\n\n\n\n<blockquote class=\"wp-block-quote\">\n<p>Con esa superficie, descontando un \u00e1rea no cosechada de 200.000 ha y un rinde promedio, el volumen proyectado ser\u00eda de 20,5 Mt.<\/p>\n<\/blockquote>\n\n\n\n<p>Desde la Bolsa se\u00f1alaron que <strong>este invierno podr\u00eda superar las anomal\u00edas negativas de todo el invierno del 2007 y terminar siendo el segundo m\u00e1s fr\u00edo de la historia documentada en Argentina (\u00faltimos 60 a\u00f1os), luego del r\u00e9cord de 1984.<\/strong><\/p>\n\n\n\n<p>Sobre el estado de situaci\u00f3n del cereal, destaca el reporte que \u201cel trigo ven\u00eda creciendo bajo muy buenas condiciones, pero con las heladas de la \u00faltima semana empieza a haber lotes afectados por las bajas temperaturas. M\u00e1s all\u00e1 del quemado en hojas, empieza a observarse p\u00e9rdidas de pl\u00e1ntulas\u201d.<\/p>\n\n\n\n<p>Invierno riguroso: \u00bfjaque a la chicharrita?<br>Hace un a\u00f1o faltaba por levantar m\u00e1s del 40% del ma\u00edz, hoy menos del 25%. Las condiciones fr\u00edas y secas y la estrategia de adelantar la cosecha para evitar mayores p\u00e9rdidas en zonas afectadas por la chicharrita, han acelerado significativamente la trilla argentina maicera de este ciclo.<\/p>\n","protected":false},"excerpt":{"rendered":"<p>Hace un mes se estimaban un \u00e1rea de intenci\u00f3n de 6,92 millones de hect\u00e1reas, pero un junio con pocas lluvias y su continuidad con un julio seco, acortar\u00edan la posibilidad de siembra de muchos productores, por lo que se espera una reducci\u00f3n de 200.000 hect\u00e1reas sobre esta estimaci\u00f3n. Exceptuando Buenos Aires en el final del [&hellip;]<\/p>\n","protected":false},"author":53,"featured_media":411813,"comment_status":"open","ping_status":"open","sticky":false,"template":"","format":"standard","meta":{"_stopmodifiedupdate":false,"_modified_date":"","inline_featured_image":false,"spay_email":"","jetpack_publicize_message":""},"categories":[2542],"tags":[],"jetpack_featured_media_url":"https:\/\/notinor.com\/jujuy\/wp-content\/uploads\/2024\/07\/trigo-8.jpg","jetpack_publicize_connections":[],"_links":{"self":[{"href":"https:\/\/notinor.com\/jujuy\/wp-json\/wp\/v2\/posts\/411809"}],"collection":[{"href":"https:\/\/notinor.com\/jujuy\/wp-json\/wp\/v2\/posts"}],"about":[{"href":"https:\/\/notinor.com\/jujuy\/wp-json\/wp\/v2\/types\/post"}],"author":[{"embeddable":true,"href":"https:\/\/notinor.com\/jujuy\/wp-json\/wp\/v2\/users\/53"}],"replies":[{"embeddable":true,"href":"https:\/\/notinor.com\/jujuy\/wp-json\/wp\/v2\/comments?post=411809"}],"version-history":[{"count":1,"href":"https:\/\/notinor.com\/jujuy\/wp-json\/wp\/v2\/posts\/411809\/revisions"}],"predecessor-version":[{"id":411814,"href":"https:\/\/notinor.com\/jujuy\/wp-json\/wp\/v2\/posts\/411809\/revisions\/411814"}],"wp:featuredmedia":[{"embeddable":true,"href":"https:\/\/notinor.com\/jujuy\/wp-json\/wp\/v2\/media\/411813"}],"wp:attachment":[{"href":"https:\/\/notinor.com\/jujuy\/wp-json\/wp\/v2\/media?parent=411809"}],"wp:term":[{"taxonomy":"category","embeddable":true,"href":"https:\/\/notinor.com\/jujuy\/wp-json\/wp\/v2\/categories?post=411809"},{"taxonomy":"post_tag","embeddable":true,"href":"https:\/\/notinor.com\/jujuy\/wp-json\/wp\/v2\/tags?post=411809"}],"curies":[{"name":"wp","href":"https:\/\/api.w.org\/{rel}","templated":true}]}}