{"id":411464,"date":"2024-07-08T21:31:00","date_gmt":"2024-07-09T00:31:00","guid":{"rendered":"https:\/\/notinor.com\/jujuy\/?p=411464"},"modified":"2024-07-08T09:31:19","modified_gmt":"2024-07-08T09:31:19","slug":"concejales-se-reunieron-con-la-nueva-directora-municipal-de-rentas","status":"publish","type":"post","link":"https:\/\/notinor.com\/jujuy\/concejales-se-reunieron-con-la-nueva-directora-municipal-de-rentas\/","title":{"rendered":"Concejales se reunieron con la nueva Directora Municipal de Rentas"},"content":{"rendered":"\n<p class=\"has-medium-font-size\"><strong><em>Ediles capitalinos se reunieron con la recientemente nombrada Directora Municipal de Rentas, CPN Marcela G\u00f3mez, a modo de presentaci\u00f3n de la funcionaria ante los legisladores comunales.\u00a0 \u00a0\u00a0<\/em><\/strong><\/p>\n\n\n<div class=\"wp-block-image\">\n<figure class=\"aligncenter size-large\"><img decoding=\"async\" loading=\"lazy\" width=\"739\" height=\"480\" src=\"https:\/\/notinor.com\/jujuy\/wp-content\/uploads\/2024\/07\/Reunion-1-739x480.jpg\" alt=\"\" class=\"wp-image-411466\" srcset=\"https:\/\/notinor.com\/jujuy\/wp-content\/uploads\/2024\/07\/Reunion-1-739x480.jpg 739w, https:\/\/notinor.com\/jujuy\/wp-content\/uploads\/2024\/07\/Reunion-1-562x365.jpg 562w, https:\/\/notinor.com\/jujuy\/wp-content\/uploads\/2024\/07\/Reunion-1.jpg 750w\" sizes=\"(max-width: 739px) 100vw, 739px\" \/><\/figure><\/div>\n\n\n<p>Al respecto, el presidente del Concejo Deliberante, <strong>Lisandro Aguiar<\/strong>, expres\u00f3: \"En virtud de la carta org\u00e1nica municipal hay determinados cargos en el Departamento Ejecutivo que necesitan contar con acuerdo del Concejo Deliberante, uno de ellos es la Direcci\u00f3n de Rentas del Municipio Capitalino. En ese sentido, hemos recibido a la contadora <strong>Marcela G\u00f3mez<\/strong>, que fue designada por el Intendente Municipal a trav\u00e9s de decreto Ad Refer\u00e9ndum del Concejo Deliberante, la hemos entrevistado, los concejales pudieron hacer las consultas correspondientes y, por supuesto, desearle el mayor de los \u00e9xitos en esta gesti\u00f3n\".<\/p>\n\n\n<div class=\"wp-block-image\">\n<figure class=\"aligncenter size-large\"><img decoding=\"async\" loading=\"lazy\" width=\"720\" height=\"480\" src=\"https:\/\/notinor.com\/jujuy\/wp-content\/uploads\/2024\/07\/REUNION-2-720x480.jpg\" alt=\"\" class=\"wp-image-411467\" srcset=\"https:\/\/notinor.com\/jujuy\/wp-content\/uploads\/2024\/07\/REUNION-2-720x480.jpg 720w, https:\/\/notinor.com\/jujuy\/wp-content\/uploads\/2024\/07\/REUNION-2-548x365.jpg 548w, https:\/\/notinor.com\/jujuy\/wp-content\/uploads\/2024\/07\/REUNION-2.jpg 750w\" sizes=\"(max-width: 720px) 100vw, 720px\" \/><\/figure><\/div>\n\n\n<p>\"Quiero agradecer a los distintos bloques pol\u00edticos- continu\u00f3 Aguiar- por el apoyo que han dado a esta nominaci\u00f3n, as\u00ed que seguramente en la sesi\u00f3n que vamos a realizar el pr\u00f3ximo jueves se va a tratar este tema\".<\/p>\n\n\n<div class=\"wp-block-image\">\n<figure class=\"aligncenter size-large\"><img decoding=\"async\" loading=\"lazy\" width=\"720\" height=\"480\" src=\"https:\/\/notinor.com\/jujuy\/wp-content\/uploads\/2024\/07\/Reunion-3-720x480.jpg\" alt=\"\" class=\"wp-image-411468\" srcset=\"https:\/\/notinor.com\/jujuy\/wp-content\/uploads\/2024\/07\/Reunion-3-720x480.jpg 720w, https:\/\/notinor.com\/jujuy\/wp-content\/uploads\/2024\/07\/Reunion-3-548x365.jpg 548w, https:\/\/notinor.com\/jujuy\/wp-content\/uploads\/2024\/07\/Reunion-3.jpg 750w\" sizes=\"(max-width: 720px) 100vw, 720px\" \/><\/figure><\/div>\n\n\n<p>Por su parte, <strong>Marcela G\u00f3mez <\/strong>resalt\u00f3: \"Me ven\u00eda desempe\u00f1ando como subdirectora, tengo el conocimiento, ya que vengo desde otras \u00e1reas de la municipalidad, lo cual me permiti\u00f3 conocer m\u00e1s todo el movimiento. Ahora tenemos este gran desaf\u00edo, porque tiene que ver mucho con las finanzas, estoy muy contenta, porque tenemos un gran equipo en Rentas, as\u00ed que vamos por m\u00e1s\". Y continu\u00f3: \"El encuentro con los concejales me pareci\u00f3 muy agradable, todos se portaron muy bien conmigo, muy atentos, as\u00ed que muy agradecida\".<\/p>\n\n\n<div class=\"wp-block-image\">\n<figure class=\"aligncenter size-large\"><img decoding=\"async\" loading=\"lazy\" width=\"720\" height=\"480\" src=\"https:\/\/notinor.com\/jujuy\/wp-content\/uploads\/2024\/07\/Reunion-4-720x480.jpg\" alt=\"\" class=\"wp-image-411469\" srcset=\"https:\/\/notinor.com\/jujuy\/wp-content\/uploads\/2024\/07\/Reunion-4-720x480.jpg 720w, https:\/\/notinor.com\/jujuy\/wp-content\/uploads\/2024\/07\/Reunion-4-548x365.jpg 548w, https:\/\/notinor.com\/jujuy\/wp-content\/uploads\/2024\/07\/Reunion-4.jpg 750w\" sizes=\"(max-width: 720px) 100vw, 720px\" \/><\/figure><\/div>\n\n\n<p>Del encuentro participaron los concejales <strong>Leandro Giubergia, Mario Lobo, N\u00e9stor Barrios, Guillermo Alem\u00e1n, Gast\u00f3n Mill\u00f3n, Melisa Silva, Blanca Ontiveros, Keila Zequeiros, Graciela Carrasco, Liliana Gim\u00e9nez<\/strong>, la secretaria administrativa Virginia Llapur y el secretario parlamentario, Jorge Beller.<\/p>\n\n\n<div class=\"wp-block-image\">\n<figure class=\"aligncenter size-large\"><img decoding=\"async\" loading=\"lazy\" width=\"720\" height=\"480\" src=\"https:\/\/notinor.com\/jujuy\/wp-content\/uploads\/2024\/07\/Reunion-5-720x480.jpg\" alt=\"\" class=\"wp-image-411470\" srcset=\"https:\/\/notinor.com\/jujuy\/wp-content\/uploads\/2024\/07\/Reunion-5-720x480.jpg 720w, https:\/\/notinor.com\/jujuy\/wp-content\/uploads\/2024\/07\/Reunion-5-548x365.jpg 548w, https:\/\/notinor.com\/jujuy\/wp-content\/uploads\/2024\/07\/Reunion-5.jpg 750w\" sizes=\"(max-width: 720px) 100vw, 720px\" \/><\/figure><\/div>\n\n\n<p>El jueves nueva Sesi\u00f3n Ordinaria<\/p>\n\n\n\n<p>Posterior a la reuni\u00f3n con la contadora Marcela G\u00f3mez, los ediles realizaron la reuni\u00f3n de Labor Parlamentaria y Concejo en Comisi\u00f3n, donde resolvieron que el pr\u00f3ximo jueves se concretar\u00e1 una nueva sesi\u00f3n ordinaria. &nbsp;<\/p>\n\n\n\n<p>Sobre el trabajo parlamentario que se viene desarrollando durante este 2024, Lisandro Aguiar remarc\u00f3: \"Se viene trabajando muy intensamente, la verdad que hemos tenido un periodo especial que tiene la caracter\u00edstica de ser la primera vez que se inici\u00f3 el 1\u00aa de marzo, en base a lo que establece la nueva constituci\u00f3n de la provincia de Jujuy, as\u00ed que se pudo avanzar en tareas muy interesantes\".<\/p>\n\n\n\n<p>Asimismo, a\u00f1adi\u00f3: \"Tenemos ya once sesiones ordinarias, una sesi\u00f3n del parlamento del Gran Jujuy, se pudo avanzar en importantes normativas legislativas a lo largo de este primer semestre y, por supuesto, con el desaf\u00edo que el segundo semestre nos brinde tambi\u00e9n muchas posibilidades de seguir trabajando con la sociedad civil, con los distintos actores\".\"Vamos a tener desaf\u00edos muy interesantes, Jujuy ser\u00e1 sede de un encuentro Nacional de Concejos Deliberantes, tambi\u00e9n trataremos modificaciones al C\u00f3digo de Planeamiento Urbano de la Ciudad, vamos a interactuar con el Consejo Asesor de Planificaci\u00f3n, as\u00ed que realmente se viene un segundo semestre con mucho trabajo y esperemos poder dictar las ordenanzas que la ciudad necesita\", finaliz\u00f3.<\/p>\n","protected":false},"excerpt":{"rendered":"<p>Ediles capitalinos se reunieron con la recientemente nombrada Directora Municipal de Rentas, CPN Marcela G\u00f3mez, a modo de presentaci\u00f3n de la funcionaria ante los legisladores comunales.\u00a0 \u00a0\u00a0 Al respecto, el presidente del Concejo Deliberante, Lisandro Aguiar, expres\u00f3: \"En virtud de la carta org\u00e1nica municipal hay determinados cargos en el Departamento Ejecutivo que necesitan contar con [&hellip;]<\/p>\n","protected":false},"author":5,"featured_media":411465,"comment_status":"open","ping_status":"open","sticky":false,"template":"","format":"standard","meta":{"_stopmodifiedupdate":false,"_modified_date":"","inline_featured_image":false,"spay_email":"","jetpack_publicize_message":""},"categories":[514],"tags":[],"jetpack_featured_media_url":"https:\/\/notinor.com\/jujuy\/wp-content\/uploads\/2024\/07\/Reunion.jpg","jetpack_publicize_connections":[],"_links":{"self":[{"href":"https:\/\/notinor.com\/jujuy\/wp-json\/wp\/v2\/posts\/411464"}],"collection":[{"href":"https:\/\/notinor.com\/jujuy\/wp-json\/wp\/v2\/posts"}],"about":[{"href":"https:\/\/notinor.com\/jujuy\/wp-json\/wp\/v2\/types\/post"}],"author":[{"embeddable":true,"href":"https:\/\/notinor.com\/jujuy\/wp-json\/wp\/v2\/users\/5"}],"replies":[{"embeddable":true,"href":"https:\/\/notinor.com\/jujuy\/wp-json\/wp\/v2\/comments?post=411464"}],"version-history":[{"count":1,"href":"https:\/\/notinor.com\/jujuy\/wp-json\/wp\/v2\/posts\/411464\/revisions"}],"predecessor-version":[{"id":411471,"href":"https:\/\/notinor.com\/jujuy\/wp-json\/wp\/v2\/posts\/411464\/revisions\/411471"}],"wp:featuredmedia":[{"embeddable":true,"href":"https:\/\/notinor.com\/jujuy\/wp-json\/wp\/v2\/media\/411465"}],"wp:attachment":[{"href":"https:\/\/notinor.com\/jujuy\/wp-json\/wp\/v2\/media?parent=411464"}],"wp:term":[{"taxonomy":"category","embeddable":true,"href":"https:\/\/notinor.com\/jujuy\/wp-json\/wp\/v2\/categories?post=411464"},{"taxonomy":"post_tag","embeddable":true,"href":"https:\/\/notinor.com\/jujuy\/wp-json\/wp\/v2\/tags?post=411464"}],"curies":[{"name":"wp","href":"https:\/\/api.w.org\/{rel}","templated":true}]}}