{"id":411433,"date":"2024-07-09T10:57:08","date_gmt":"2024-07-09T13:57:08","guid":{"rendered":"https:\/\/notinor.com\/jujuy\/?p=411433"},"modified":"2024-07-09T10:57:10","modified_gmt":"2024-07-09T13:57:10","slug":"duro-mensaje-del-arzobispo-de-buenos-aires-en-el-tedeum-del-9-de-julio","status":"publish","type":"post","link":"https:\/\/notinor.com\/jujuy\/duro-mensaje-del-arzobispo-de-buenos-aires-en-el-tedeum-del-9-de-julio\/","title":{"rendered":"Duro mensaje del arzobispo de Buenos Aires  en el Tedeum del 9 de Julio"},"content":{"rendered":"\n<p class=\"has-medium-font-size\"><strong><em>Jorge Garc\u00eda Cuerva encabez\u00f3 la tradicional ceremonia religiosa en el D\u00eda de la Independencia. Estuvieron presentes el Presidente, Victoria Villarruel, Jorge Macri e integrantes del gabinete nacional.<\/em><\/strong><\/p>\n\n\n<div class=\"wp-block-image\">\n<figure class=\"aligncenter size-large is-resized\"><img decoding=\"async\" loading=\"lazy\" src=\"https:\/\/notinor.com\/jujuy\/wp-content\/uploads\/2024\/07\/tedeum-9-julio-captura-video-1042388-100002-764x480.jpg\" alt=\"\" class=\"wp-image-411434\" width=\"612\" height=\"384\" srcset=\"https:\/\/notinor.com\/jujuy\/wp-content\/uploads\/2024\/07\/tedeum-9-julio-captura-video-1042388-100002-764x480.jpg 764w, https:\/\/notinor.com\/jujuy\/wp-content\/uploads\/2024\/07\/tedeum-9-julio-captura-video-1042388-100002-581x365.jpg 581w, https:\/\/notinor.com\/jujuy\/wp-content\/uploads\/2024\/07\/tedeum-9-julio-captura-video-1042388-100002-768x483.jpg 768w, https:\/\/notinor.com\/jujuy\/wp-content\/uploads\/2024\/07\/tedeum-9-julio-captura-video-1042388-100002-750x471.jpg 750w, https:\/\/notinor.com\/jujuy\/wp-content\/uploads\/2024\/07\/tedeum-9-julio-captura-video-1042388-100002.jpg 1033w\" sizes=\"(max-width: 612px) 100vw, 612px\" \/><figcaption class=\"wp-element-caption\">Tedeum 9 de Julio<\/figcaption><\/figure><\/div>\n\n\n<p>El arzobispo de Buenos Aires, Jorge Garc\u00eda Cuerva, envi\u00f3 un duro mensaje en el tradicional Tedeum en la Catedral Metropolitana por el D\u00eda de la Independencia: \u201cA muchos les falta el term\u00f3metro social para saber lo que les pasa a los argentinos de a pie\u201d. <\/p>\n\n\n\n<p><strong>Participaron de la misa el presidente Javier Milei, la vice Victoria Villarruel, integrantes del gabinete y el jefe de gobierno porte\u00f1o, Jorge Macri, tras la firma del Pacto de Mayo en Tucum\u00e1n.<\/strong><\/p>\n\n\n\n<blockquote class=\"wp-block-quote\">\n<p>La misa se desarroll\u00f3 luego del reclamo de la Iglesia por los comedores populares, a prop\u00f3sito de la pol\u00e9mica por los alimentos almacenados en dep\u00f3sitos del ministerio de Capital Humano. <\/p>\n<\/blockquote>\n\n\n\n<p>Tres semanas atr\u00e1s, el presidente de la Conferencia Episcopal Argentina, Oscar Ojea, hab\u00eda advertido sobre situaciones de \u201cconfusi\u00f3n y de violencia\u201d y pidi\u00f3 \u201cno tirar la comida, porque falta en muchos hogares\u201d.<\/p>\n\n\n\n<p>Durante el Tedeum, <strong>Garc\u00eda Cuerva se\u00f1al\u00f3: \u201cAlgo no est\u00e1 bien cuando tenemos dirigentes muy ricos y un pueblo trabajador muy pobre. A muchos les falta el term\u00f3metro social de saber lo que les pasa a los argentinos de a pie\u201d. Y pidi\u00f3: \u201cNo hipotequemos el futuro\u201d.<\/strong><\/p>\n\n\n\n<p>El arzobispo de Buenos Aires adem\u00e1s consider\u00f3: \u201cSi los congresales de Tucum\u00e1n en 1816 insist\u00edan en sus diferencias sobre el modelo para la organizaci\u00f3n nacional o sus distintas concepciones ideol\u00f3gicas sin buscar consensos todav\u00eda estar\u00edan discutiendo en la casa de Tucum\u00e1n, aunque no s\u00e9 si con los gritos, descalificaciones, expresiones vulgares y agresiones a los que nosotros tristemente estamos acostumbrados hace a\u00f1os\u201d.<\/p>\n\n\n\n<p>Garc\u00eda Cuerva destac\u00f3: \u201cPero no, los congresales entendieron que por sobre todo est\u00e1 la Naci\u00f3n y el bien del pueblo argentino, por eso cargaron con una enorme responsabilidad la declaraci\u00f3n de la Independencia y quisieron estar a la altura de las circunstancias\u201d.<\/p>\n","protected":false},"excerpt":{"rendered":"<p>Jorge Garc\u00eda Cuerva encabez\u00f3 la tradicional ceremonia religiosa en el D\u00eda de la Independencia. Estuvieron presentes el Presidente, Victoria Villarruel, Jorge Macri e integrantes del gabinete nacional. El arzobispo de Buenos Aires, Jorge Garc\u00eda Cuerva, envi\u00f3 un duro mensaje en el tradicional Tedeum en la Catedral Metropolitana por el D\u00eda de la Independencia: \u201cA muchos [&hellip;]<\/p>\n","protected":false},"author":53,"featured_media":411434,"comment_status":"open","ping_status":"open","sticky":false,"template":"","format":"standard","meta":{"_stopmodifiedupdate":false,"_modified_date":"","inline_featured_image":false,"spay_email":"","jetpack_publicize_message":""},"categories":[2,5],"tags":[],"jetpack_featured_media_url":"https:\/\/notinor.com\/jujuy\/wp-content\/uploads\/2024\/07\/tedeum-9-julio-captura-video-1042388-100002.jpg","jetpack_publicize_connections":[],"_links":{"self":[{"href":"https:\/\/notinor.com\/jujuy\/wp-json\/wp\/v2\/posts\/411433"}],"collection":[{"href":"https:\/\/notinor.com\/jujuy\/wp-json\/wp\/v2\/posts"}],"about":[{"href":"https:\/\/notinor.com\/jujuy\/wp-json\/wp\/v2\/types\/post"}],"author":[{"embeddable":true,"href":"https:\/\/notinor.com\/jujuy\/wp-json\/wp\/v2\/users\/53"}],"replies":[{"embeddable":true,"href":"https:\/\/notinor.com\/jujuy\/wp-json\/wp\/v2\/comments?post=411433"}],"version-history":[{"count":1,"href":"https:\/\/notinor.com\/jujuy\/wp-json\/wp\/v2\/posts\/411433\/revisions"}],"predecessor-version":[{"id":411435,"href":"https:\/\/notinor.com\/jujuy\/wp-json\/wp\/v2\/posts\/411433\/revisions\/411435"}],"wp:featuredmedia":[{"embeddable":true,"href":"https:\/\/notinor.com\/jujuy\/wp-json\/wp\/v2\/media\/411434"}],"wp:attachment":[{"href":"https:\/\/notinor.com\/jujuy\/wp-json\/wp\/v2\/media?parent=411433"}],"wp:term":[{"taxonomy":"category","embeddable":true,"href":"https:\/\/notinor.com\/jujuy\/wp-json\/wp\/v2\/categories?post=411433"},{"taxonomy":"post_tag","embeddable":true,"href":"https:\/\/notinor.com\/jujuy\/wp-json\/wp\/v2\/tags?post=411433"}],"curies":[{"name":"wp","href":"https:\/\/api.w.org\/{rel}","templated":true}]}}