{"id":411430,"date":"2024-07-09T10:29:36","date_gmt":"2024-07-09T13:29:36","guid":{"rendered":"https:\/\/notinor.com\/jujuy\/?p=411430"},"modified":"2024-07-09T10:29:38","modified_gmt":"2024-07-09T13:29:38","slug":"como-es-el-acta-de-mayo-firmada-en-tucuman","status":"publish","type":"post","link":"https:\/\/notinor.com\/jujuy\/como-es-el-acta-de-mayo-firmada-en-tucuman\/","title":{"rendered":"Como es el Acta de Mayo firmada en Tucum\u00e1n"},"content":{"rendered":"\n<p class=\"has-medium-font-size\"><strong><em>El presidente Javier Milei encabez\u00f3 este lunes la firma del Acta de Mayo en San Miguel de Tucum\u00e1n. La convocatoria hab\u00eda sido lanzada por primera vez el 1\u00b0 de marzo en la apertura de sesiones del Parlamento, con la idea de materializarla el 25 de mayo. <\/em><\/strong><\/p>\n\n\n<div class=\"wp-block-image\">\n<figure class=\"aligncenter size-large\"><img decoding=\"async\" loading=\"lazy\" width=\"840\" height=\"472\" src=\"https:\/\/notinor.com\/jujuy\/wp-content\/uploads\/2024\/07\/1010x567_20240709004007-840x472.jpg\" alt=\"\" class=\"wp-image-411431\" srcset=\"https:\/\/notinor.com\/jujuy\/wp-content\/uploads\/2024\/07\/1010x567_20240709004007-840x472.jpg 840w, https:\/\/notinor.com\/jujuy\/wp-content\/uploads\/2024\/07\/1010x567_20240709004007-650x365.jpg 650w, https:\/\/notinor.com\/jujuy\/wp-content\/uploads\/2024\/07\/1010x567_20240709004007-500x280.jpg 500w, https:\/\/notinor.com\/jujuy\/wp-content\/uploads\/2024\/07\/1010x567_20240709004007-768x431.jpg 768w, https:\/\/notinor.com\/jujuy\/wp-content\/uploads\/2024\/07\/1010x567_20240709004007-750x421.jpg 750w, https:\/\/notinor.com\/jujuy\/wp-content\/uploads\/2024\/07\/1010x567_20240709004007.jpg 1010w\" sizes=\"(max-width: 840px) 100vw, 840px\" \/><figcaption class=\"wp-element-caption\">Acta de Mayo<\/figcaption><\/figure><\/div>\n\n\n<p>Sin embargo, la fecha patria pas\u00f3 de largo ante la dificultad del Gobierno de cerrar la Ley de Bases y el paquete fiscal, normas que reci\u00e9n se aprobaron a fines de junio.<\/p>\n\n\n\n<p><strong>Con un acto transmitido por cadena nacional, el Presidente rubric\u00f3 el acuerdo con los jefes provinciales despu\u00e9s de las demoras ocasionadas por el debate legislativo.<\/strong><\/p>\n\n\n\n<blockquote class=\"wp-block-quote\">\n<p>Los diez puntos del acuerdo tienen una visi\u00f3n de pa\u00eds basada en la estabilidad econ\u00f3mica, la reducci\u00f3n del Estado y la apertura al mercado.<\/p>\n<\/blockquote>\n\n\n\n<p><strong>Lo acompa\u00f1aron adem\u00e1s de 18 gobernadores, los integrantes del gabinete, legisladores y los expresidentes Mauricio Macri y Adolfo Rodr\u00edguez Sa\u00e1, entre otros invitados.<\/strong><\/p>\n\n\n\n<p><strong> <\/strong>Tras la entonaci\u00f3n del Himno y la firma del acta, Milei brind\u00f3 un discurso.<\/p>\n\n\n\n<p>Nos los representantes de las Provincias Unidas del Sur, reunidos en San Miguel de Tucum\u00e1n, lugar de nacimiento de nuestra Naci\u00f3n, ante la mirada del Cielo, en nombre y por la autoridad del pueblo que representamos, declaramos solemnemente que es voluntad un\u00e1nime de los presentes romper con las autoridades del pasado y sentar el contrato social que dio nacimiento a nuestra querida Patria. Los aqu\u00ed firmantes declaramos y ratificamos nuestro compromiso con el Pacto de Mayo, conforme a lo convenido en los siguientes diez cl\u00e1usulas, articuladas con el objetivo de reconstruir las Bases de la Argentina y encaminar a nuestra patria en la senda del desarrollo y de la prosperidad:<\/p>\n\n\n\n<p>La inviolabilidad de la propiedad privada<br>El equilibrio fiscal innegociable<br>La reducci\u00f3n del gasto p\u00fablico a niveles hist\u00f3ricos, en torno al 25% del Producto Bruto Interno<br>Una educaci\u00f3n inicial, primaria y secundaria \u00fatil y moderna, con alfabetizaci\u00f3n plena y sin abandono escolar<br>Una reforma tributaria que reduzca la presi\u00f3n impositiva, simplifique la vida de los argentinos promueva el comercio<br>La rediscusi\u00f3n de la coparticipaci\u00f3n federal de impuestos para terminar para siempre con el modelo extorsivo actual que padecen las provincias<br>El compromiso de las provincias argentinas de avanzar en la explotaci\u00f3n de los recursos naturales del pa\u00eds<br>Una reforma laboral moderna que promueva el trabajo formal<br>Una reforma previsional que le d\u00e9 sostenibilidad al sistema y respete a quienes aportaron<br>La apertura al comercio internacional, de manera que la Argentina vuelva a ser protagonista del mercado global.<\/p>\n\n\n\n<p>Queda constituido el presente documento, a efectos de comprometerse en voz y en la constituci\u00f3n de un Consejo de Mayo, para discutir el grande, urgente y magno objeto de la dependencia de la Patria. Este organismo estar\u00e1 conformado por un Presidente del Consejo de Mayo, un representante del Poder Ejecutivo Nacional, un representante de la C\u00e1mara de Diputados, un representante de la C\u00e1mara de Senadores, un representante de las provincias, un representante de las entidades gremiales y un representante del sector empresarial. Dios ilumine a todos los argentinos y que nos otorgue la sabidur\u00eda y la fortaleza necesarias para superar los desaf\u00edos que enfrentamos como sociedad, para construir un futuro pr\u00f3spero para nuestra Naci\u00f3n. Que las Fuerzas del Cielo nos acompa\u00f1en.<\/p>\n","protected":false},"excerpt":{"rendered":"<p>El presidente Javier Milei encabez\u00f3 este lunes la firma del Acta de Mayo en San Miguel de Tucum\u00e1n. La convocatoria hab\u00eda sido lanzada por primera vez el 1\u00b0 de marzo en la apertura de sesiones del Parlamento, con la idea de materializarla el 25 de mayo. Sin embargo, la fecha patria pas\u00f3 de largo ante [&hellip;]<\/p>\n","protected":false},"author":53,"featured_media":411431,"comment_status":"open","ping_status":"open","sticky":false,"template":"","format":"standard","meta":{"_stopmodifiedupdate":false,"_modified_date":"","inline_featured_image":false,"spay_email":"","jetpack_publicize_message":""},"categories":[2,501],"tags":[],"jetpack_featured_media_url":"https:\/\/notinor.com\/jujuy\/wp-content\/uploads\/2024\/07\/1010x567_20240709004007.jpg","jetpack_publicize_connections":[],"_links":{"self":[{"href":"https:\/\/notinor.com\/jujuy\/wp-json\/wp\/v2\/posts\/411430"}],"collection":[{"href":"https:\/\/notinor.com\/jujuy\/wp-json\/wp\/v2\/posts"}],"about":[{"href":"https:\/\/notinor.com\/jujuy\/wp-json\/wp\/v2\/types\/post"}],"author":[{"embeddable":true,"href":"https:\/\/notinor.com\/jujuy\/wp-json\/wp\/v2\/users\/53"}],"replies":[{"embeddable":true,"href":"https:\/\/notinor.com\/jujuy\/wp-json\/wp\/v2\/comments?post=411430"}],"version-history":[{"count":1,"href":"https:\/\/notinor.com\/jujuy\/wp-json\/wp\/v2\/posts\/411430\/revisions"}],"predecessor-version":[{"id":411432,"href":"https:\/\/notinor.com\/jujuy\/wp-json\/wp\/v2\/posts\/411430\/revisions\/411432"}],"wp:featuredmedia":[{"embeddable":true,"href":"https:\/\/notinor.com\/jujuy\/wp-json\/wp\/v2\/media\/411431"}],"wp:attachment":[{"href":"https:\/\/notinor.com\/jujuy\/wp-json\/wp\/v2\/media?parent=411430"}],"wp:term":[{"taxonomy":"category","embeddable":true,"href":"https:\/\/notinor.com\/jujuy\/wp-json\/wp\/v2\/categories?post=411430"},{"taxonomy":"post_tag","embeddable":true,"href":"https:\/\/notinor.com\/jujuy\/wp-json\/wp\/v2\/tags?post=411430"}],"curies":[{"name":"wp","href":"https:\/\/api.w.org\/{rel}","templated":true}]}}