{"id":411428,"date":"2024-07-09T09:36:50","date_gmt":"2024-07-09T12:36:50","guid":{"rendered":"https:\/\/notinor.com\/jujuy\/?p=411428"},"modified":"2024-07-09T09:36:52","modified_gmt":"2024-07-09T12:36:52","slug":"como-seran-los-servicios-municipales-por-el-feriado-del-9-de-julio-en-la-capital-jujena","status":"publish","type":"post","link":"https:\/\/notinor.com\/jujuy\/como-seran-los-servicios-municipales-por-el-feriado-del-9-de-julio-en-la-capital-jujena\/","title":{"rendered":"C\u00f3mo ser\u00e1n los servicios municipales por el feriado del 9 de julio en la capital juje\u00f1a"},"content":{"rendered":"\n<p class=\"has-medium-font-size\"><strong><em>La Municipalidad de San Salvador de Jujuy inform\u00f3 la modalidad de prestaci\u00f3n de servicios municipales el d\u00eda martes 9 de julio por conmemorarse el D\u00eda de la Independencia<\/em><\/strong><\/p>\n\n\n<div class=\"wp-block-image\">\n<figure class=\"aligncenter size-large\"><img decoding=\"async\" loading=\"lazy\" width=\"840\" height=\"473\" src=\"https:\/\/notinor.com\/jujuy\/wp-content\/uploads\/2024\/02\/colectivos-jujuy-840x473.webp\" alt=\"\" class=\"wp-image-401930\" srcset=\"https:\/\/notinor.com\/jujuy\/wp-content\/uploads\/2024\/02\/colectivos-jujuy-840x473.webp 840w, https:\/\/notinor.com\/jujuy\/wp-content\/uploads\/2024\/02\/colectivos-jujuy-649x365.webp 649w, https:\/\/notinor.com\/jujuy\/wp-content\/uploads\/2024\/02\/colectivos-jujuy-768x432.webp 768w, https:\/\/notinor.com\/jujuy\/wp-content\/uploads\/2024\/02\/colectivos-jujuy-750x422.webp 750w, https:\/\/notinor.com\/jujuy\/wp-content\/uploads\/2024\/02\/colectivos-jujuy.webp 862w\" sizes=\"(max-width: 840px) 100vw, 840px\" \/><figcaption class=\"wp-element-caption\">Transporte p\u00fablico<\/figcaption><\/figure><\/div>\n\n\n<p><strong>La Secretar\u00eda de Servicios P\u00fablicos, a trav\u00e9s de la Direcci\u00f3n de Tr\u00e1nsito y Transporte, informa a la poblaci\u00f3n en general que los servicios de Transporte Alternativo, Ascensor Urbano y Estacionamiento Tarifado se desarrollar\u00e1n seg\u00fan el siguiente detalle:<\/strong><\/p>\n\n\n\n<p>Transporte Alternativo: Prestar\u00e1 servicio con tarifa 2.<br>Transporte Urbano: Prestar\u00e1 servicios con unidades reducidas<br>Ascensores Urbanos: Funcionar\u00e1 desde las 08:00 hasta las 20:00 horas.<br>Estacionamiento Tarifado: Sin servicio.<br>La Direcci\u00f3n General de Higiene Urbana inform\u00f3 recolecci\u00f3n de residuos y barrido ser\u00e1 de la siguiente manera:<\/p>\n\n\n\n<p><strong>Servicio prestado por la Municipalidad de San Salvador de Jujuy<\/strong><\/p>\n\n\n\n<p>Recolecci\u00f3n de Residuos Domiciliaria: Normal<br>Limpieza\/Barrido: Servicio Reducido<br>Servicio Especial (Micro Basurales): Normal<br>Servicios de empresa Limsa S. A.<\/p>\n\n\n\n<p>Recolecci\u00f3n de Residuos Domiciliaria: Normal<br>Recolecci\u00f3n Comercial: Normal<br>Recolecci\u00f3n Pat\u00f3geno: Normal<br>Barrido: Micro Centro, ex-Terminal: Normal<br>Barrido Mec\u00e1nico: Turno tarde sin servicio- turno noche: normal<br>Contenedores municipales : normal<br>Recolecci\u00f3n de malezas\/escombros: sin servicio<\/p>\n\n\n\n<p>Se solicita la colaboraci\u00f3n de los vecinos a respetar los las y horarios de recolecci\u00f3n de residuos, por cualquier consulta comunicarse al Tel\u00e9fono 388 \u2013 3131807 \u2013<\/p>\n\n\n\n<p><strong>En cuanto al funcionamiento de los mercados, desde la Direcci\u00f3n, dependiente de la Secretar\u00eda de Gobierno, detallaron que los mismos trabajar\u00e1n s\u00f3lo medio d\u00eda.<\/strong><\/p>\n\n\n\n<p>Finalmente, desde la Direcci\u00f3n de Cementerios informaron que los mismos estar\u00e1n abiertos para visitas de 8 a 18 hs, y la administraci\u00f3n atender\u00e1 de 8 a 13 hs.<\/p>\n","protected":false},"excerpt":{"rendered":"<p>La Municipalidad de San Salvador de Jujuy inform\u00f3 la modalidad de prestaci\u00f3n de servicios municipales el d\u00eda martes 9 de julio por conmemorarse el D\u00eda de la Independencia La Secretar\u00eda de Servicios P\u00fablicos, a trav\u00e9s de la Direcci\u00f3n de Tr\u00e1nsito y Transporte, informa a la poblaci\u00f3n en general que los servicios de Transporte Alternativo, Ascensor [&hellip;]<\/p>\n","protected":false},"author":53,"featured_media":401930,"comment_status":"open","ping_status":"open","sticky":false,"template":"","format":"standard","meta":{"_stopmodifiedupdate":false,"_modified_date":"","inline_featured_image":false,"spay_email":"","jetpack_publicize_message":""},"categories":[2,514],"tags":[],"jetpack_featured_media_url":"https:\/\/notinor.com\/jujuy\/wp-content\/uploads\/2024\/02\/colectivos-jujuy.webp","jetpack_publicize_connections":[],"_links":{"self":[{"href":"https:\/\/notinor.com\/jujuy\/wp-json\/wp\/v2\/posts\/411428"}],"collection":[{"href":"https:\/\/notinor.com\/jujuy\/wp-json\/wp\/v2\/posts"}],"about":[{"href":"https:\/\/notinor.com\/jujuy\/wp-json\/wp\/v2\/types\/post"}],"author":[{"embeddable":true,"href":"https:\/\/notinor.com\/jujuy\/wp-json\/wp\/v2\/users\/53"}],"replies":[{"embeddable":true,"href":"https:\/\/notinor.com\/jujuy\/wp-json\/wp\/v2\/comments?post=411428"}],"version-history":[{"count":1,"href":"https:\/\/notinor.com\/jujuy\/wp-json\/wp\/v2\/posts\/411428\/revisions"}],"predecessor-version":[{"id":411429,"href":"https:\/\/notinor.com\/jujuy\/wp-json\/wp\/v2\/posts\/411428\/revisions\/411429"}],"wp:featuredmedia":[{"embeddable":true,"href":"https:\/\/notinor.com\/jujuy\/wp-json\/wp\/v2\/media\/401930"}],"wp:attachment":[{"href":"https:\/\/notinor.com\/jujuy\/wp-json\/wp\/v2\/media?parent=411428"}],"wp:term":[{"taxonomy":"category","embeddable":true,"href":"https:\/\/notinor.com\/jujuy\/wp-json\/wp\/v2\/categories?post=411428"},{"taxonomy":"post_tag","embeddable":true,"href":"https:\/\/notinor.com\/jujuy\/wp-json\/wp\/v2\/tags?post=411428"}],"curies":[{"name":"wp","href":"https:\/\/api.w.org\/{rel}","templated":true}]}}