{"id":411423,"date":"2024-07-09T01:03:42","date_gmt":"2024-07-09T04:03:42","guid":{"rendered":"https:\/\/notinor.com\/jujuy\/?p=411423"},"modified":"2024-07-09T01:03:43","modified_gmt":"2024-07-09T04:03:43","slug":"milei-firmo-el-acta-de-mayo-con-18-gobernadores-un-pais-distinto-es-imposible-haciendo-lo-mismo-de-siempre","status":"publish","type":"post","link":"https:\/\/notinor.com\/jujuy\/milei-firmo-el-acta-de-mayo-con-18-gobernadores-un-pais-distinto-es-imposible-haciendo-lo-mismo-de-siempre\/","title":{"rendered":"Milei firm\u00f3 el Acta de Mayo con 18 gobernadores: \u201cUn pa\u00eds distinto es imposible haciendo lo mismo de siempre\u201d"},"content":{"rendered":"\n<p class=\"has-medium-font-size\"><strong><em>El Presidente habla por cadena nacional. Al evento se sumaron funcionarios, diputados y senadores y los expresidentes Macri y Rodr\u00edguez Sa\u00e1. La vicepresidenta Victoria Villarruel se ausent\u00f3 por un cuadro gripal.<\/em><\/strong><\/p>\n\n\n\n<p><\/p>\n\n\n<div class=\"wp-block-image\">\n<figure class=\"aligncenter size-full\"><img decoding=\"async\" loading=\"lazy\" width=\"800\" height=\"450\" src=\"https:\/\/notinor.com\/jujuy\/wp-content\/uploads\/2024\/07\/pacto-de-mayo.jpg\" alt=\"\" class=\"wp-image-411424\" srcset=\"https:\/\/notinor.com\/jujuy\/wp-content\/uploads\/2024\/07\/pacto-de-mayo.jpg 800w, https:\/\/notinor.com\/jujuy\/wp-content\/uploads\/2024\/07\/pacto-de-mayo-649x365.jpg 649w, https:\/\/notinor.com\/jujuy\/wp-content\/uploads\/2024\/07\/pacto-de-mayo-500x280.jpg 500w, https:\/\/notinor.com\/jujuy\/wp-content\/uploads\/2024\/07\/pacto-de-mayo-768x432.jpg 768w, https:\/\/notinor.com\/jujuy\/wp-content\/uploads\/2024\/07\/pacto-de-mayo-750x422.jpg 750w\" sizes=\"(max-width: 800px) 100vw, 800px\" \/><\/figure><\/div>\n\n\n<p><\/p>\n\n\n\n<p>Fuerte chicana del Gobierno a la oposici\u00f3n en la previa del Pacto de Mayo: \"Ir\u00e1n los dirigentes que mejor representan a la gente\".\u00a0Federico Sturzenegger le baj\u00f3 el tono a la interna con Luis Caputo: \"Javier Milei delimit\u00f3 las competencias de cada uno\".<\/p>\n\n\n\n<p>Javier Milei firma los 10 puntos del Pacto de Mayo con gobernadores aliados y la presencia de Mauricio Macri.&nbsp;Tras la firma del Pacto de Mayo, habla Javier Milei: \"Una Argentina distinta es imposible haciendo lo mismo de siempre\".<\/p>\n\n\n\n<p><strong>Luego de la firma del Pacto de Mayo, el presidente Javier Milei habla desde un atril en la puerta de la Casa Hist\u00f3rica de Tucum\u00e1n y dijo que el pa\u00eds \u201cse encuentra en un punto de inflexi\u00f3n\u201d. <\/strong>En ese mismo tono, se\u00f1al\u00f3 que \"una Argentina distinta es imposible haciendo lo mismo de siempre\".<\/p>\n\n\n\n<p><strong>\u201cLos puntos de quiebre de una Naci\u00f3n no son momentos de paz y tranquilidad, son momentos de dificultad y conflicto donde todo parece cuesta arriba. Son momentos en donde el abismo se hace tan claro que el cambio se convierte en una obligaci\u00f3n y una urgencia\u201d, <\/strong>sostuvo.<\/p>\n\n\n\n<p><\/p>\n\n\n<div class=\"wp-block-image\">\n<figure class=\"aligncenter size-full\"><img decoding=\"async\" loading=\"lazy\" width=\"800\" height=\"450\" src=\"https:\/\/notinor.com\/jujuy\/wp-content\/uploads\/2024\/07\/milei-pacto-de-mayo.jpg\" alt=\"\" class=\"wp-image-411425\" srcset=\"https:\/\/notinor.com\/jujuy\/wp-content\/uploads\/2024\/07\/milei-pacto-de-mayo.jpg 800w, https:\/\/notinor.com\/jujuy\/wp-content\/uploads\/2024\/07\/milei-pacto-de-mayo-649x365.jpg 649w, https:\/\/notinor.com\/jujuy\/wp-content\/uploads\/2024\/07\/milei-pacto-de-mayo-500x280.jpg 500w, https:\/\/notinor.com\/jujuy\/wp-content\/uploads\/2024\/07\/milei-pacto-de-mayo-768x432.jpg 768w, https:\/\/notinor.com\/jujuy\/wp-content\/uploads\/2024\/07\/milei-pacto-de-mayo-750x422.jpg 750w\" sizes=\"(max-width: 800px) 100vw, 800px\" \/><\/figure><\/div>\n\n\n<p><\/p>\n\n\n\n<p>Y continu\u00f3: <strong>\u201cLa conquista de esa dificultad ocurre porque quienes ocupan lugares de liderazgo tienen la valent\u00eda de ser m\u00e1s grandes que ellos mismos, hacer a un lado los ego\u00edsmos y realizar sacrificios para emprender juntos un rumbo com\u00fan. As\u00ed es como se escribe grande la historia de los pa\u00edses\u201d.<\/strong><\/p>\n\n\n\n<p class=\"has-medium-font-size\"><strong>C\u00f3mo es el Acta de Mayo<\/strong><\/p>\n\n\n\n<p>El presidente Javier Milei encabez\u00f3 este lunes la firma del Acta de Mayo en San Miguel de Tucum\u00e1n. La convocatoria hab\u00eda sido lanzada por primera vez el 1\u00b0 de marzo en la apertura de sesiones del Parlamento, con la idea de materializarla el 25 de mayo. <strong>Sin embargo, la fecha patria pas\u00f3 de largo ante la dificultad del Gobierno de cerrar la Ley de Bases y el paquete fiscal, normas que reci\u00e9n se aprobaron a fines de junio.<\/strong><\/p>\n","protected":false},"excerpt":{"rendered":"<p>El Presidente habla por cadena nacional. Al evento se sumaron funcionarios, diputados y senadores y los expresidentes Macri y Rodr\u00edguez Sa\u00e1. La vicepresidenta Victoria Villarruel se ausent\u00f3 por un cuadro gripal. Fuerte chicana del Gobierno a la oposici\u00f3n en la previa del Pacto de Mayo: \"Ir\u00e1n los dirigentes que mejor representan a la gente\".\u00a0Federico Sturzenegger [&hellip;]<\/p>\n","protected":false},"author":49,"featured_media":411424,"comment_status":"open","ping_status":"open","sticky":false,"template":"","format":"standard","meta":{"_stopmodifiedupdate":false,"_modified_date":"","inline_featured_image":false,"spay_email":"","jetpack_publicize_message":""},"categories":[2,5,501],"tags":[],"jetpack_featured_media_url":"https:\/\/notinor.com\/jujuy\/wp-content\/uploads\/2024\/07\/pacto-de-mayo.jpg","jetpack_publicize_connections":[],"_links":{"self":[{"href":"https:\/\/notinor.com\/jujuy\/wp-json\/wp\/v2\/posts\/411423"}],"collection":[{"href":"https:\/\/notinor.com\/jujuy\/wp-json\/wp\/v2\/posts"}],"about":[{"href":"https:\/\/notinor.com\/jujuy\/wp-json\/wp\/v2\/types\/post"}],"author":[{"embeddable":true,"href":"https:\/\/notinor.com\/jujuy\/wp-json\/wp\/v2\/users\/49"}],"replies":[{"embeddable":true,"href":"https:\/\/notinor.com\/jujuy\/wp-json\/wp\/v2\/comments?post=411423"}],"version-history":[{"count":1,"href":"https:\/\/notinor.com\/jujuy\/wp-json\/wp\/v2\/posts\/411423\/revisions"}],"predecessor-version":[{"id":411426,"href":"https:\/\/notinor.com\/jujuy\/wp-json\/wp\/v2\/posts\/411423\/revisions\/411426"}],"wp:featuredmedia":[{"embeddable":true,"href":"https:\/\/notinor.com\/jujuy\/wp-json\/wp\/v2\/media\/411424"}],"wp:attachment":[{"href":"https:\/\/notinor.com\/jujuy\/wp-json\/wp\/v2\/media?parent=411423"}],"wp:term":[{"taxonomy":"category","embeddable":true,"href":"https:\/\/notinor.com\/jujuy\/wp-json\/wp\/v2\/categories?post=411423"},{"taxonomy":"post_tag","embeddable":true,"href":"https:\/\/notinor.com\/jujuy\/wp-json\/wp\/v2\/tags?post=411423"}],"curies":[{"name":"wp","href":"https:\/\/api.w.org\/{rel}","templated":true}]}}