{"id":411418,"date":"2024-07-08T14:16:54","date_gmt":"2024-07-08T17:16:54","guid":{"rendered":"https:\/\/notinor.com\/jujuy\/?p=411418"},"modified":"2024-07-08T14:16:57","modified_gmt":"2024-07-08T17:16:57","slug":"el-gobierno-analiza-con-el-fmi-bajo-que-condiciones-podria-levantar-los-controles-al-dolar","status":"publish","type":"post","link":"https:\/\/notinor.com\/jujuy\/el-gobierno-analiza-con-el-fmi-bajo-que-condiciones-podria-levantar-los-controles-al-dolar\/","title":{"rendered":"El Gobierno analiza con el FMI bajo qu\u00e9 condiciones podr\u00eda levantar los controles al d\u00f3lar"},"content":{"rendered":"\n<p class=\"has-medium-font-size\"><strong><em>El Gobierno espera poder acordar en las pr\u00f3ximas semanas con el Fondo Monetario Internacional un marco general para avanzar con un desarme del cepo cambiario, a\u00fan sin fechas precisas, en un trabajo entre Buenos Aires y Washington que se extender\u00eda hasta fin de este mes. <\/em><\/strong><\/p>\n\n\n<div class=\"wp-block-image\">\n<figure class=\"aligncenter size-large\"><img decoding=\"async\" loading=\"lazy\" width=\"840\" height=\"473\" src=\"https:\/\/notinor.com\/jujuy\/wp-content\/uploads\/2023\/07\/dolaresjpg-840x473.webp\" alt=\"\" class=\"wp-image-385471\" srcset=\"https:\/\/notinor.com\/jujuy\/wp-content\/uploads\/2023\/07\/dolaresjpg-840x473.webp 840w, https:\/\/notinor.com\/jujuy\/wp-content\/uploads\/2023\/07\/dolaresjpg-649x365.webp 649w, https:\/\/notinor.com\/jujuy\/wp-content\/uploads\/2023\/07\/dolaresjpg-768x432.webp 768w, https:\/\/notinor.com\/jujuy\/wp-content\/uploads\/2023\/07\/dolaresjpg-750x422.webp 750w, https:\/\/notinor.com\/jujuy\/wp-content\/uploads\/2023\/07\/dolaresjpg-1140x641.webp 1140w, https:\/\/notinor.com\/jujuy\/wp-content\/uploads\/2023\/07\/dolaresjpg.webp 1200w\" sizes=\"(max-width: 840px) 100vw, 840px\" \/><figcaption class=\"wp-element-caption\">D\u00f3lares<\/figcaption><\/figure><\/div>\n\n\n<p>Esto sucede en medio de una reacci\u00f3n adversa en el mercado durante la semana pasada a la falta de una hoja de ruta espec\u00edfica para el desarme de los controles del tipo de cambio.<\/p>\n\n\n\n<p><strong>Los t\u00e9cnicos eval\u00faan niveles de reservas en el Banco Central y de deuda en pesos, pero sin fechas espec\u00edficas para concretar la medida. Impaciencia en el mercado por definiciones sobre los pr\u00f3ximos pasos<\/strong><\/p>\n\n\n\n<p>Se trata de un ida y vuelta entre funcionarios del equipo econ\u00f3mico y el organismo que hab\u00eda sido anticipado por el \u00faltimo informe del staff pero que ahora tom\u00f3 mayor relevancia y que se desarrolla entre el Ministerio de Econom\u00eda, en t\u00e1ndem con el Banco Central, y los t\u00e9cnicos del FMI. El Gobi<strong>erno le hizo saber al staff que no habr\u00e1 tiempos puntuales para efectuar una medida de esa naturaleza, aunque s\u00ed la discusi\u00f3n est\u00e1 basada en establecer \u201cpar\u00e1metros\u201d objetivos para identificar si el terreno est\u00e1 preparado para salir del cepo.<\/strong><\/p>\n\n\n\n<p>Aparecen entre esas m\u00e9tricas a evaluar algunos como cu\u00e1l es la relaci\u00f3n entre la deuda en pesos a corto plazo y el nivel de reservas internacionales en el Banco Central, ejemplificaron a Infobae desde un despacho oficial, aunque hay otras mediciones que afinar\u00e1n hasta fin de mes desde ambos lados. <\/p>\n\n\n\n<blockquote class=\"wp-block-quote\">\n<p>El FMI pide precisiones y el equipo econ\u00f3mico anticip\u00f3 que solo saldr\u00e1 de los controles de cambio si registra que no pondr\u00e1 en peligro el frente inflacionario.<\/p>\n<\/blockquote>\n\n\n\n<p><strong>No est\u00e1 claro, por el momento, si esa evaluaci\u00f3n que consensuar\u00e1n desde ambos lados ser\u00e1 p\u00fablica o solo de uso interno para la negociaci\u00f3n abierta entre el gobierno argentino y el Fondo Monetario hacia un acuerdo financiero nuevo que tenga, eventualmente, financiamiento adicional. <\/strong><\/p>\n\n\n\n<p>En el equipo econ\u00f3mico conf\u00edan en tener listo ese trabajo a fines de julio -el informe de staff explicitaba esa fecha como orientativa- pero entienden que el alcance de ese examen no implicar\u00e1 un \u201cpaso a paso\u201d para terminar con el cepo sino m\u00e1s bien una referencia sobre la direcci\u00f3n a la que debe enfilar la pol\u00edtica econ\u00f3mica para conseguirlo.<\/p>\n","protected":false},"excerpt":{"rendered":"<p>El Gobierno espera poder acordar en las pr\u00f3ximas semanas con el Fondo Monetario Internacional un marco general para avanzar con un desarme del cepo cambiario, a\u00fan sin fechas precisas, en un trabajo entre Buenos Aires y Washington que se extender\u00eda hasta fin de este mes. Esto sucede en medio de una reacci\u00f3n adversa en el [&hellip;]<\/p>\n","protected":false},"author":53,"featured_media":385471,"comment_status":"open","ping_status":"open","sticky":false,"template":"","format":"standard","meta":{"_stopmodifiedupdate":false,"_modified_date":"","inline_featured_image":false,"spay_email":"","jetpack_publicize_message":""},"categories":[676],"tags":[],"jetpack_featured_media_url":"https:\/\/notinor.com\/jujuy\/wp-content\/uploads\/2023\/07\/dolaresjpg.webp","jetpack_publicize_connections":[],"_links":{"self":[{"href":"https:\/\/notinor.com\/jujuy\/wp-json\/wp\/v2\/posts\/411418"}],"collection":[{"href":"https:\/\/notinor.com\/jujuy\/wp-json\/wp\/v2\/posts"}],"about":[{"href":"https:\/\/notinor.com\/jujuy\/wp-json\/wp\/v2\/types\/post"}],"author":[{"embeddable":true,"href":"https:\/\/notinor.com\/jujuy\/wp-json\/wp\/v2\/users\/53"}],"replies":[{"embeddable":true,"href":"https:\/\/notinor.com\/jujuy\/wp-json\/wp\/v2\/comments?post=411418"}],"version-history":[{"count":1,"href":"https:\/\/notinor.com\/jujuy\/wp-json\/wp\/v2\/posts\/411418\/revisions"}],"predecessor-version":[{"id":411420,"href":"https:\/\/notinor.com\/jujuy\/wp-json\/wp\/v2\/posts\/411418\/revisions\/411420"}],"wp:featuredmedia":[{"embeddable":true,"href":"https:\/\/notinor.com\/jujuy\/wp-json\/wp\/v2\/media\/385471"}],"wp:attachment":[{"href":"https:\/\/notinor.com\/jujuy\/wp-json\/wp\/v2\/media?parent=411418"}],"wp:term":[{"taxonomy":"category","embeddable":true,"href":"https:\/\/notinor.com\/jujuy\/wp-json\/wp\/v2\/categories?post=411418"},{"taxonomy":"post_tag","embeddable":true,"href":"https:\/\/notinor.com\/jujuy\/wp-json\/wp\/v2\/tags?post=411418"}],"curies":[{"name":"wp","href":"https:\/\/api.w.org\/{rel}","templated":true}]}}