{"id":411396,"date":"2024-07-07T21:56:00","date_gmt":"2024-07-08T00:56:00","guid":{"rendered":"https:\/\/notinor.com\/jujuy\/?p=411396"},"modified":"2024-07-07T09:56:59","modified_gmt":"2024-07-07T09:56:59","slug":"el-tren-solar-es-una-oportunidad-para-los-pueblos-de-la-quebrada","status":"publish","type":"post","link":"https:\/\/notinor.com\/jujuy\/el-tren-solar-es-una-oportunidad-para-los-pueblos-de-la-quebrada\/","title":{"rendered":"<strong>El Tren Solar es una oportunidad para los Pueblos de la Quebrada<\/strong>"},"content":{"rendered":"\n<p class=\"has-medium-font-size\"><strong><em>El Tren Solar es un gran atractivo tur\u00edstico para Jujuy que ofrece la oportunidad de mostrar su belleza natural y que involucra a las comunidades locales en su desarrollo. Ser\u00e1 un gran impulso para el turismo en la provincia.<\/em><\/strong><\/p>\n\n\n<div class=\"wp-block-image\">\n<figure class=\"aligncenter size-large\"><img decoding=\"async\" loading=\"lazy\" width=\"721\" height=\"480\" src=\"https:\/\/notinor.com\/jujuy\/wp-content\/uploads\/2024\/07\/DIPUTADA-721x480.jpeg\" alt=\"\" class=\"wp-image-411398\" srcset=\"https:\/\/notinor.com\/jujuy\/wp-content\/uploads\/2024\/07\/DIPUTADA-721x480.jpeg 721w, https:\/\/notinor.com\/jujuy\/wp-content\/uploads\/2024\/07\/DIPUTADA-549x365.jpeg 549w, https:\/\/notinor.com\/jujuy\/wp-content\/uploads\/2024\/07\/DIPUTADA.jpeg 750w\" sizes=\"(max-width: 721px) 100vw, 721px\" \/><\/figure><\/div>\n\n\n<p>As\u00ed lo afirma la legisladora <strong>Malena Amerise<\/strong>, presidenta de la Comisi\u00f3n de Asuntos Sociales de la Legislatura, quien se refiri\u00f3 al Tren Solar que recorre por algunas localidades de la Quebrada, consider\u00e1ndolo un componente importante para la propuesta tur\u00edstica de la provincia de Jujuy, adem\u00e1s de ser una nueva oportunidad para los pueblos de esa regi\u00f3n.<\/p>\n\n\n\n<p>Sostuvo que su implementaci\u00f3n es una pieza del engranaje que potenciar\u00e1 el atractivo tur\u00edstico de la Quebrada de Humahuaca, \"los Juje\u00f1os nos encontramos frente a un gran atractivo a trav\u00e9s del cual podemos mostrar nuestros paisajes, un atractivo que se ubica entre los mejores que hay en Latinoam\u00e9rica\", coment\u00f3.<\/p>\n\n\n\n<p>Consider\u00f3 que el Tren Solar es un gran desaf\u00edo, \"una oportunidad, no solamente para toda la provincia sino para los pueblos, aquellos que va a ir visitando\". \"Es una posibilidad \u2013 continu\u00f3- no solamente para las personas que llegan desde diferentes puntos del mundo a recorrer cada lugar sino la oportunidad para nosotros de poder disfrutar de la propuesta del Tren Solar\".<\/p>\n\n\n\n<p>Refiri\u00f3 que hay otras provincias que tienen su atractivo espec\u00edfico y que el Tren Solar lo es para la provincia de Jujuy. \"Algo que considero realmente importante es que, lo que le implica a juje\u00f1os y juje\u00f1as en esto, de poder plantear un turismo de participaci\u00f3n donde las comunidades son parte y son las que van a poder presentar propuestas para aquellos que llegan a recorrer Jujuy\", concluy\u00f3.--<\/p>\n","protected":false},"excerpt":{"rendered":"<p>El Tren Solar es un gran atractivo tur\u00edstico para Jujuy que ofrece la oportunidad de mostrar su belleza natural y que involucra a las comunidades locales en su desarrollo. Ser\u00e1 un gran impulso para el turismo en la provincia. As\u00ed lo afirma la legisladora Malena Amerise, presidenta de la Comisi\u00f3n de Asuntos Sociales de la [&hellip;]<\/p>\n","protected":false},"author":5,"featured_media":411397,"comment_status":"open","ping_status":"open","sticky":false,"template":"","format":"standard","meta":{"_stopmodifiedupdate":false,"_modified_date":"","inline_featured_image":false,"spay_email":"","jetpack_publicize_message":""},"categories":[514],"tags":[],"jetpack_featured_media_url":"https:\/\/notinor.com\/jujuy\/wp-content\/uploads\/2024\/07\/DIPUTADA.jpg","jetpack_publicize_connections":[],"_links":{"self":[{"href":"https:\/\/notinor.com\/jujuy\/wp-json\/wp\/v2\/posts\/411396"}],"collection":[{"href":"https:\/\/notinor.com\/jujuy\/wp-json\/wp\/v2\/posts"}],"about":[{"href":"https:\/\/notinor.com\/jujuy\/wp-json\/wp\/v2\/types\/post"}],"author":[{"embeddable":true,"href":"https:\/\/notinor.com\/jujuy\/wp-json\/wp\/v2\/users\/5"}],"replies":[{"embeddable":true,"href":"https:\/\/notinor.com\/jujuy\/wp-json\/wp\/v2\/comments?post=411396"}],"version-history":[{"count":1,"href":"https:\/\/notinor.com\/jujuy\/wp-json\/wp\/v2\/posts\/411396\/revisions"}],"predecessor-version":[{"id":411399,"href":"https:\/\/notinor.com\/jujuy\/wp-json\/wp\/v2\/posts\/411396\/revisions\/411399"}],"wp:featuredmedia":[{"embeddable":true,"href":"https:\/\/notinor.com\/jujuy\/wp-json\/wp\/v2\/media\/411397"}],"wp:attachment":[{"href":"https:\/\/notinor.com\/jujuy\/wp-json\/wp\/v2\/media?parent=411396"}],"wp:term":[{"taxonomy":"category","embeddable":true,"href":"https:\/\/notinor.com\/jujuy\/wp-json\/wp\/v2\/categories?post=411396"},{"taxonomy":"post_tag","embeddable":true,"href":"https:\/\/notinor.com\/jujuy\/wp-json\/wp\/v2\/tags?post=411396"}],"curies":[{"name":"wp","href":"https:\/\/api.w.org\/{rel}","templated":true}]}}