{"id":411389,"date":"2024-07-08T09:30:34","date_gmt":"2024-07-08T12:30:34","guid":{"rendered":"https:\/\/notinor.com\/jujuy\/?p=411389"},"modified":"2024-07-08T09:30:40","modified_gmt":"2024-07-08T12:30:40","slug":"caputo-se-reunio-con-la-rural-y-volvio-a-prometer-una-baja-de-retenciones","status":"publish","type":"post","link":"https:\/\/notinor.com\/jujuy\/caputo-se-reunio-con-la-rural-y-volvio-a-prometer-una-baja-de-retenciones\/","title":{"rendered":"Caputo se reuni\u00f3 con la Rural y volvi\u00f3 a prometer una baja de retenciones"},"content":{"rendered":"\n<p class=\"has-medium-font-size\"><strong><em>La reducci\u00f3n de los derechos de exportaci\u00f3n no tiene plazo, por el objetivo de consolidar las cuentas fiscales<\/em><\/strong><\/p>\n\n\n<div class=\"wp-block-image\">\n<figure class=\"aligncenter size-large\"><img decoding=\"async\" loading=\"lazy\" width=\"840\" height=\"360\" src=\"https:\/\/notinor.com\/jujuy\/wp-content\/uploads\/2023\/12\/harina-de-soja-840x360.jpg\" alt=\"\" class=\"wp-image-398815\" srcset=\"https:\/\/notinor.com\/jujuy\/wp-content\/uploads\/2023\/12\/harina-de-soja-840x360.jpg 840w, https:\/\/notinor.com\/jujuy\/wp-content\/uploads\/2023\/12\/harina-de-soja-660x283.jpg 660w, https:\/\/notinor.com\/jujuy\/wp-content\/uploads\/2023\/12\/harina-de-soja-768x329.jpg 768w, https:\/\/notinor.com\/jujuy\/wp-content\/uploads\/2023\/12\/harina-de-soja-750x322.jpg 750w, https:\/\/notinor.com\/jujuy\/wp-content\/uploads\/2023\/12\/harina-de-soja-1140x489.jpg 1140w, https:\/\/notinor.com\/jujuy\/wp-content\/uploads\/2023\/12\/harina-de-soja.jpg 1280w\" sizes=\"(max-width: 840px) 100vw, 840px\" \/><figcaption class=\"wp-element-caption\">Soja<\/figcaption><\/figure><\/div>\n\n\n<p>Con el foco en la promesa de eliminar las retenciones, el ministro de Econom\u00eda Luis Caputo se reuni\u00f3 ayer con los dirigentes de la Sociedad Rural Argentina, que preside Nicol\u00e1s Pino.<\/p>\n\n\n\n<p><strong>El encuentro se produjo en el marco de un contexto de mayor incertidumbre econ\u00f3mica respecto del rumbo del plan econ\u00f3mico en el segundo semestre y con la afirmaci\u00f3n reiterada por parte de Caputo de que no habr\u00e1 una nueva devaluaci\u00f3n.<\/strong> La reuni\u00f3n hab\u00eda sido organizada la semana pasada a trav\u00e9s del secretario de Planeamiento y Gesti\u00f3n, Juan Pazo, quien hoy no particip\u00f3 por encontrarse en Mendoza donde se avanza en la privatizaci\u00f3n de IMPSA.<\/p>\n\n\n\n<p>Tampoco estuvo presente el secretario del \u00e1rea, Fernando Vilela, de misi\u00f3n comercial en China. Pero al sector le urg\u00eda mantener un encuentro con Caputo y conocer de primera mano sus planes para la unificaci\u00f3n cambiaria.<\/p>\n\n\n\n<blockquote class=\"wp-block-quote\">\n<p> Ese es, junto con las retenciones, el principal reclamo del campo. Igual que el resto, tampoco Pino y dem\u00e1s dirigentes de la SRA, obtuvieron mayores detalles.<\/p>\n<\/blockquote>\n\n\n\n<p><strong>\u201cExcelente reuni\u00f3n con Nicolas Pino, presidente de la Sociedad Rural y equipo. Una charla muy constructiva, donde qued\u00f3 claro que estamos frente a una oportunidad \u00fanica de torcer la historia de nuestro pa\u00eds.<\/strong> Agradecidos a este sector que siempre apuesta al desarrollo del pa\u00eds, y convencidos que el futuro est\u00e1 en la reducci\u00f3n de retenciones y otros impuestos que hoy limitan el potencial del sector\u201d, escribi\u00f3 el ministro en su red social X. \u201cA trabajar para tener super\u00e1vit y poder comenzar este ciclo lo antes posible\u201d, areng\u00f3<\/p>\n\n\n\n<p><strong>Por su parte, desde la entidad agropecuaria aprovecharon la ocasi\u00f3n a comprometer al ministro a participar de tradicional Exposici\u00f3n Rural, al tiempo que devolvieron las gentilezas en la misma red social<\/strong><\/p>\n","protected":false},"excerpt":{"rendered":"<p>La reducci\u00f3n de los derechos de exportaci\u00f3n no tiene plazo, por el objetivo de consolidar las cuentas fiscales Con el foco en la promesa de eliminar las retenciones, el ministro de Econom\u00eda Luis Caputo se reuni\u00f3 ayer con los dirigentes de la Sociedad Rural Argentina, que preside Nicol\u00e1s Pino. El encuentro se produjo en el [&hellip;]<\/p>\n","protected":false},"author":53,"featured_media":398815,"comment_status":"open","ping_status":"open","sticky":false,"template":"","format":"standard","meta":{"_stopmodifiedupdate":false,"_modified_date":"","inline_featured_image":false,"spay_email":"","jetpack_publicize_message":""},"categories":[2542],"tags":[],"jetpack_featured_media_url":"https:\/\/notinor.com\/jujuy\/wp-content\/uploads\/2023\/12\/harina-de-soja.jpg","jetpack_publicize_connections":[],"_links":{"self":[{"href":"https:\/\/notinor.com\/jujuy\/wp-json\/wp\/v2\/posts\/411389"}],"collection":[{"href":"https:\/\/notinor.com\/jujuy\/wp-json\/wp\/v2\/posts"}],"about":[{"href":"https:\/\/notinor.com\/jujuy\/wp-json\/wp\/v2\/types\/post"}],"author":[{"embeddable":true,"href":"https:\/\/notinor.com\/jujuy\/wp-json\/wp\/v2\/users\/53"}],"replies":[{"embeddable":true,"href":"https:\/\/notinor.com\/jujuy\/wp-json\/wp\/v2\/comments?post=411389"}],"version-history":[{"count":1,"href":"https:\/\/notinor.com\/jujuy\/wp-json\/wp\/v2\/posts\/411389\/revisions"}],"predecessor-version":[{"id":411391,"href":"https:\/\/notinor.com\/jujuy\/wp-json\/wp\/v2\/posts\/411389\/revisions\/411391"}],"wp:featuredmedia":[{"embeddable":true,"href":"https:\/\/notinor.com\/jujuy\/wp-json\/wp\/v2\/media\/398815"}],"wp:attachment":[{"href":"https:\/\/notinor.com\/jujuy\/wp-json\/wp\/v2\/media?parent=411389"}],"wp:term":[{"taxonomy":"category","embeddable":true,"href":"https:\/\/notinor.com\/jujuy\/wp-json\/wp\/v2\/categories?post=411389"},{"taxonomy":"post_tag","embeddable":true,"href":"https:\/\/notinor.com\/jujuy\/wp-json\/wp\/v2\/tags?post=411389"}],"curies":[{"name":"wp","href":"https:\/\/api.w.org\/{rel}","templated":true}]}}