{"id":411381,"date":"2024-07-08T09:00:00","date_gmt":"2024-07-08T12:00:00","guid":{"rendered":"https:\/\/notinor.com\/jujuy\/?p=411381"},"modified":"2024-07-07T21:56:50","modified_gmt":"2024-07-08T00:56:50","slug":"el-gobierno-impulsa-el-plan-volver-al-trabajo-con-capacitaciones-y-convenios-con-empresas","status":"publish","type":"post","link":"https:\/\/notinor.com\/jujuy\/el-gobierno-impulsa-el-plan-volver-al-trabajo-con-capacitaciones-y-convenios-con-empresas\/","title":{"rendered":"El Gobierno impulsa el plan Volver al Trabajo  con capacitaciones y convenios con empresas"},"content":{"rendered":"\n<p class=\"has-medium-font-size\"><strong><em>El Gobierno quiere impulsar el plan Volver al Trabajo -exPotenciar Trabajo- con $5000 millones para capacitaciones y convenios con empresas para intentar reinsertar a 1.012.357 beneficiarios en el mercado laboral. Los otros 200.000 restantes quedaron en el programa Acompa\u00f1amiento Social, que incluye a los mayores de 50 y a madres con cuatro hijos o m\u00e1s.<\/em><\/strong><\/p>\n\n\n<div class=\"wp-block-image\">\n<figure class=\"aligncenter size-large\"><img decoding=\"async\" loading=\"lazy\" width=\"840\" height=\"476\" src=\"https:\/\/notinor.com\/jujuy\/wp-content\/uploads\/2024\/07\/1-e1717521061455-1024x580-1-840x476.jpg\" alt=\"\" class=\"wp-image-411383\" srcset=\"https:\/\/notinor.com\/jujuy\/wp-content\/uploads\/2024\/07\/1-e1717521061455-1024x580-1-840x476.jpg 840w, https:\/\/notinor.com\/jujuy\/wp-content\/uploads\/2024\/07\/1-e1717521061455-1024x580-1-644x365.jpg 644w, https:\/\/notinor.com\/jujuy\/wp-content\/uploads\/2024\/07\/1-e1717521061455-1024x580-1-768x435.jpg 768w, https:\/\/notinor.com\/jujuy\/wp-content\/uploads\/2024\/07\/1-e1717521061455-1024x580-1-750x425.jpg 750w, https:\/\/notinor.com\/jujuy\/wp-content\/uploads\/2024\/07\/1-e1717521061455-1024x580-1.jpg 1024w\" sizes=\"(max-width: 840px) 100vw, 840px\" \/><figcaption class=\"wp-element-caption\">Ministra Petovello<\/figcaption><\/figure><\/div>\n\n\n<p><strong>El secretario Julio Cordero y la subsecretaria de Empleo, Eugenia Cortona, est\u00e1n negociando con empresas de comida r\u00e1pida y estaciones de servicio para cerrar acuerdos sobre un nuevo programa.<\/strong><\/p>\n\n\n\n<p>La capacitaci\u00f3n tiene un presupuesto promedio de al menos $5.000.000 e incluye a empresas, fundaciones de sindicatos, c\u00e1maras empresariales y ONGs. Cada sector presenta un proyecto que debe ser aprobado por la secretar\u00eda de Trabajo, que eval\u00faa su impacto cada seis meses. Se financian las horas de c\u00e1tedra, materiales y m\u00e1quinas.<\/p>\n\n\n\n<p>El secretario Julio Cordero y la subsecretaria de Empleo, Eugenia Cortona, est\u00e1n negociando con empresas de comida r\u00e1pida y estaciones de servicio para cerrar acuerdos sobre el programa Entrenamiento para el Trabajo. <strong>Incluye un incentivo de $45.000 para los beneficiarios -m\u00e1s all\u00e1 del pago mensual de $78.000- y abarca un proyecto de trabajo de cuatro horas diarias de lunes a viernes.<\/strong><\/p>\n\n\n\n<p>\u201cLa idea es que se unifique el proceso de capacitaci\u00f3n con el de Entrenamiento para el Trabajo, de forma que las empresas contraten a un alto porcentaje de los beneficiarios y puedan tener un trabajo. El plan les dura dos a\u00f1os. Apuntamos a cerrar convenios con empresas grandes en las pr\u00f3ximas semanas\u201d, expres\u00f3 Cordero<\/p>\n\n\n\n<blockquote class=\"wp-block-quote\">\n<p>Los beneficiarios pueden tener un ingreso de hasta tres salarios m\u00ednimos vitales y m\u00f3viles -$540.000- y no est\u00e1n obligados a dar una contraprestaci\u00f3n. Del mill\u00f3n que compone el padr\u00f3n, 636.748 personas ya se identificaron en el portal de Empleo.<\/p>\n<\/blockquote>\n\n\n\n<p>\u201cHubo un reempadronamiento, pero despu\u00e9s los beneficiarios se registraron nuevamente para arrancar a acceder a las propuestas que tenemos para ofrecerles. No hay contraprestaci\u00f3n obligatoria, cobran igual, pero si quieren acceder a un trabajo tienen que identificarse. El 76% ya abri\u00f3 la p\u00e1gina, por lo menos\u201d, ampli\u00f3 Cordero.<\/p>\n\n\n\n<p><strong>El 48% de los beneficiarios tiene domicilio en las provincias de Buenos Aires y Tucum\u00e1n y el 70% son mujeres. El 63% se encuentra en el rango de edad entre 18 y 35 a\u00f1os y el 56% tiene el secundario incompleto.<\/strong><\/p>\n\n\n\n<p>El 20% manifest\u00f3 tener inter\u00e9s en formarse en Gastronom\u00eda, Turismo y Textil e Indumentaria. \u201cQueremos empezar a darle herramientas a los beneficiarios con capacitaciones iniciales, que incluye Alba\u00f1iler\u00eda, electricidad, mec\u00e1nica, soldadores y relacionados con el trabajo forestal. La intenci\u00f3n tambi\u00e9n es darle un fuerte impulso a las tareas de cuidado. Queremos hablarlo con los sindicatos\u201d, manifest\u00f3 a TN Cortona.<\/p>\n","protected":false},"excerpt":{"rendered":"<p>El Gobierno quiere impulsar el plan Volver al Trabajo -exPotenciar Trabajo- con $5000 millones para capacitaciones y convenios con empresas para intentar reinsertar a 1.012.357 beneficiarios en el mercado laboral. Los otros 200.000 restantes quedaron en el programa Acompa\u00f1amiento Social, que incluye a los mayores de 50 y a madres con cuatro hijos o m\u00e1s. [&hellip;]<\/p>\n","protected":false},"author":53,"featured_media":411383,"comment_status":"open","ping_status":"open","sticky":false,"template":"","format":"standard","meta":{"_stopmodifiedupdate":false,"_modified_date":"","inline_featured_image":false,"spay_email":"","jetpack_publicize_message":""},"categories":[2,676],"tags":[],"jetpack_featured_media_url":"https:\/\/notinor.com\/jujuy\/wp-content\/uploads\/2024\/07\/1-e1717521061455-1024x580-1.jpg","jetpack_publicize_connections":[],"_links":{"self":[{"href":"https:\/\/notinor.com\/jujuy\/wp-json\/wp\/v2\/posts\/411381"}],"collection":[{"href":"https:\/\/notinor.com\/jujuy\/wp-json\/wp\/v2\/posts"}],"about":[{"href":"https:\/\/notinor.com\/jujuy\/wp-json\/wp\/v2\/types\/post"}],"author":[{"embeddable":true,"href":"https:\/\/notinor.com\/jujuy\/wp-json\/wp\/v2\/users\/53"}],"replies":[{"embeddable":true,"href":"https:\/\/notinor.com\/jujuy\/wp-json\/wp\/v2\/comments?post=411381"}],"version-history":[{"count":1,"href":"https:\/\/notinor.com\/jujuy\/wp-json\/wp\/v2\/posts\/411381\/revisions"}],"predecessor-version":[{"id":411384,"href":"https:\/\/notinor.com\/jujuy\/wp-json\/wp\/v2\/posts\/411381\/revisions\/411384"}],"wp:featuredmedia":[{"embeddable":true,"href":"https:\/\/notinor.com\/jujuy\/wp-json\/wp\/v2\/media\/411383"}],"wp:attachment":[{"href":"https:\/\/notinor.com\/jujuy\/wp-json\/wp\/v2\/media?parent=411381"}],"wp:term":[{"taxonomy":"category","embeddable":true,"href":"https:\/\/notinor.com\/jujuy\/wp-json\/wp\/v2\/categories?post=411381"},{"taxonomy":"post_tag","embeddable":true,"href":"https:\/\/notinor.com\/jujuy\/wp-json\/wp\/v2\/tags?post=411381"}],"curies":[{"name":"wp","href":"https:\/\/api.w.org\/{rel}","templated":true}]}}