{"id":411378,"date":"2024-07-07T21:23:47","date_gmt":"2024-07-08T00:23:47","guid":{"rendered":"https:\/\/notinor.com\/jujuy\/?p=411378"},"modified":"2024-07-07T21:23:49","modified_gmt":"2024-07-08T00:23:49","slug":"la-ministra-serrano-recorrio-talleres-formativos-tecnologicos-en-palpala-el-carmen-y-alto-comedero","status":"publish","type":"post","link":"https:\/\/notinor.com\/jujuy\/la-ministra-serrano-recorrio-talleres-formativos-tecnologicos-en-palpala-el-carmen-y-alto-comedero\/","title":{"rendered":"La ministra Serrano recorri\u00f3 talleres formativos tecnol\u00f3gicos en Palpal\u00e1, El Carmen y Alto Comedero"},"content":{"rendered":"\n<p class=\"has-medium-font-size\"><strong><em>Docentes de distintos niveles se capacitan en el uso del Aula M\u00f3vil Digital que el Ministerio de Educaci\u00f3n, a trav\u00e9s del PROMACE, distribuye en toda las escuelas de la provincia.<\/em><\/strong><\/p>\n\n\n\n<p><\/p>\n\n\n<div class=\"wp-block-image\">\n<figure class=\"aligncenter size-full\"><img decoding=\"async\" loading=\"lazy\" width=\"800\" height=\"450\" src=\"https:\/\/notinor.com\/jujuy\/wp-content\/uploads\/2024\/07\/miriam-serrano.jpg\" alt=\"\" class=\"wp-image-411379\" srcset=\"https:\/\/notinor.com\/jujuy\/wp-content\/uploads\/2024\/07\/miriam-serrano.jpg 800w, https:\/\/notinor.com\/jujuy\/wp-content\/uploads\/2024\/07\/miriam-serrano-649x365.jpg 649w, https:\/\/notinor.com\/jujuy\/wp-content\/uploads\/2024\/07\/miriam-serrano-500x280.jpg 500w, https:\/\/notinor.com\/jujuy\/wp-content\/uploads\/2024\/07\/miriam-serrano-768x432.jpg 768w, https:\/\/notinor.com\/jujuy\/wp-content\/uploads\/2024\/07\/miriam-serrano-750x422.jpg 750w\" sizes=\"(max-width: 800px) 100vw, 800px\" \/><\/figure><\/div>\n\n\n<p><\/p>\n\n\n\n<p>M\u00e1s docentes se suman a los talleres sobre \"Uso de ADM\" que ofrece el Ministerio de Educaci\u00f3n para el uso de las nuevas herramientas tecnol\u00f3gicas digitales en el aula.<\/p>\n\n\n\n<p><strong>Este s\u00e1bado, la ministra Miriam Serrano visit\u00f3 tres establecimientos escolares donde se desarrollaban talleres para el uso del Aula Digital M\u00f3vil (ADM).<\/strong><\/p>\n\n\n\n<p><strong>\"Acompa\u00f1\u00e9 a docentes que realizan la capacitaci\u00f3n, fue un gusto saber que tenemos a profesores tan comprometidos y motivados en seguir aprendiendo para que la tecnolog\u00eda, de la mano de la pedagog\u00eda, les permita ser innovadores y creativos en su practica \u00e1ulica\",<\/strong> dijo la ministra durante su visita a la Escuela Primaria N\u00b0144 \"V\u00edctor Mercante\" de Palpal\u00e1.<\/p>\n\n\n\n<p>Previamente visit\u00f3 la Escuela Primaria N\u00b0431 \"Isabel la Cat\u00f3lica\" de Alto Comedero y luego se traslad\u00f3 a la Escuela Primaria N\u00b0412 \"Ingeniero Carlos Snopek\" de El Carmen. Acompa\u00f1\u00f3 a la ministra Pablo Almir\u00f3n, director de Innovaci\u00f3n Educativa (DIE) de la Secretaria de Planeamiento Estrat\u00e9gico.<\/p>\n\n\n\n<p>El director de Educaci\u00f3n Primaria Miguel Pe\u00f1aloza tuvo a su cargo el cierre de la jornada. <strong>En Alto Comedero, el grupo de docentes cerr\u00f3 una primera etapa formativa, en tanto que en los otros establecimientos los docentes asist\u00edan por primera vez.<\/strong> Los talleres son coordinados por el equipo t\u00e9cnico de la DIE.<\/p>\n","protected":false},"excerpt":{"rendered":"<p>Docentes de distintos niveles se capacitan en el uso del Aula M\u00f3vil Digital que el Ministerio de Educaci\u00f3n, a trav\u00e9s del PROMACE, distribuye en toda las escuelas de la provincia. M\u00e1s docentes se suman a los talleres sobre \"Uso de ADM\" que ofrece el Ministerio de Educaci\u00f3n para el uso de las nuevas herramientas tecnol\u00f3gicas [&hellip;]<\/p>\n","protected":false},"author":49,"featured_media":411379,"comment_status":"open","ping_status":"open","sticky":false,"template":"","format":"standard","meta":{"_stopmodifiedupdate":false,"_modified_date":"","inline_featured_image":false,"spay_email":"","jetpack_publicize_message":""},"categories":[2,514],"tags":[],"jetpack_featured_media_url":"https:\/\/notinor.com\/jujuy\/wp-content\/uploads\/2024\/07\/miriam-serrano.jpg","jetpack_publicize_connections":[],"_links":{"self":[{"href":"https:\/\/notinor.com\/jujuy\/wp-json\/wp\/v2\/posts\/411378"}],"collection":[{"href":"https:\/\/notinor.com\/jujuy\/wp-json\/wp\/v2\/posts"}],"about":[{"href":"https:\/\/notinor.com\/jujuy\/wp-json\/wp\/v2\/types\/post"}],"author":[{"embeddable":true,"href":"https:\/\/notinor.com\/jujuy\/wp-json\/wp\/v2\/users\/49"}],"replies":[{"embeddable":true,"href":"https:\/\/notinor.com\/jujuy\/wp-json\/wp\/v2\/comments?post=411378"}],"version-history":[{"count":1,"href":"https:\/\/notinor.com\/jujuy\/wp-json\/wp\/v2\/posts\/411378\/revisions"}],"predecessor-version":[{"id":411380,"href":"https:\/\/notinor.com\/jujuy\/wp-json\/wp\/v2\/posts\/411378\/revisions\/411380"}],"wp:featuredmedia":[{"embeddable":true,"href":"https:\/\/notinor.com\/jujuy\/wp-json\/wp\/v2\/media\/411379"}],"wp:attachment":[{"href":"https:\/\/notinor.com\/jujuy\/wp-json\/wp\/v2\/media?parent=411378"}],"wp:term":[{"taxonomy":"category","embeddable":true,"href":"https:\/\/notinor.com\/jujuy\/wp-json\/wp\/v2\/categories?post=411378"},{"taxonomy":"post_tag","embeddable":true,"href":"https:\/\/notinor.com\/jujuy\/wp-json\/wp\/v2\/tags?post=411378"}],"curies":[{"name":"wp","href":"https:\/\/api.w.org\/{rel}","templated":true}]}}