{"id":411375,"date":"2024-07-08T08:00:00","date_gmt":"2024-07-08T11:00:00","guid":{"rendered":"https:\/\/notinor.com\/jujuy\/?p=411375"},"modified":"2024-07-07T21:19:47","modified_gmt":"2024-07-08T00:19:47","slug":"la-corte-suprema-no-asistira-al-acto-de-javier-milei-en-tucuman","status":"publish","type":"post","link":"https:\/\/notinor.com\/jujuy\/la-corte-suprema-no-asistira-al-acto-de-javier-milei-en-tucuman\/","title":{"rendered":"La Corte Suprema no asistir\u00e1 al acto de Javier Milei en Tucum\u00e1n"},"content":{"rendered":"\n<p class=\"has-medium-font-size\"><strong><em>Los cuatro miembros de la Corte Suprema de Justicia informaron que no ir\u00e1n al acto de Javier Milei en Tucum\u00e1n y que, por ende, no firmar\u00e1n el Pacto de Mayo previsto para el pr\u00f3ximo martes 9 de julio en Tucum\u00e1n.<\/em><\/strong><\/p>\n\n\n<div class=\"wp-block-image\">\n<figure class=\"aligncenter size-large\"><img decoding=\"async\" loading=\"lazy\" width=\"840\" height=\"360\" src=\"https:\/\/notinor.com\/jujuy\/wp-content\/uploads\/2024\/07\/corte-supremajfif-840x360.webp\" alt=\"\" class=\"wp-image-411376\" srcset=\"https:\/\/notinor.com\/jujuy\/wp-content\/uploads\/2024\/07\/corte-supremajfif-840x360.webp 840w, https:\/\/notinor.com\/jujuy\/wp-content\/uploads\/2024\/07\/corte-supremajfif-660x283.webp 660w, https:\/\/notinor.com\/jujuy\/wp-content\/uploads\/2024\/07\/corte-supremajfif-768x329.webp 768w, https:\/\/notinor.com\/jujuy\/wp-content\/uploads\/2024\/07\/corte-supremajfif-750x322.webp 750w, https:\/\/notinor.com\/jujuy\/wp-content\/uploads\/2024\/07\/corte-supremajfif.webp 1140w\" sizes=\"(max-width: 840px) 100vw, 840px\" \/><figcaption class=\"wp-element-caption\">Corte Suprema<\/figcaption><\/figure><\/div>\n\n\n<p>La decisi\u00f3n se da en medio del debate por la incorporaci\u00f3n de dos nuevos integrantes al m\u00e1ximo tribunal de Justicia. Lo informaron a trav\u00e9s del \u00e1rea de ceremonial.<\/p>\n\n\n\n<p><strong>La decisi\u00f3n que tomaron Juan Carlos Maqueda, Horacio Rosatti, Carlos Rosekrantz y Ricardo Lorenzatti fue informada de manera oficial a trav\u00e9s del \u00e1rea de ceremonial del tribunal, quien ya le inform\u00f3 a ceremonial de la Casa Rosada.<\/strong><\/p>\n\n\n\n<p>El comunicado oficial no detalla los motivos por los que los jueces del m\u00e1ximo tribunal de Justicia decidieron no asistir al pacto que estaba pautado para mayo y que debi\u00f3 posponerse por el debate de la ya aprobada Ley Bases.<\/p>\n\n\n\n<blockquote class=\"wp-block-quote\">\n<p>Los jueces que componen el tribunal esgrimieron su decisi\u00f3n en el formalismo de que no est\u00e1n habilitados por la Constituci\u00f3n para firmar pactos pol\u00edticos como el que propuso el Presidente Javier Milei.<\/p>\n<\/blockquote>\n\n\n\n<p>Sin embargo, la decisi\u00f3n se da en medio del debate por la incorporaci\u00f3n de dos nuevos integrantes a la Corte Suprema de Justicia, sumada a la pol\u00e9mica postulaci\u00f3n del juez Ariel Lijo -apoyada por el Gobierno- y una eventual ampliaci\u00f3n del tribunal.<\/p>\n\n\n\n<p><strong>Rosatti, Maqueda, Rosenkrantz y Lorenzetti no ser\u00e1n los \u00fanicos ausentes en el pacto de mayo. El gobernador bonaerense, Axel Kicillof, tambi\u00e9n adelant\u00f3 su decisi\u00f3n de no participar del encuentro con una dura frase: \u201cSi es una foto de marketing del Gobierno para fingir un apoyo, no cuenten conmigo\u201d.<\/strong><\/p>\n\n\n\n<p>Los jefes provinciales que s\u00ed viajar\u00e1n a Tucum\u00e1n para firmar la acordada nacional son Ricardo Quintela (La Rioja), Sergio Ziliotto (La Pampa), Gustavo Melella (Tierra del Fuego) y Gildo Insfr\u00e1n (Formosa). Desde el Gobierno tambi\u00e9n detallaron que solo los gobernadores podr\u00e1n firmarlo.<\/p>\n","protected":false},"excerpt":{"rendered":"<p>Los cuatro miembros de la Corte Suprema de Justicia informaron que no ir\u00e1n al acto de Javier Milei en Tucum\u00e1n y que, por ende, no firmar\u00e1n el Pacto de Mayo previsto para el pr\u00f3ximo martes 9 de julio en Tucum\u00e1n. La decisi\u00f3n se da en medio del debate por la incorporaci\u00f3n de dos nuevos integrantes [&hellip;]<\/p>\n","protected":false},"author":53,"featured_media":411376,"comment_status":"open","ping_status":"open","sticky":false,"template":"","format":"standard","meta":{"_stopmodifiedupdate":false,"_modified_date":"","inline_featured_image":false,"spay_email":"","jetpack_publicize_message":""},"categories":[2,501],"tags":[],"jetpack_featured_media_url":"https:\/\/notinor.com\/jujuy\/wp-content\/uploads\/2024\/07\/corte-supremajfif.webp","jetpack_publicize_connections":[],"_links":{"self":[{"href":"https:\/\/notinor.com\/jujuy\/wp-json\/wp\/v2\/posts\/411375"}],"collection":[{"href":"https:\/\/notinor.com\/jujuy\/wp-json\/wp\/v2\/posts"}],"about":[{"href":"https:\/\/notinor.com\/jujuy\/wp-json\/wp\/v2\/types\/post"}],"author":[{"embeddable":true,"href":"https:\/\/notinor.com\/jujuy\/wp-json\/wp\/v2\/users\/53"}],"replies":[{"embeddable":true,"href":"https:\/\/notinor.com\/jujuy\/wp-json\/wp\/v2\/comments?post=411375"}],"version-history":[{"count":1,"href":"https:\/\/notinor.com\/jujuy\/wp-json\/wp\/v2\/posts\/411375\/revisions"}],"predecessor-version":[{"id":411377,"href":"https:\/\/notinor.com\/jujuy\/wp-json\/wp\/v2\/posts\/411375\/revisions\/411377"}],"wp:featuredmedia":[{"embeddable":true,"href":"https:\/\/notinor.com\/jujuy\/wp-json\/wp\/v2\/media\/411376"}],"wp:attachment":[{"href":"https:\/\/notinor.com\/jujuy\/wp-json\/wp\/v2\/media?parent=411375"}],"wp:term":[{"taxonomy":"category","embeddable":true,"href":"https:\/\/notinor.com\/jujuy\/wp-json\/wp\/v2\/categories?post=411375"},{"taxonomy":"post_tag","embeddable":true,"href":"https:\/\/notinor.com\/jujuy\/wp-json\/wp\/v2\/tags?post=411375"}],"curies":[{"name":"wp","href":"https:\/\/api.w.org\/{rel}","templated":true}]}}