{"id":411185,"date":"2024-07-03T20:54:59","date_gmt":"2024-07-03T23:54:59","guid":{"rendered":"https:\/\/notinor.com\/jujuy\/?p=411185"},"modified":"2024-07-03T20:55:02","modified_gmt":"2024-07-03T23:55:02","slug":"sadir-recibio-al-secretario-de-comunicacion-y-prensa-de-nacion","status":"publish","type":"post","link":"https:\/\/notinor.com\/jujuy\/sadir-recibio-al-secretario-de-comunicacion-y-prensa-de-nacion\/","title":{"rendered":"Sadir recibi\u00f3 al Secretario de Comunicaci\u00f3n y Prensa de Naci\u00f3n"},"content":{"rendered":"\n<p class=\"has-medium-font-size\"><strong><em>El gobernador Carlos Sadir se reuni\u00f3 con el secretario de Comunicaci\u00f3n y Prensa de Naci\u00f3n, Carlos Serenellini, para dialogar sobre temas de agenda entre Naci\u00f3n y Provincia.<\/em><\/strong><\/p>\n\n\n\n<p><\/p>\n\n\n<div class=\"wp-block-image\">\n<figure class=\"aligncenter size-full\"><img decoding=\"async\" loading=\"lazy\" width=\"800\" height=\"450\" src=\"https:\/\/notinor.com\/jujuy\/wp-content\/uploads\/2024\/07\/sadir-y-serenellini.jpg\" alt=\"\" class=\"wp-image-411186\" srcset=\"https:\/\/notinor.com\/jujuy\/wp-content\/uploads\/2024\/07\/sadir-y-serenellini.jpg 800w, https:\/\/notinor.com\/jujuy\/wp-content\/uploads\/2024\/07\/sadir-y-serenellini-649x365.jpg 649w, https:\/\/notinor.com\/jujuy\/wp-content\/uploads\/2024\/07\/sadir-y-serenellini-500x280.jpg 500w, https:\/\/notinor.com\/jujuy\/wp-content\/uploads\/2024\/07\/sadir-y-serenellini-768x432.jpg 768w, https:\/\/notinor.com\/jujuy\/wp-content\/uploads\/2024\/07\/sadir-y-serenellini-750x422.jpg 750w\" sizes=\"(max-width: 800px) 100vw, 800px\" \/><\/figure><\/div>\n\n\n<p><\/p>\n\n\n\n<p>El encuentro se concret\u00f3 en el Sal\u00f3n Blanco de Casa de Gobierno, oportunidad en la que<strong> abordaron temas de agenda nacional vinculados principalmente a la firma del Pacto de Mayo que rubricar\u00e1 el Presidente de la Naci\u00f3n con gobernadores el pr\u00f3ximo 9 de julio en San Miguel de Tucum\u00e1n, en ocasi\u00f3n de los festejos por el 208\u00b0 aniversario de la Declaraci\u00f3n de la Independencia Argentina. <\/strong>Los mandatarios provinciales est\u00e1n invitados a la vigilia el 8 de julio en la Casa Hist\u00f3rica y pasada la medianoche se proceder\u00e1 a la firma.<\/p>\n\n\n\n<p><strong>Tambi\u00e9n dialogaron sobre Ley Bases y el impacto que tendr\u00e1 la implementaci\u00f3n del RIGI en Jujuy, adem\u00e1s de la obra p\u00fablica<\/strong> y \u201cla implementaci\u00f3n de los convenios rubricados hace un par de semanas\u201d, indic\u00f3 el gobernador Sadir.<\/p>\n\n\n\n<p>Serenellini se encuentra en la provincia para visitar Radio Nacional y mantendr\u00e1 reuniones intersectoriales con representantes de las c\u00e1maras empresariales, de servicio, la industria, el comercio y con autoridades de los colegios profesionales.<\/p>\n\n\n\n<p><strong>\u201cEsta provincia es litio, turismo, ingenios azucareros, tabaco y necesitan m\u00e1s profesionales, porque con el RIGI vienen las inversiones para Jujuy\u201d,<\/strong> sostuvo el funcionario nacional.<\/p>\n","protected":false},"excerpt":{"rendered":"<p>El gobernador Carlos Sadir se reuni\u00f3 con el secretario de Comunicaci\u00f3n y Prensa de Naci\u00f3n, Carlos Serenellini, para dialogar sobre temas de agenda entre Naci\u00f3n y Provincia. El encuentro se concret\u00f3 en el Sal\u00f3n Blanco de Casa de Gobierno, oportunidad en la que abordaron temas de agenda nacional vinculados principalmente a la firma del Pacto [&hellip;]<\/p>\n","protected":false},"author":49,"featured_media":411186,"comment_status":"open","ping_status":"open","sticky":false,"template":"","format":"standard","meta":{"_stopmodifiedupdate":false,"_modified_date":"","inline_featured_image":false,"spay_email":"","jetpack_publicize_message":""},"categories":[2,514],"tags":[],"jetpack_featured_media_url":"https:\/\/notinor.com\/jujuy\/wp-content\/uploads\/2024\/07\/sadir-y-serenellini.jpg","jetpack_publicize_connections":[],"_links":{"self":[{"href":"https:\/\/notinor.com\/jujuy\/wp-json\/wp\/v2\/posts\/411185"}],"collection":[{"href":"https:\/\/notinor.com\/jujuy\/wp-json\/wp\/v2\/posts"}],"about":[{"href":"https:\/\/notinor.com\/jujuy\/wp-json\/wp\/v2\/types\/post"}],"author":[{"embeddable":true,"href":"https:\/\/notinor.com\/jujuy\/wp-json\/wp\/v2\/users\/49"}],"replies":[{"embeddable":true,"href":"https:\/\/notinor.com\/jujuy\/wp-json\/wp\/v2\/comments?post=411185"}],"version-history":[{"count":1,"href":"https:\/\/notinor.com\/jujuy\/wp-json\/wp\/v2\/posts\/411185\/revisions"}],"predecessor-version":[{"id":411187,"href":"https:\/\/notinor.com\/jujuy\/wp-json\/wp\/v2\/posts\/411185\/revisions\/411187"}],"wp:featuredmedia":[{"embeddable":true,"href":"https:\/\/notinor.com\/jujuy\/wp-json\/wp\/v2\/media\/411186"}],"wp:attachment":[{"href":"https:\/\/notinor.com\/jujuy\/wp-json\/wp\/v2\/media?parent=411185"}],"wp:term":[{"taxonomy":"category","embeddable":true,"href":"https:\/\/notinor.com\/jujuy\/wp-json\/wp\/v2\/categories?post=411185"},{"taxonomy":"post_tag","embeddable":true,"href":"https:\/\/notinor.com\/jujuy\/wp-json\/wp\/v2\/tags?post=411185"}],"curies":[{"name":"wp","href":"https:\/\/api.w.org\/{rel}","templated":true}]}}