{"id":411179,"date":"2024-07-03T20:01:19","date_gmt":"2024-07-03T23:01:19","guid":{"rendered":"https:\/\/notinor.com\/jujuy\/?p=411179"},"modified":"2024-07-03T20:01:21","modified_gmt":"2024-07-03T23:01:21","slug":"caputo-mando-un-adelanto-del-presupuesto-e-incluyo-datos-para-este-ano-dolar-a-1-016-y-una-inflacion-de-1397","status":"publish","type":"post","link":"https:\/\/notinor.com\/jujuy\/caputo-mando-un-adelanto-del-presupuesto-e-incluyo-datos-para-este-ano-dolar-a-1-016-y-una-inflacion-de-1397\/","title":{"rendered":"Caputo mand\u00f3 un adelanto del Presupuesto e incluy\u00f3 datos para este a\u00f1o: d\u00f3lar a $1.016 y una inflaci\u00f3n de 139,7%"},"content":{"rendered":"\n<p class=\"has-medium-font-size\"><strong><em>El funcionario envi\u00f3 al Congreso un anticipo de la pauta de ingresos y egresos del 2025, en medio de la tensi\u00f3n financiera. Agreg\u00f3 en la presentaci\u00f3n la previsi\u00f3n para fin de este a\u00f1o de los principales indicadores de la econom\u00eda. Y confirm\u00f3 la eliminaci\u00f3n del Impuesto PAIS.<\/em><\/strong><\/p>\n\n\n\n<p><\/p>\n\n\n<div class=\"wp-block-image\">\n<figure class=\"aligncenter size-full\"><img decoding=\"async\" loading=\"lazy\" width=\"800\" height=\"450\" src=\"https:\/\/notinor.com\/jujuy\/wp-content\/uploads\/2024\/07\/luis-caputo.jpg\" alt=\"\" class=\"wp-image-411180\" srcset=\"https:\/\/notinor.com\/jujuy\/wp-content\/uploads\/2024\/07\/luis-caputo.jpg 800w, https:\/\/notinor.com\/jujuy\/wp-content\/uploads\/2024\/07\/luis-caputo-649x365.jpg 649w, https:\/\/notinor.com\/jujuy\/wp-content\/uploads\/2024\/07\/luis-caputo-500x280.jpg 500w, https:\/\/notinor.com\/jujuy\/wp-content\/uploads\/2024\/07\/luis-caputo-768x432.jpg 768w, https:\/\/notinor.com\/jujuy\/wp-content\/uploads\/2024\/07\/luis-caputo-750x422.jpg 750w\" sizes=\"(max-width: 800px) 100vw, 800px\" \/><\/figure><\/div>\n\n\n<p><\/p>\n\n\n\n<p>El ministro de Econom\u00eda, Luis Caputo, envi\u00f3 un anticipo del Presupuesto 2025 al Congreso de la Naci\u00f3n, con un mensaje donde <strong>plantea los ejes principales que contendr\u00e1 el documento que, por ley, deber\u00eda ingresar el 15 de septiembre.<\/strong><\/p>\n\n\n\n<p>El jefe del Palacio de Hacienda aclar\u00f3 que el documento final ingresar\u00e1 antes de la fecha establecida -prevista constitucionalmente para el mes de setiembre- y fij\u00f3 los cuatro ejes tem\u00e1ticos en los que se concentrar\u00e1 la Ley de Leyes de la econom\u00eda. <strong>Seg\u00fan el documento, el objetivo principal para el el 2025 ser\u00e1 la estabilidad macroecon\u00f3mica y continuar con el d\u00e9ficit cero.<\/strong><\/p>\n\n\n\n<p>El documento explica que las prioridades de la pol\u00edtica presupuestaria para el pr\u00f3ximo ejercicio \u201cse enmarcan en 4 grandes ejes que gu\u00edan la gesti\u00f3n del Gobierno Nacional\u201d.<\/p>\n\n\n\n<p><strong>El primero se trata del equilibrio fiscal sostenido. Para eso se\u00f1ala que se adoptar\u00e1n \u201cmedidas audaces que permitieron avanzar de forma m\u00e1s r\u00e1pida de lo previsto hacia el equilibrio fiscal,<\/strong> la desaceleraci\u00f3n de la inflaci\u00f3n, la mejora del balance del Banco Central y el fortalecimiento de las reservas internacionales\u201d.<\/p>\n\n\n\n<p>El segundo tiene que ver con la pol\u00edtica social, en donde resalta que <strong>\u201cel acompa\u00f1amiento social sin intermediaciones, realizando esfuerzos significativos para ampliar la asistencia social a madres y ni\u00f1os en los sectores m\u00e1s vulnerables y proteger el poder adquisitivo de las jubilaciones y pensiones\u201d<\/strong><\/p>\n\n\n\n<p>El tercer punto es \u201cla modernizaci\u00f3n y simplificaci\u00f3n del Estado ocupado en sus funciones esenciales para no entorpecer las condiciones para el desarrollo del sector privado, favoreciendo la libre empresa\u201d.<\/p>\n\n\n\n<p>Por \u00faltimo, \u201cel equipamiento y modernizaci\u00f3n de seguridad y defensa continuar\u00e1 siendo una prioridad\u201d.<\/p>\n\n\n\n<p><strong>Tambi\u00e9n se present\u00f3 un an\u00e1lisis de la ejecuci\u00f3n presupuestaria de la Administraci\u00f3n P\u00fablica Nacional al 31 de mayo de 2024.<\/strong><\/p>\n\n\n\n<p><strong>Respecto al tipo de cambio nominal (TCN) el texto de Caputo se\u00f1ala que el tipo de cambio con el d\u00f3lar se eleva a $ 1016,1 (+58,3% interanual) y la inflaci\u00f3n proyectada al inicio del proceso de elaboraci\u00f3n del presupuesto se ubicaba en un 139,7% interanual para diciembre de 2024,<\/strong> resultando en una baja promedio del tipo de cambio real (TCR) bilateral de -2,3% en el a\u00f1o.<\/p>\n\n\n\n<p>Respecto a los impuestos, la administraci\u00f3n nacional presupuesta que aumente la recaudaci\u00f3n \u201cun 54,4% respecto a la proyectada para 2024\u2033. Sin embargo, hace la salvedad de que significar\u00e1 \u201cuna reducci\u00f3n de 0,45 puntos porcentuales del PIB respecto al a\u00f1o anterior\u201d.<\/p>\n\n\n\n<p>Asimismo, que <strong>la presi\u00f3n tributaria \u201cpasar\u00eda de 21,61% del PIB en el a\u00f1o 2024 a 21,16% en el a\u00f1o 2025. Este cambio en la presi\u00f3n impositiva total responde al efecto neto de modificaciones en el contexto macroecon\u00f3mico y de medidas de pol\u00edtica y administraci\u00f3n tributaria, <\/strong>destac\u00e1ndose la menor recaudaci\u00f3n como consecuencia de la finalizaci\u00f3n de la vigencia del impuesto PAIS\u201d.<\/p>\n\n\n\n<p>Uno de los impuestos que m\u00e1s crecer\u00eda en el 2025 ser\u00e1 el de los combustibles. Por lo menos en su recaudaci\u00f3n. \u201cLos ingresos estimados por el Impuesto sobre los Combustibles y al Di\u00f3xido de Carbono crecer\u00edan un 136,1% respecto de 2024. <strong>La variaci\u00f3n se explica, principalmente, por las actualizaciones de las sumas fijas para determinar el impuesto y el aumento de la actividad econ\u00f3mica proyectado\u201d.<\/strong><\/p>\n\n\n\n<p>En lo que se refiere al financiamiento, Econom\u00eda se\u00f1ana que se \u201ccontinuar\u00e1 con la estrategia de extender el perfil de vencimientos, limitando la carga financiera sobre las cuentas del Tesoro\u201d.<\/p>\n\n\n\n<p>Respecto al financiamiento externo, expresa que durante el ejercicio 2025, \u201cArgentina mantendr\u00e1 sus esfuerzos para optimizar su cartera de operaciones con financiamiento internacional acompa\u00f1ando los lineamientos propuestos de prudencia fiscal\u201d.<\/p>\n\n\n\n<blockquote class=\"wp-block-quote\">\n<p><strong>\u201cA partir del acceso a recursos financieros a tasas bajas y con plazos largos de repago, se implementan programas\/proyectos que mejoran sustancialmente el capital f\u00edsico y humano de nuestro pa\u00eds con una visi\u00f3n de transformaci\u00f3n estructural hacia el crecimiento sostenible\u201d.<\/strong><\/p>\n<\/blockquote>\n\n\n\n<p>Un punto que est\u00e1 en discusi\u00f3n con las provincias y con el sector privado tiene que ver con la inversi\u00f3n en obra p\u00fablica. \u201cLa optimizaci\u00f3n del Sistema Nacional de Inversiones P\u00fablicas ser\u00e1 un eje fundamental en el a\u00f1o 2025, en tanto contribuye a alcanzar las metas fiscales estipuladas\u201d.<\/p>\n\n\n\n<p>En este caso, el documento se\u00f1ala que el Ejecutivo utilizar\u00e1 un <strong>\u201cc\u00e1lculo de las brechas sectoriales de infraestructura como un insumo para la formulaci\u00f3n del Plan Nacional de Inversiones P\u00fablicas 2025- 2027\u2033.<\/strong><\/p>\n\n\n\n<p>Por \u00faltimo, se\u00f1ala que avanzar\u00e1 en las privatizaciones de las empresas p\u00fablicas y en el ajuste del sector de los trabajadores del Estado en l\u00ednea como lo viene realizando hasta ahora.<\/p>\n","protected":false},"excerpt":{"rendered":"<p>El funcionario envi\u00f3 al Congreso un anticipo de la pauta de ingresos y egresos del 2025, en medio de la tensi\u00f3n financiera. Agreg\u00f3 en la presentaci\u00f3n la previsi\u00f3n para fin de este a\u00f1o de los principales indicadores de la econom\u00eda. Y confirm\u00f3 la eliminaci\u00f3n del Impuesto PAIS. El ministro de Econom\u00eda, Luis Caputo, envi\u00f3 un [&hellip;]<\/p>\n","protected":false},"author":49,"featured_media":411180,"comment_status":"open","ping_status":"open","sticky":false,"template":"","format":"standard","meta":{"_stopmodifiedupdate":false,"_modified_date":"","inline_featured_image":false,"spay_email":"","jetpack_publicize_message":""},"categories":[2,676],"tags":[],"jetpack_featured_media_url":"https:\/\/notinor.com\/jujuy\/wp-content\/uploads\/2024\/07\/luis-caputo.jpg","jetpack_publicize_connections":[],"_links":{"self":[{"href":"https:\/\/notinor.com\/jujuy\/wp-json\/wp\/v2\/posts\/411179"}],"collection":[{"href":"https:\/\/notinor.com\/jujuy\/wp-json\/wp\/v2\/posts"}],"about":[{"href":"https:\/\/notinor.com\/jujuy\/wp-json\/wp\/v2\/types\/post"}],"author":[{"embeddable":true,"href":"https:\/\/notinor.com\/jujuy\/wp-json\/wp\/v2\/users\/49"}],"replies":[{"embeddable":true,"href":"https:\/\/notinor.com\/jujuy\/wp-json\/wp\/v2\/comments?post=411179"}],"version-history":[{"count":1,"href":"https:\/\/notinor.com\/jujuy\/wp-json\/wp\/v2\/posts\/411179\/revisions"}],"predecessor-version":[{"id":411181,"href":"https:\/\/notinor.com\/jujuy\/wp-json\/wp\/v2\/posts\/411179\/revisions\/411181"}],"wp:featuredmedia":[{"embeddable":true,"href":"https:\/\/notinor.com\/jujuy\/wp-json\/wp\/v2\/media\/411180"}],"wp:attachment":[{"href":"https:\/\/notinor.com\/jujuy\/wp-json\/wp\/v2\/media?parent=411179"}],"wp:term":[{"taxonomy":"category","embeddable":true,"href":"https:\/\/notinor.com\/jujuy\/wp-json\/wp\/v2\/categories?post=411179"},{"taxonomy":"post_tag","embeddable":true,"href":"https:\/\/notinor.com\/jujuy\/wp-json\/wp\/v2\/tags?post=411179"}],"curies":[{"name":"wp","href":"https:\/\/api.w.org\/{rel}","templated":true}]}}