{"id":411046,"date":"2024-07-01T12:03:38","date_gmt":"2024-07-01T15:03:38","guid":{"rendered":"https:\/\/notinor.com\/jujuy\/?p=411046"},"modified":"2024-07-01T12:03:40","modified_gmt":"2024-07-01T15:03:40","slug":"por-primera-vez-el-argentino-franco-colapinto-sera-piloto-de-pruebas-de-la-formula-1","status":"publish","type":"post","link":"https:\/\/notinor.com\/jujuy\/por-primera-vez-el-argentino-franco-colapinto-sera-piloto-de-pruebas-de-la-formula-1\/","title":{"rendered":"Por primera vez, el argentino Franco Colapinto ser\u00e1 piloto de pruebas de la F\u00f3rmula 1"},"content":{"rendered":"\n<p class=\"has-medium-font-size\"><strong><em>El equipo de Williams anunci\u00f3 este lunes que el piloto argentino Franco Colapinto participar\u00e1 de los entrenamientos de la F\u00f3rmula. Ser\u00e1 este fin de semana en el Gran Premio de Silver<\/em><\/strong><em><strong>stone, Inglaterra.<\/strong><\/em><\/p>\n\n\n<div class=\"wp-block-image\">\n<figure class=\"aligncenter size-large\"><img decoding=\"async\" loading=\"lazy\" width=\"840\" height=\"473\" src=\"https:\/\/notinor.com\/jujuy\/wp-content\/uploads\/2024\/07\/franco-colapinto-autria-840x473.webp\" alt=\"\" class=\"wp-image-411047\" srcset=\"https:\/\/notinor.com\/jujuy\/wp-content\/uploads\/2024\/07\/franco-colapinto-autria-840x473.webp 840w, https:\/\/notinor.com\/jujuy\/wp-content\/uploads\/2024\/07\/franco-colapinto-autria-649x365.webp 649w, https:\/\/notinor.com\/jujuy\/wp-content\/uploads\/2024\/07\/franco-colapinto-autria-768x432.webp 768w, https:\/\/notinor.com\/jujuy\/wp-content\/uploads\/2024\/07\/franco-colapinto-autria-750x422.webp 750w, https:\/\/notinor.com\/jujuy\/wp-content\/uploads\/2024\/07\/franco-colapinto-autria-1140x641.webp 1140w, https:\/\/notinor.com\/jujuy\/wp-content\/uploads\/2024\/07\/franco-colapinto-autria.webp 1200w\" sizes=\"(max-width: 840px) 100vw, 840px\" \/><figcaption class=\"wp-element-caption\">Franco Colapinto<\/figcaption><\/figure><\/div>\n\n\n<p>Anuncio hist\u00f3rico. El equipo de Williams anunci\u00f3 este lunes que el piloto argentino Franco Colapinto participar\u00e1 este viernes de los entrenamientos de la F\u00f3rmula 1, en el circuito de Silverstone, de Inglaterra.<\/p>\n\n\n\n<p>Ser\u00e1 en la previa del <strong>Grand Prix que se correr\u00e1 este fin de semana en Gran Breta\u00f1a, despu\u00e9s del gran desempe\u00f1o que el argentino est\u00e1 teniendo en la F\u00f3rmula 2<\/strong><\/p>\n\n\n\n<p>Noticia en desarrollo<\/p>\n","protected":false},"excerpt":{"rendered":"<p>El equipo de Williams anunci\u00f3 este lunes que el piloto argentino Franco Colapinto participar\u00e1 de los entrenamientos de la F\u00f3rmula. Ser\u00e1 este fin de semana en el Gran Premio de Silverstone, Inglaterra. Anuncio hist\u00f3rico. El equipo de Williams anunci\u00f3 este lunes que el piloto argentino Franco Colapinto participar\u00e1 este viernes de los entrenamientos de la [&hellip;]<\/p>\n","protected":false},"author":53,"featured_media":411047,"comment_status":"open","ping_status":"open","sticky":false,"template":"","format":"standard","meta":{"_stopmodifiedupdate":false,"_modified_date":"","inline_featured_image":false,"spay_email":"","jetpack_publicize_message":""},"categories":[7],"tags":[],"jetpack_featured_media_url":"https:\/\/notinor.com\/jujuy\/wp-content\/uploads\/2024\/07\/franco-colapinto-autria.webp","jetpack_publicize_connections":[],"_links":{"self":[{"href":"https:\/\/notinor.com\/jujuy\/wp-json\/wp\/v2\/posts\/411046"}],"collection":[{"href":"https:\/\/notinor.com\/jujuy\/wp-json\/wp\/v2\/posts"}],"about":[{"href":"https:\/\/notinor.com\/jujuy\/wp-json\/wp\/v2\/types\/post"}],"author":[{"embeddable":true,"href":"https:\/\/notinor.com\/jujuy\/wp-json\/wp\/v2\/users\/53"}],"replies":[{"embeddable":true,"href":"https:\/\/notinor.com\/jujuy\/wp-json\/wp\/v2\/comments?post=411046"}],"version-history":[{"count":1,"href":"https:\/\/notinor.com\/jujuy\/wp-json\/wp\/v2\/posts\/411046\/revisions"}],"predecessor-version":[{"id":411048,"href":"https:\/\/notinor.com\/jujuy\/wp-json\/wp\/v2\/posts\/411046\/revisions\/411048"}],"wp:featuredmedia":[{"embeddable":true,"href":"https:\/\/notinor.com\/jujuy\/wp-json\/wp\/v2\/media\/411047"}],"wp:attachment":[{"href":"https:\/\/notinor.com\/jujuy\/wp-json\/wp\/v2\/media?parent=411046"}],"wp:term":[{"taxonomy":"category","embeddable":true,"href":"https:\/\/notinor.com\/jujuy\/wp-json\/wp\/v2\/categories?post=411046"},{"taxonomy":"post_tag","embeddable":true,"href":"https:\/\/notinor.com\/jujuy\/wp-json\/wp\/v2\/tags?post=411046"}],"curies":[{"name":"wp","href":"https:\/\/api.w.org\/{rel}","templated":true}]}}