{"id":411043,"date":"2024-07-01T10:42:46","date_gmt":"2024-07-01T13:42:46","guid":{"rendered":"https:\/\/notinor.com\/jujuy\/?p=411043"},"modified":"2024-07-01T10:42:49","modified_gmt":"2024-07-01T13:42:49","slug":"brigadistas-realizaron-practicas-de-tiro-de-agua-en-avion-hidrante-y-helicoptero","status":"publish","type":"post","link":"https:\/\/notinor.com\/jujuy\/brigadistas-realizaron-practicas-de-tiro-de-agua-en-avion-hidrante-y-helicoptero\/","title":{"rendered":"Brigadistas realizaron pr\u00e1cticas de tiro de agua en avi\u00f3n hidrante y helic\u00f3ptero"},"content":{"rendered":"\n<p class=\"has-medium-font-size\"><strong><em>La provincia de Jujuy hoy cuenta con 5 nuevas Bases de Incendios Forestales operativas, que garantizan un mayor y m\u00e1s r\u00e1pido despliegue territorial.<\/em><\/strong><\/p>\n\n\n<div class=\"wp-block-image\">\n<figure class=\"aligncenter size-large\"><img decoding=\"async\" loading=\"lazy\" width=\"720\" height=\"480\" src=\"https:\/\/notinor.com\/jujuy\/wp-content\/uploads\/2024\/07\/4406861b-a761-472a-bd86-7369b30eb8b2jpg-720x480.webp\" alt=\"\" class=\"wp-image-411044\" srcset=\"https:\/\/notinor.com\/jujuy\/wp-content\/uploads\/2024\/07\/4406861b-a761-472a-bd86-7369b30eb8b2jpg-720x480.webp 720w, https:\/\/notinor.com\/jujuy\/wp-content\/uploads\/2024\/07\/4406861b-a761-472a-bd86-7369b30eb8b2jpg-548x365.webp 548w, https:\/\/notinor.com\/jujuy\/wp-content\/uploads\/2024\/07\/4406861b-a761-472a-bd86-7369b30eb8b2jpg-768x512.webp 768w, https:\/\/notinor.com\/jujuy\/wp-content\/uploads\/2024\/07\/4406861b-a761-472a-bd86-7369b30eb8b2jpg-750x500.webp 750w, https:\/\/notinor.com\/jujuy\/wp-content\/uploads\/2024\/07\/4406861b-a761-472a-bd86-7369b30eb8b2jpg-1140x760.webp 1140w, https:\/\/notinor.com\/jujuy\/wp-content\/uploads\/2024\/07\/4406861b-a761-472a-bd86-7369b30eb8b2jpg.webp 1200w\" sizes=\"(max-width: 720px) 100vw, 720px\" \/><figcaption class=\"wp-element-caption\">Jornada de trabajo<\/figcaption><\/figure><\/div>\n\n\n<p><strong>Los brigadistas del ministerio de Ambiente y Cambio Clim\u00e1tico, especializados en la prevenci\u00f3n y el combate de los incendios forestales, desarrollaron una prueba de carga y tiro de agua a trav\u00e9s de un helic\u00f3ptero y un avi\u00f3n hidrante, junto con el apoyo y asistencia del Servicio Nacional de Manejo del Fuego. <\/strong>La pr\u00e1ctica, gestionada a trav\u00e9s de la Coordinaci\u00f3n de la Regi\u00f3n NOA del SNMF, se inscribe en la preparaci\u00f3n integral de cara al inicio de la temporada alta de incendios forestales.<\/p>\n\n\n\n<p>Cabe destacar que, durante los meses previos -en la temporada baja- los equipos de la direcci\u00f3n de Incendios de Vegetaci\u00f3n y Emergencias Ambientales de la cartera ambiental, <strong>llevaron adelante instancias de fortalecimiento de sus capacidades t\u00e9cnicas y log\u00edsticas, por medio de capacitaciones en ataque r\u00e1pido, motobomba, herramientas de zapa, despliegue estrat\u00e9gico, alerta temprana, entre otras<\/strong>. De las mismas participaron otras fuerzas de seguridad que act\u00faan en respuesta inicial o primaria.<\/p>\n\n\n\n<p><br>En esta oportunidad, espec\u00edficamente se trabaj\u00f3 sobre aspectos vinculados con el uso y seguridad de medios a\u00e9reos, embarque y desembarque, t\u00e9cnicas de carga de agua asistida en tierra para aviones hidrantes, asistencia en armado de helibalde, orientaci\u00f3n y guiado de aeronaves durante incendios en \u00e1reas boscosas, entre otros. Luego de las instancias te\u00f3ricas, se desarrollaron pr\u00e1cticas en el Aeroclub de Jujuy.<\/p>\n\n\n\n<blockquote class=\"wp-block-quote\">\n<p>La ministra de Ambiente y Cambio Clim\u00e1tico, Mar\u00eda In\u00e9s Zigar\u00e1n, quien estuvo presente en las actividades, explic\u00f3 que \u201cestamos listos para iniciar la temporada alta de incendios forestales, que va de julio a diciembre, m\u00e1s all\u00e1 de que venimos registrando ocurrencia de incendios antes de este per\u00edodo\u201d.<\/p>\n<\/blockquote>\n\n\n\n<p> La funcionaria estuvo acompa\u00f1ada por la secretaria de Biodiversidad y Desarrollo Sustentable, Ana Rodr\u00edguez; el director de Incendios de Vegetaci\u00f3n y Emergencias Ambientales, Marcelo Torrico; el coordinador regional NOA del SNMF, Lautaro V\u00e1zquez.<\/p>\n\n\n\n<p><strong>La titular de Ambiente de Jujuy dijo tambi\u00e9n que los y las combatientes desde hace meses se vienen preparando, por medio de instancias formativas vinculadas con cuestiones operativas y log\u00edsticas en relaci\u00f3n a la prevenci\u00f3n y, sobre todo, el combate de los incendios forestales. <\/strong>\u201cLa pr\u00e1ctica de hoy se inscribe en esa l\u00ednea ya que, en caso de necesitar contar con el apoyo y asistencia de la Naci\u00f3n, ante incendios severos, nuestros equipos locales contar\u00e1n con el conocimiento necesario y suficiente para la mejor utilizaci\u00f3n de los recursos a\u00e9reos\u201d, agreg\u00f3 Zigar\u00e1n.<\/p>\n\n\n\n<p>Por otro, lado anticip\u00f3 que, de acuerdo a los datos, estudios y pron\u00f3sticos que manejan, \u201cprevemos una temporada sensible, pero dentro de los par\u00e1metros hist\u00f3ricos, ya que hay mucho material combustible disponible para que los incendios se sucedan\u201d. Por eso tambi\u00e9n hizo un llamado a la poblaci\u00f3n en general \u201cpara que entre todos seamos responsables y cuidadosos en nuestras pr\u00e1cticas de manejo del fuego, y de esta manera ayudemos a evitar que los bosques y la biodiversidad de Jujuy se vean afectadas\u201d.<\/p>\n\n\n\n<p><strong>Finalmente, se recuerda que cualquier pr\u00e1ctica de quema de pastizales en zonas rurales debe ser autorizada por la direcci\u00f3n de Incendios de Vegetaci\u00f3n y Emergencias Ambientales, del ministerio de Ambiente y Cambio Clim\u00e1tico.<\/strong> Ante el registro e identificaci\u00f3n de incendios no autorizados, o provocados por negligencia o intencionalidad, se realizar\u00e1n las denuncias correspondientes, ya que se trata de hechos penados por la Ley. Para denuncias, la ciudadan\u00eda se puede comunicar al 0388 \u2013 4271971; o bien al 911 (Emergencias), 103 (Defensa Civil), 100 (Bomberos de la Polic\u00eda de la Provincia).<\/p>\n","protected":false},"excerpt":{"rendered":"<p>La provincia de Jujuy hoy cuenta con 5 nuevas Bases de Incendios Forestales operativas, que garantizan un mayor y m\u00e1s r\u00e1pido despliegue territorial. Los brigadistas del ministerio de Ambiente y Cambio Clim\u00e1tico, especializados en la prevenci\u00f3n y el combate de los incendios forestales, desarrollaron una prueba de carga y tiro de agua a trav\u00e9s de [&hellip;]<\/p>\n","protected":false},"author":53,"featured_media":411044,"comment_status":"open","ping_status":"open","sticky":false,"template":"","format":"standard","meta":{"_stopmodifiedupdate":false,"_modified_date":"","inline_featured_image":false,"spay_email":"","jetpack_publicize_message":""},"categories":[514],"tags":[],"jetpack_featured_media_url":"https:\/\/notinor.com\/jujuy\/wp-content\/uploads\/2024\/07\/4406861b-a761-472a-bd86-7369b30eb8b2jpg.webp","jetpack_publicize_connections":[],"_links":{"self":[{"href":"https:\/\/notinor.com\/jujuy\/wp-json\/wp\/v2\/posts\/411043"}],"collection":[{"href":"https:\/\/notinor.com\/jujuy\/wp-json\/wp\/v2\/posts"}],"about":[{"href":"https:\/\/notinor.com\/jujuy\/wp-json\/wp\/v2\/types\/post"}],"author":[{"embeddable":true,"href":"https:\/\/notinor.com\/jujuy\/wp-json\/wp\/v2\/users\/53"}],"replies":[{"embeddable":true,"href":"https:\/\/notinor.com\/jujuy\/wp-json\/wp\/v2\/comments?post=411043"}],"version-history":[{"count":1,"href":"https:\/\/notinor.com\/jujuy\/wp-json\/wp\/v2\/posts\/411043\/revisions"}],"predecessor-version":[{"id":411045,"href":"https:\/\/notinor.com\/jujuy\/wp-json\/wp\/v2\/posts\/411043\/revisions\/411045"}],"wp:featuredmedia":[{"embeddable":true,"href":"https:\/\/notinor.com\/jujuy\/wp-json\/wp\/v2\/media\/411044"}],"wp:attachment":[{"href":"https:\/\/notinor.com\/jujuy\/wp-json\/wp\/v2\/media?parent=411043"}],"wp:term":[{"taxonomy":"category","embeddable":true,"href":"https:\/\/notinor.com\/jujuy\/wp-json\/wp\/v2\/categories?post=411043"},{"taxonomy":"post_tag","embeddable":true,"href":"https:\/\/notinor.com\/jujuy\/wp-json\/wp\/v2\/tags?post=411043"}],"curies":[{"name":"wp","href":"https:\/\/api.w.org\/{rel}","templated":true}]}}