{"id":411024,"date":"2024-07-01T09:44:29","date_gmt":"2024-07-01T12:44:29","guid":{"rendered":"https:\/\/notinor.com\/jujuy\/?p=411024"},"modified":"2024-07-01T09:44:31","modified_gmt":"2024-07-01T12:44:31","slug":"la-orquesta-prof-juan-jose-funes-y-la-jujena-jazz-band-se-presentaron-en-la-legislatura","status":"publish","type":"post","link":"https:\/\/notinor.com\/jujuy\/la-orquesta-prof-juan-jose-funes-y-la-jujena-jazz-band-se-presentaron-en-la-legislatura\/","title":{"rendered":"La Orquesta \"Prof. Juan Jos\u00e9 Funes\" y la Juje\u00f1a Jazz Band se presentaron en la Legislatura"},"content":{"rendered":"\n<p class=\"has-medium-font-size\"><strong><em>Como parte de las actividades culturales en la Legislatura de Jujuy, recientemente la Orquesta Juan Jos\u00e9 Funes y la Juje\u00f1a Jazz Band, ofrecieron un emotivo concierto en Hall Central ante un p\u00fablico muy entusiasta.<\/em><\/strong><\/p>\n\n\n<div class=\"wp-block-image\">\n<figure class=\"aligncenter size-large\"><img decoding=\"async\" loading=\"lazy\" width=\"721\" height=\"480\" src=\"https:\/\/notinor.com\/jujuy\/wp-content\/uploads\/2024\/07\/LEGIS-1-721x480.jpeg\" alt=\"\" class=\"wp-image-411026\" srcset=\"https:\/\/notinor.com\/jujuy\/wp-content\/uploads\/2024\/07\/LEGIS-1-721x480.jpeg 721w, https:\/\/notinor.com\/jujuy\/wp-content\/uploads\/2024\/07\/LEGIS-1-549x365.jpeg 549w, https:\/\/notinor.com\/jujuy\/wp-content\/uploads\/2024\/07\/LEGIS-1.jpeg 750w\" sizes=\"(max-width: 721px) 100vw, 721px\" \/><\/figure><\/div>\n\n\n<p>La actividad cultural es parte de un trabajo conjunto entre la Comisi\u00f3n de Cultura y Turismo de la Legislatura y la Secretar\u00eda de Cultura de Jujuy a trav\u00e9s del <strong>programa Arte en Territorio<\/strong>, con el fin de promover, promocionar, difundir distintos tipos de lenguajes art\u00edsticos.<\/p>\n\n\n<div class=\"wp-block-image\">\n<figure class=\"aligncenter size-large\"><img decoding=\"async\" loading=\"lazy\" width=\"721\" height=\"480\" src=\"https:\/\/notinor.com\/jujuy\/wp-content\/uploads\/2024\/07\/LEGIS-2-721x480.jpeg\" alt=\"\" class=\"wp-image-411027\" srcset=\"https:\/\/notinor.com\/jujuy\/wp-content\/uploads\/2024\/07\/LEGIS-2-721x480.jpeg 721w, https:\/\/notinor.com\/jujuy\/wp-content\/uploads\/2024\/07\/LEGIS-2-549x365.jpeg 549w, https:\/\/notinor.com\/jujuy\/wp-content\/uploads\/2024\/07\/LEGIS-2.jpeg 750w\" sizes=\"(max-width: 721px) 100vw, 721px\" \/><\/figure><\/div>\n\n\n<p>Estuvieron presentes en la ceremonia de inicio, el vicepresidente primero de la C\u00e1mara,<strong> Fabi\u00e1n Tejerina<\/strong>, la presidenta de la Comisi\u00f3n de Cultura y Turismo, <strong>Mariela Ortiz<\/strong>, la directora de Cultura de la provincia, <strong>Gisela Arias<\/strong>, los diputados <strong>Juan Brajcich<\/strong> y <strong>Valeria G\u00f3mez<\/strong>.<\/p>\n\n\n<div class=\"wp-block-image\">\n<figure class=\"aligncenter size-large\"><img decoding=\"async\" loading=\"lazy\" width=\"721\" height=\"480\" src=\"https:\/\/notinor.com\/jujuy\/wp-content\/uploads\/2024\/07\/LEGIS-3-721x480.jpeg\" alt=\"\" class=\"wp-image-411028\" srcset=\"https:\/\/notinor.com\/jujuy\/wp-content\/uploads\/2024\/07\/LEGIS-3-721x480.jpeg 721w, https:\/\/notinor.com\/jujuy\/wp-content\/uploads\/2024\/07\/LEGIS-3-549x365.jpeg 549w, https:\/\/notinor.com\/jujuy\/wp-content\/uploads\/2024\/07\/LEGIS-3.jpeg 750w\" sizes=\"(max-width: 721px) 100vw, 721px\" \/><\/figure><\/div>\n\n\n<p>En ese contexto, al coordinador general de la orquesta, <strong>Marcelo Funes<\/strong>, a los directores <strong>Facundo Arga\u00f1araz, Alejandro Vilte, Gustavo Flores y Enzo Soto<\/strong> se les hizo entrega de una resoluci\u00f3n de inter\u00e9s Legislativo, por la destacada labor rescatando la m\u00fasica de la provincia. Posteriormente, expuso parte de la historia de la Legislatura, el periodista <strong>Jorge Delf\u00edn Calvetti<\/strong>.<\/p>\n\n\n\n<p>Asimismo, el legislador Fabi\u00e1n Tejerina remarc\u00f3 la importancia de sumar el reconocimiento a la gran trayectoria de la orquesta, \"a cada uno de los chicos, de los artistas. La verdad, un d\u00eda de gala para nosotros. No todos los d\u00edas la legislatura se muestra as\u00ed. Y es nuestra intenci\u00f3n que esas puertas est\u00e9n abiertas, que cada uno de los juje\u00f1os sienta que est\u00e1 realmente es su casa\", coment\u00f3.<\/p>\n\n\n<div class=\"wp-block-image\">\n<figure class=\"aligncenter size-large\"><img decoding=\"async\" loading=\"lazy\" width=\"840\" height=\"179\" src=\"https:\/\/notinor.com\/jujuy\/wp-content\/uploads\/2024\/07\/LEGIS-840x179.jpg\" alt=\"\" class=\"wp-image-411029\" srcset=\"https:\/\/notinor.com\/jujuy\/wp-content\/uploads\/2024\/07\/LEGIS-840x179.jpg 840w, https:\/\/notinor.com\/jujuy\/wp-content\/uploads\/2024\/07\/LEGIS-660x141.jpg 660w, https:\/\/notinor.com\/jujuy\/wp-content\/uploads\/2024\/07\/LEGIS-768x164.jpg 768w, https:\/\/notinor.com\/jujuy\/wp-content\/uploads\/2024\/07\/LEGIS-750x160.jpg 750w, https:\/\/notinor.com\/jujuy\/wp-content\/uploads\/2024\/07\/LEGIS.jpg 900w\" sizes=\"(max-width: 840px) 100vw, 840px\" \/><\/figure><\/div>\n\n\n<p>Por su parte, la presidenta de la Comisi\u00f3n de Turismo y Cultura, Mariela del Valle Ortiz agradeci\u00f3 la presencia del p\u00fablico y la presentaci\u00f3n de los m\u00fasicos, \"para nosotros es un gran placer poder disfrutar de tanto talento en nuestra provincia. Pero fundamentalmente destacar la trayectoria de 44 a\u00f1os de la Orquesta Juan Jos\u00e9 Funez. De la Escuela Superior de M\u00fasica de la Provincia de Jujuy. La verdad que tener estos artistas para nosotros es muy importante\". Refiri\u00f3 que el objetivo es acompa\u00f1ar y visibilizar todo el potencial cultural de Jujuy.<\/p>\n\n\n<div class=\"wp-block-image\">\n<figure class=\"aligncenter size-large\"><img decoding=\"async\" loading=\"lazy\" width=\"840\" height=\"185\" src=\"https:\/\/notinor.com\/jujuy\/wp-content\/uploads\/2024\/07\/LEGIS-1-840x185.jpg\" alt=\"\" class=\"wp-image-411030\" srcset=\"https:\/\/notinor.com\/jujuy\/wp-content\/uploads\/2024\/07\/LEGIS-1-840x185.jpg 840w, https:\/\/notinor.com\/jujuy\/wp-content\/uploads\/2024\/07\/LEGIS-1-660x145.jpg 660w, https:\/\/notinor.com\/jujuy\/wp-content\/uploads\/2024\/07\/LEGIS-1-768x169.jpg 768w, https:\/\/notinor.com\/jujuy\/wp-content\/uploads\/2024\/07\/LEGIS-1-750x165.jpg 750w, https:\/\/notinor.com\/jujuy\/wp-content\/uploads\/2024\/07\/LEGIS-1-1140x250.jpg 1140w, https:\/\/notinor.com\/jujuy\/wp-content\/uploads\/2024\/07\/LEGIS-1.jpg 1197w\" sizes=\"(max-width: 840px) 100vw, 840px\" \/><\/figure><\/div>\n\n\n<p>La Juje\u00f1a Jazz Band y la Orquesta \"Prof. Juan Jos\u00e9 Funes\" de la Escuela Superior de M\u00fasica, dependiente del Instituto Superior de Arte surge aproximadamente por el a\u00f1o 1981, a partir de la inquietud del Director de la Orquesta de C\u00e1mara de la Instituci\u00f3n, profesor Juan Jos\u00e9 Funes, con el objeto de fortalecer la formaci\u00f3n instrumental y producci\u00f3n musical grupal de los estudiantes.<\/p>\n\n\n\n<p>Actualmente est\u00e1 conformada por aproximadamente 100 integrantes; autodidactas, estudiantes y docentes de la Escuela Superior de M\u00fasica de Jujuy. Est\u00e1 conformada por violines, violas, violonchelos, contrabajos, clarinetes, flautas traversas, trompeta, tromb\u00f3n, saxofones, oboe el\u00e9ctrico, piano, guitarra y percusi\u00f3n.<\/p>\n\n\n\n<p>La Banda de Jazz, actualmente denominada \"Juje\u00f1a Jazz Band\" se conforma all\u00e1 por el a\u00f1o 1999, a partir de la necesidad de integrar nuevos instrumentos a una formaci\u00f3n particular, exclusiva de vientos. Actualmente suma 45 integrantes, entre docentes, estudiantes de la instituci\u00f3n y autodidactas.<\/p>\n","protected":false},"excerpt":{"rendered":"<p>Como parte de las actividades culturales en la Legislatura de Jujuy, recientemente la Orquesta Juan Jos\u00e9 Funes y la Juje\u00f1a Jazz Band, ofrecieron un emotivo concierto en Hall Central ante un p\u00fablico muy entusiasta. La actividad cultural es parte de un trabajo conjunto entre la Comisi\u00f3n de Cultura y Turismo de la Legislatura y la [&hellip;]<\/p>\n","protected":false},"author":5,"featured_media":411025,"comment_status":"open","ping_status":"open","sticky":false,"template":"","format":"standard","meta":{"_stopmodifiedupdate":false,"_modified_date":"","inline_featured_image":false,"spay_email":"","jetpack_publicize_message":""},"categories":[13],"tags":[],"jetpack_featured_media_url":"https:\/\/notinor.com\/jujuy\/wp-content\/uploads\/2024\/07\/LEGIS.jpeg","jetpack_publicize_connections":[],"_links":{"self":[{"href":"https:\/\/notinor.com\/jujuy\/wp-json\/wp\/v2\/posts\/411024"}],"collection":[{"href":"https:\/\/notinor.com\/jujuy\/wp-json\/wp\/v2\/posts"}],"about":[{"href":"https:\/\/notinor.com\/jujuy\/wp-json\/wp\/v2\/types\/post"}],"author":[{"embeddable":true,"href":"https:\/\/notinor.com\/jujuy\/wp-json\/wp\/v2\/users\/5"}],"replies":[{"embeddable":true,"href":"https:\/\/notinor.com\/jujuy\/wp-json\/wp\/v2\/comments?post=411024"}],"version-history":[{"count":1,"href":"https:\/\/notinor.com\/jujuy\/wp-json\/wp\/v2\/posts\/411024\/revisions"}],"predecessor-version":[{"id":411031,"href":"https:\/\/notinor.com\/jujuy\/wp-json\/wp\/v2\/posts\/411024\/revisions\/411031"}],"wp:featuredmedia":[{"embeddable":true,"href":"https:\/\/notinor.com\/jujuy\/wp-json\/wp\/v2\/media\/411025"}],"wp:attachment":[{"href":"https:\/\/notinor.com\/jujuy\/wp-json\/wp\/v2\/media?parent=411024"}],"wp:term":[{"taxonomy":"category","embeddable":true,"href":"https:\/\/notinor.com\/jujuy\/wp-json\/wp\/v2\/categories?post=411024"},{"taxonomy":"post_tag","embeddable":true,"href":"https:\/\/notinor.com\/jujuy\/wp-json\/wp\/v2\/tags?post=411024"}],"curies":[{"name":"wp","href":"https:\/\/api.w.org\/{rel}","templated":true}]}}