{"id":411015,"date":"2024-07-01T08:57:11","date_gmt":"2024-07-01T11:57:11","guid":{"rendered":"https:\/\/notinor.com\/jujuy\/?p=411015"},"modified":"2024-07-01T08:57:13","modified_gmt":"2024-07-01T11:57:13","slug":"este-martes-ejesa-realizara-tareas-de-mejora-y-mantenimiento-de-redes-electricas-en-zonas-de-san-salvadoe-de-jujuy","status":"publish","type":"post","link":"https:\/\/notinor.com\/jujuy\/este-martes-ejesa-realizara-tareas-de-mejora-y-mantenimiento-de-redes-electricas-en-zonas-de-san-salvadoe-de-jujuy\/","title":{"rendered":"Este martes EJESA realizar\u00e1 tareas de mejora y mantenimiento de redes el\u00e9ctricas en zonas de San Salvadoe de Jujuy"},"content":{"rendered":"\n<p class=\"has-medium-font-size\"><strong><em>\u00a0Informamos\u00a0que, con el objeto de\u00a0elevar la calidad de nuestro servicio,\u00a0se realizar\u00e1n tareas de\u00a0mantenimiento y renovaci\u00f3n\u00a0en las instalaciones de nuestro sistema.<\/em><\/strong><\/p>\n\n\n<div class=\"wp-block-image\">\n<figure class=\"aligncenter size-full\"><img decoding=\"async\" loading=\"lazy\" width=\"700\" height=\"465\" src=\"https:\/\/notinor.com\/jujuy\/wp-content\/uploads\/2024\/07\/TIRAXI1.jpg\" alt=\"\" class=\"wp-image-411016\" srcset=\"https:\/\/notinor.com\/jujuy\/wp-content\/uploads\/2024\/07\/TIRAXI1.jpg 700w, https:\/\/notinor.com\/jujuy\/wp-content\/uploads\/2024\/07\/TIRAXI1-549x365.jpg 549w\" sizes=\"(max-width: 700px) 100vw, 700px\" \/><\/figure><\/div>\n\n\n<p>Con este fin, ser\u00e1 necesario efectuar una&nbsp;interrupci\u00f3n programada en las siguientes zonas y horarios:<\/p>\n\n\n\n<p>\ud83d\udcccSAN SALVADOR DE JUJUY - TILCARA<\/p>\n\n\n\n<p>\ud83d\uddd3\ufe0f MARTES 02\/07\/2024&nbsp;&nbsp;&nbsp;&nbsp;&nbsp;&nbsp;&nbsp;&nbsp;&nbsp;&nbsp;&nbsp;&nbsp;&nbsp;&nbsp;&nbsp;&nbsp;&nbsp;&nbsp;&nbsp;&nbsp;&nbsp;&nbsp;&nbsp;&nbsp;&nbsp;&nbsp;&nbsp;&nbsp;&nbsp;&nbsp;&nbsp;&nbsp;&nbsp;&nbsp;&nbsp;&nbsp;&nbsp;&nbsp;&nbsp;&nbsp;&nbsp;&nbsp;&nbsp;&nbsp;&nbsp;&nbsp;&nbsp;&nbsp;&nbsp;&nbsp;&nbsp;&nbsp;&nbsp;&nbsp;&nbsp;&nbsp;&nbsp;&nbsp;&nbsp;&nbsp;&nbsp;&nbsp;<\/p>\n\n\n\n<p>\ud83d\udd52&nbsp;De 08:00 a 14:00 Hs aprox.<\/p>\n\n\n\n<p>Zonas: Lozano, Tiraxi, Le\u00f3n, B\u00e1rcena, Volc\u00e1n, Tumbaya, Purmamarca, Maimara, Tilcara, Huacalera y zonas aleda\u00f1as.<\/p>\n\n\n<div class=\"wp-block-image\">\n<figure class=\"aligncenter size-large\"><img decoding=\"async\" loading=\"lazy\" width=\"738\" height=\"480\" src=\"https:\/\/notinor.com\/jujuy\/wp-content\/uploads\/2019\/06\/Villa-Jard\u00edn-de-Reyes-738x480.jpeg\" alt=\"\" class=\"wp-image-216943\" srcset=\"https:\/\/notinor.com\/jujuy\/wp-content\/uploads\/2019\/06\/Villa-Jard\u00edn-de-Reyes-738x480.jpeg 738w, https:\/\/notinor.com\/jujuy\/wp-content\/uploads\/2019\/06\/Villa-Jard\u00edn-de-Reyes-561x365.jpeg 561w, https:\/\/notinor.com\/jujuy\/wp-content\/uploads\/2019\/06\/Villa-Jard\u00edn-de-Reyes.jpeg 750w\" sizes=\"(max-width: 738px) 100vw, 738px\" \/><\/figure><\/div>\n\n\n<p>\ud83d\udcccSAN SALVADOR DE JUJUY<\/p>\n\n\n\n<p>\ud83d\uddd3\ufe0f MARTES 02\/07\/2024&nbsp;&nbsp;&nbsp;&nbsp;&nbsp;&nbsp;&nbsp;&nbsp;&nbsp;&nbsp;&nbsp;&nbsp;&nbsp;&nbsp;&nbsp;&nbsp;&nbsp;&nbsp;&nbsp;&nbsp;&nbsp;&nbsp;&nbsp;&nbsp;&nbsp;&nbsp;&nbsp;&nbsp;&nbsp;&nbsp;&nbsp;&nbsp;&nbsp;&nbsp;&nbsp;&nbsp;&nbsp;&nbsp;&nbsp;&nbsp;&nbsp;&nbsp;&nbsp;&nbsp;&nbsp;&nbsp;&nbsp;&nbsp;&nbsp;&nbsp;&nbsp;&nbsp;&nbsp;&nbsp;&nbsp;&nbsp;&nbsp;&nbsp;&nbsp;&nbsp;&nbsp;&nbsp;<\/p>\n\n\n\n<p>\ud83d\udd52&nbsp;De 08:00 a 14:00 Hs aprox.<\/p>\n\n\n\n<p>Zonas: El Obispo, Guerrero, Termas de Reyes, V. J. de Reyes (entre Cafrune, Caballero, Ferraro, D. Torres) y zonas aleda\u00f1as.<\/p>\n\n\n\n<p>Agradecemos tomar las precauciones necesarias durante la duraci\u00f3n de dicha interrupci\u00f3n a fin de evitar mayores inconvenientes.<\/p>\n\n\n\n<p>Por consultas y\/o requerimientos te recordamos nuestros canales oficiales de contacto disponibles las 24hs. A trav\u00e9s de este link:&nbsp;<a href=\"https:\/\/linktr.ee\/ejesa\" target=\"_blank\" rel=\"noreferrer noopener\">https:\/\/linktr.ee\/ejesa<\/a><\/p>\n","protected":false},"excerpt":{"rendered":"<p>\u00a0Informamos\u00a0que, con el objeto de\u00a0elevar la calidad de nuestro servicio,\u00a0se realizar\u00e1n tareas de\u00a0mantenimiento y renovaci\u00f3n\u00a0en las instalaciones de nuestro sistema. Con este fin, ser\u00e1 necesario efectuar una&nbsp;interrupci\u00f3n programada en las siguientes zonas y horarios: \ud83d\udcccSAN SALVADOR DE JUJUY - TILCARA \ud83d\uddd3\ufe0f MARTES 02\/07\/2024&nbsp;&nbsp;&nbsp;&nbsp;&nbsp;&nbsp;&nbsp;&nbsp;&nbsp;&nbsp;&nbsp;&nbsp;&nbsp;&nbsp;&nbsp;&nbsp;&nbsp;&nbsp;&nbsp;&nbsp;&nbsp;&nbsp;&nbsp;&nbsp;&nbsp;&nbsp;&nbsp;&nbsp;&nbsp;&nbsp;&nbsp;&nbsp;&nbsp;&nbsp;&nbsp;&nbsp;&nbsp;&nbsp;&nbsp;&nbsp;&nbsp;&nbsp;&nbsp;&nbsp;&nbsp;&nbsp;&nbsp;&nbsp;&nbsp;&nbsp;&nbsp;&nbsp;&nbsp;&nbsp;&nbsp;&nbsp;&nbsp;&nbsp;&nbsp;&nbsp;&nbsp;&nbsp; \ud83d\udd52&nbsp;De 08:00 a 14:00 Hs aprox. Zonas: Lozano, Tiraxi, Le\u00f3n, B\u00e1rcena, Volc\u00e1n, [&hellip;]<\/p>\n","protected":false},"author":5,"featured_media":408986,"comment_status":"open","ping_status":"open","sticky":false,"template":"","format":"standard","meta":{"_stopmodifiedupdate":false,"_modified_date":"","inline_featured_image":false,"spay_email":"","jetpack_publicize_message":""},"categories":[514],"tags":[],"jetpack_featured_media_url":"https:\/\/notinor.com\/jujuy\/wp-content\/uploads\/2024\/05\/corte1.jpg","jetpack_publicize_connections":[],"_links":{"self":[{"href":"https:\/\/notinor.com\/jujuy\/wp-json\/wp\/v2\/posts\/411015"}],"collection":[{"href":"https:\/\/notinor.com\/jujuy\/wp-json\/wp\/v2\/posts"}],"about":[{"href":"https:\/\/notinor.com\/jujuy\/wp-json\/wp\/v2\/types\/post"}],"author":[{"embeddable":true,"href":"https:\/\/notinor.com\/jujuy\/wp-json\/wp\/v2\/users\/5"}],"replies":[{"embeddable":true,"href":"https:\/\/notinor.com\/jujuy\/wp-json\/wp\/v2\/comments?post=411015"}],"version-history":[{"count":1,"href":"https:\/\/notinor.com\/jujuy\/wp-json\/wp\/v2\/posts\/411015\/revisions"}],"predecessor-version":[{"id":411017,"href":"https:\/\/notinor.com\/jujuy\/wp-json\/wp\/v2\/posts\/411015\/revisions\/411017"}],"wp:featuredmedia":[{"embeddable":true,"href":"https:\/\/notinor.com\/jujuy\/wp-json\/wp\/v2\/media\/408986"}],"wp:attachment":[{"href":"https:\/\/notinor.com\/jujuy\/wp-json\/wp\/v2\/media?parent=411015"}],"wp:term":[{"taxonomy":"category","embeddable":true,"href":"https:\/\/notinor.com\/jujuy\/wp-json\/wp\/v2\/categories?post=411015"},{"taxonomy":"post_tag","embeddable":true,"href":"https:\/\/notinor.com\/jujuy\/wp-json\/wp\/v2\/tags?post=411015"}],"curies":[{"name":"wp","href":"https:\/\/api.w.org\/{rel}","templated":true}]}}