{"id":411012,"date":"2024-07-01T10:00:00","date_gmt":"2024-07-01T13:00:00","guid":{"rendered":"https:\/\/notinor.com\/jujuy\/?p=411012"},"modified":"2024-06-30T21:22:32","modified_gmt":"2024-07-01T00:22:32","slug":"en-julio-llega-a-rosario-el-11-congreso-ganadero","status":"publish","type":"post","link":"https:\/\/notinor.com\/jujuy\/en-julio-llega-a-rosario-el-11-congreso-ganadero\/","title":{"rendered":"En julio llega a Rosario el 11\u00b0 Congreso Ganadero"},"content":{"rendered":"\n<p class=\"has-medium-font-size\"><strong><em>Ser\u00e1 los d\u00edas 4 y 5 de julio en Rosario. Organizado por la Sociedad Rural de Rosario, es una cita fundamental del a\u00f1o para debatir y analizar en profundidad el desarrollo y potencialidad de la ganader\u00eda nacional.<\/em><\/strong><\/p>\n\n\n<div class=\"wp-block-image\">\n<figure class=\"aligncenter size-large\"><img decoding=\"async\" loading=\"lazy\" width=\"840\" height=\"473\" src=\"https:\/\/notinor.com\/jujuy\/wp-content\/uploads\/2024\/06\/ganaderia-campo-7-840x473.jpg\" alt=\"\" class=\"wp-image-411013\" srcset=\"https:\/\/notinor.com\/jujuy\/wp-content\/uploads\/2024\/06\/ganaderia-campo-7-840x473.jpg 840w, https:\/\/notinor.com\/jujuy\/wp-content\/uploads\/2024\/06\/ganaderia-campo-7-649x365.jpg 649w, https:\/\/notinor.com\/jujuy\/wp-content\/uploads\/2024\/06\/ganaderia-campo-7-768x432.jpg 768w, https:\/\/notinor.com\/jujuy\/wp-content\/uploads\/2024\/06\/ganaderia-campo-7-750x422.jpg 750w, https:\/\/notinor.com\/jujuy\/wp-content\/uploads\/2024\/06\/ganaderia-campo-7.jpg 1024w\" sizes=\"(max-width: 840px) 100vw, 840px\" \/><figcaption class=\"wp-element-caption\">GANADERIA<\/figcaption><\/figure><\/div>\n\n\n<p><strong>Provimi se suma a este evento con foco en una crianza sustentable y el bienestar animal como pilares fundamentales.<\/strong> El encuentro ser\u00e1, adem\u00e1s, transmitido en vivo por YouTube, con la presencia de destacados especialistas y referentes del sector.<\/p>\n\n\n\n<p>Esta edici\u00f3n tiene como tema principal \u201cPor una Ganader\u00eda Eficiente y Sustentable\u201d, una tem\u00e1tica estrechamente vinculada a los est\u00e1ndares internacionales de Provimi Cargill Argentina. <strong>\u201cCada d\u00eda nos esforzamos por tener las cadenas de suministro m\u00e1s sostenibles del mundo.<\/strong><\/p>\n\n\n\n<p>Desde el peque\u00f1o productor hasta los grandes clientes, en Provimi trabajamos para implantar nuevas pr\u00e1cticas sostenibles que reduzcan nuestro impacto ambiental. Sentimos la profunda responsabilidad de proteger el planeta y a sus habitantes, de garantizar un futuro m\u00e1s limpio y seguro para las generaciones futuras\u201d expresan desde la compa\u00f1\u00eda con sede en Venado Tuerto.<\/p>\n\n\n\n<p>\u201cTenemos una amplia oferta en programas de nutrici\u00f3n animal, tanto para rumiantes leche como para carne, con planes a medida de cada productor. Hay muchas estrategias que se pueden implementar para ser m\u00e1s eficientes en el uso y distribuci\u00f3n de la comida, con el objetivo de mejorar la conversi\u00f3n de alimento en carne o leche, y de esa forma bajar este costo que tanto impacto tiene en el negocio\u201d agregan.<\/p>\n\n\n\n<blockquote class=\"wp-block-quote\">\n<p>Los profesionales de Provimi acompa\u00f1an al productor en el an\u00e1lisis y desarrollo de las mejores estrategias, ofreci\u00e9ndole las soluciones nutricionales m\u00e1s adecuadas seg\u00fan sus necesidades y posibilidades.<\/p>\n<\/blockquote>\n\n\n\n<p><strong> La lectura de comederos, por ejemplo, es una fuente de informaci\u00f3n indispensable para esta tarea, as\u00ed como los objetivos productivos que se plantea cada explotaci\u00f3n.<\/strong><\/p>\n\n\n\n<p>Como cada a\u00f1o, diferentes disertantes han asumido el desaf\u00edo de informar, capacitar y brindar al sector ganadero informaci\u00f3n valiosa para la toma de decisiones, dentro de un marco que pretende ofrecer una visi\u00f3n integral de la producci\u00f3n bovina argentina, contemplando tanto lo que sucede en los mercados externos como en el interno, y teniendo en cuenta c\u00f3mo el hombre de negocios responde a dichos sucesos.<\/p>\n\n\n\n<p>FUENTE TODOAGRO.COM<\/p>\n","protected":false},"excerpt":{"rendered":"<p>Ser\u00e1 los d\u00edas 4 y 5 de julio en Rosario. Organizado por la Sociedad Rural de Rosario, es una cita fundamental del a\u00f1o para debatir y analizar en profundidad el desarrollo y potencialidad de la ganader\u00eda nacional. Provimi se suma a este evento con foco en una crianza sustentable y el bienestar animal como pilares [&hellip;]<\/p>\n","protected":false},"author":53,"featured_media":411013,"comment_status":"open","ping_status":"open","sticky":false,"template":"","format":"standard","meta":{"_stopmodifiedupdate":false,"_modified_date":"","inline_featured_image":false,"spay_email":"","jetpack_publicize_message":""},"categories":[2542],"tags":[],"jetpack_featured_media_url":"https:\/\/notinor.com\/jujuy\/wp-content\/uploads\/2024\/06\/ganaderia-campo-7.jpg","jetpack_publicize_connections":[],"_links":{"self":[{"href":"https:\/\/notinor.com\/jujuy\/wp-json\/wp\/v2\/posts\/411012"}],"collection":[{"href":"https:\/\/notinor.com\/jujuy\/wp-json\/wp\/v2\/posts"}],"about":[{"href":"https:\/\/notinor.com\/jujuy\/wp-json\/wp\/v2\/types\/post"}],"author":[{"embeddable":true,"href":"https:\/\/notinor.com\/jujuy\/wp-json\/wp\/v2\/users\/53"}],"replies":[{"embeddable":true,"href":"https:\/\/notinor.com\/jujuy\/wp-json\/wp\/v2\/comments?post=411012"}],"version-history":[{"count":1,"href":"https:\/\/notinor.com\/jujuy\/wp-json\/wp\/v2\/posts\/411012\/revisions"}],"predecessor-version":[{"id":411014,"href":"https:\/\/notinor.com\/jujuy\/wp-json\/wp\/v2\/posts\/411012\/revisions\/411014"}],"wp:featuredmedia":[{"embeddable":true,"href":"https:\/\/notinor.com\/jujuy\/wp-json\/wp\/v2\/media\/411013"}],"wp:attachment":[{"href":"https:\/\/notinor.com\/jujuy\/wp-json\/wp\/v2\/media?parent=411012"}],"wp:term":[{"taxonomy":"category","embeddable":true,"href":"https:\/\/notinor.com\/jujuy\/wp-json\/wp\/v2\/categories?post=411012"},{"taxonomy":"post_tag","embeddable":true,"href":"https:\/\/notinor.com\/jujuy\/wp-json\/wp\/v2\/tags?post=411012"}],"curies":[{"name":"wp","href":"https:\/\/api.w.org\/{rel}","templated":true}]}}