{"id":410697,"date":"2024-06-26T12:51:10","date_gmt":"2024-06-26T15:51:10","guid":{"rendered":"https:\/\/notinor.com\/jujuy\/?p=410697"},"modified":"2024-06-26T12:51:11","modified_gmt":"2024-06-26T15:51:11","slug":"un-muerto-tras-la-caida-de-una-cabina-del-metrocable-en-medellin-decenas-de-personas-fueron-afectadas","status":"publish","type":"post","link":"https:\/\/notinor.com\/jujuy\/un-muerto-tras-la-caida-de-una-cabina-del-metrocable-en-medellin-decenas-de-personas-fueron-afectadas\/","title":{"rendered":"Un muerto tras la ca\u00edda de una cabina del Metrocable en Medell\u00edn: decenas de personas fueron afectadas"},"content":{"rendered":"\n<p class=\"has-medium-font-size\"><strong><em>La l\u00ednea K est\u00e1 fuera de servicio, inform\u00f3 Metro de Medell\u00edn luego de la emergencia<\/em><\/strong>.<\/p>\n\n\n<div class=\"wp-block-image\">\n<figure class=\"aligncenter size-full\"><img decoding=\"async\" loading=\"lazy\" width=\"624\" height=\"381\" src=\"https:\/\/notinor.com\/jujuy\/wp-content\/uploads\/2024\/06\/COLOMBIA.jpg\" alt=\"\" class=\"wp-image-410698\" srcset=\"https:\/\/notinor.com\/jujuy\/wp-content\/uploads\/2024\/06\/COLOMBIA.jpg 624w, https:\/\/notinor.com\/jujuy\/wp-content\/uploads\/2024\/06\/COLOMBIA-598x365.jpg 598w\" sizes=\"(max-width: 624px) 100vw, 624px\" \/><figcaption class=\"wp-element-caption\">La cabina del sistema se desprendi\u00f3 y cay\u00f3, dejando al menos nueve personas lesionadas<\/figcaption><\/figure><\/div>\n\n\n<p>Una grave emergencia se registr\u00f3 en el sistema de transporte de Medell\u00edn en la madrugada del mi\u00e9rcoles 26 de junio de 2024. Una cabina del Metrocable se desprendi\u00f3 y cay\u00f3 con pasajeros adentro.<\/p>\n\n\n<div class=\"wp-block-image\">\n<figure class=\"aligncenter is-resized\"><a href=\"https:\/\/www.infobae.com\/colombia\/2024\/06\/26\/tras-la-caida-de-una-cabina-de-metrocable-la-alcaldia-de-medellin-implemento-cambios-en-la-operacion-del-sistema-estas-son-las-alternativas\/\" target=\"_blank\" rel=\"noreferrer noopener\"><img decoding=\"async\" loading=\"lazy\" src=\"https:\/\/www.infobae.com\/new-resizer\/kwI9JlCpBlRpH945fwah5z1KFAY=\/1200x675\/filters:format(webp):quality(85)\/cloudfront-us-east-1.images.arcpublishing.com\/infobae\/JMJRNHBFRBFWTN4NR57ZFWEJLQ.jpg\" alt=\"Tras la ca\u00edda de una cabina de Metrocable, la Alcald\u00eda de Medell\u00edn implement\u00f3 cambios en la operaci\u00f3n del sistema: estas son las alternativas\" width=\"803\" height=\"451\"\/><\/a><\/figure><\/div>\n\n\n<p>Los hechos se reportaron cerca de las 4:30 de la ma\u00f1ana a la altura de la estaci\u00f3n Popular y al menos nueve personas resultaron lesionadas. En el reporte de las 7:00 de la ma\u00f1ana el gerente de Metro de Medell\u00edn confirm\u00f3 que uno de los heridos, que era atendido en un centro asistencial, muri\u00f3.<\/p>\n\n\n\n<p>Debido a la<strong>&nbsp;emergencia con la cabina del Metrocable<\/strong>&nbsp;desde el Metro de Medell\u00edn anunciaron el cierre de la l\u00ednea K. Esta medida estar\u00e1 vigente mientras se atiende el hecho y se normaliza la situaci\u00f3n en el sector donde ocurri\u00f3 el accidente.<\/p>\n\n\n\n<p>\u201cPor accidente operativo, el Metrocable l\u00ednea K (Acevedo - Santo Domingo)<strong>&nbsp;est\u00e1 temporalmente fuera de servicio<\/strong>. Personal de emergencia atiende la situaci\u00f3n. Estaremos informando\u201d, indicaron desde el Metro a trav\u00e9s de sus redes sociales.<\/p>\n\n\n\n<p>Tras la emergencia, hacia las 6:30 de la ma\u00f1ana, el gerente del Metro de Medell\u00edn Tom\u00e1s Elejalde lleg\u00f3 hasta el lugar para coordinar la atenci\u00f3n de la situaci\u00f3n.<\/p>\n\n\n\n<p>Por su parte, el alcalde de Medell\u00edn, Federico \u2018Fico\u2019 Guti\u00e9rrez confirm\u00f3 el accidente y<strong>&nbsp;asegur\u00f3 que las personas lesionadas ya fueron trasladadas a distintos centros m\u00e9dicos<\/strong>&nbsp;para recibir atenci\u00f3n profesional.<\/p>\n\n\n\n<p>\u201cA esta hora se presenta una emergencia en el sistema Metrocable de la zona nororiental de Medell\u00edn. Una cabina con 10 personas cae a la parte baja de la plataforma de la Estaci\u00f3n Popular. Las personas son trasladadas a centros de atenci\u00f3n de m\u00e9dica\u201d, escribi\u00f3 el mandatario local en su cuenta de X.<\/p>\n\n\n\n<p>As\u00ed mismo, el alcalde de Medell\u00edn asegur\u00f3 que los organismos de socorro, incluyendo al cuerpo de bomberos de Medell\u00edn, llegaron al lugar para atender la emergencia. Adem\u00e1s, resalt\u00f3 que el resto del sistema de transporte est\u00e1 operando con total normalidad.<\/p>\n\n\n\n<p>\u201cLos cuerpos de socorro y Bomberos Medell\u00edn atienden la situaci\u00f3n. La empresa @metrodemedellin eval\u00faa la situaci\u00f3n de forma integral. El resto del sistema funciona de manera normal\u201d, se lee en la publicaci\u00f3n de\u00a0<em>Fico<\/em>\u00a0Guti\u00e9rrez.<\/p>\n\n\n\n<p><strong>Confirman el fallecimiento de uno de los afectados por la ca\u00edda de la cabina<\/strong><\/p>\n\n\n\n<p>Desde el sitio del accidente, donde hacen presencia las autoridades locales, as\u00ed como funcionarios del Metro de Medell\u00edn, el gerente de la entidad confirm\u00f3 el fallecimiento de uno de los heridos.<\/p>\n\n\n\n<p>De acuerdo con el director del Dagrd, Carlos Quintero, desde el centro m\u00e9dico donde recib\u00eda atenci\u00f3n el afectado informaron que, por la gravedad de las heridas, el ciudadano muri\u00f3.<\/p>\n\n\n\n<p>\u201cPrimero que todo lamentar lo sucedido en la ma\u00f1ana de hoy, lastimosamente nos acaban de informar que una de las personas afectadas fallece en el centro asistencial debido a la complejidad de las heridas\u201d, explic\u00f3 el director de la entidad.<\/p>\n\n\n\n<p>\u201cLo que hemos confirmado es que un incidente puntual, no estamos hablando de una falla general, sino de una cabina que se detiene al entrar a la estaci\u00f3n Popular, esa cabina al quedarse detenida es alcanzada por la siguiente, la cual se desprende y cae a la acera. Ya se evacuaron a todas las personas que pacientemente esperaron\u201d, dijo el gerente en di\u00e1logo con&nbsp;<em>Blu Radio.<\/em><\/p>\n\n\n\n<p>\u201cLa investigaci\u00f3n la vamos a hacer de la manera m\u00e1s transparente, esto lo tomamos muy enserio y con todo el rigor t\u00e9cnico posible porque queremos saber qu\u00e9 pas\u00f3. El \u00faltimo mantenimiento fue hace aproximadamente un mes o mes y medio y el cable est\u00e1 pr\u00e1cticamente nuevo pues se cambi\u00f3 en diciembre de 2023\u2033, a\u00f1adi\u00f3 el funcionario.<\/p>\n\n\n\n<p><strong>Modificaciones en otras rutas del Metro de Medell\u00edn<\/strong><\/p>\n\n\n\n<p>Por cuenta de la grave emergencia que se report\u00f3 en la capital de Antioquia, desde el sistema de transporte p\u00fablico masivo informaron cambios en la operaci\u00f3n.<\/p>\n\n\n\n<p>Adem\u00e1s del cierre de la l\u00ednea K, que corresponde a la ruta que hac\u00eda la cabina que se desplom\u00f3, tambi\u00e9n<strong>&nbsp;implementaron modificaciones en otras modalidades del sistema.<\/strong><\/p>\n\n\n\n<p>Seg\u00fan informaron a trav\u00e9s de las redes sociales del Metro de Medell\u00edn, la ruta C6-017 integra nuevas paradas para atender la demanda en la zona donde se report\u00f3 el accidente con la cabina del Metrocable.<\/p>\n\n\n\n<p>\u201cAtenci\u00f3n Activamos con el \u00c1rea Metropolitana del Valle de Aburr\u00e1 el \u2018Plan de contingencia de rutas integradas\u2019. La ruta C6-017 modifica su recorrido y<strong>&nbsp;estar\u00e1 integrando en las estaciones Acevedo y Santo Domingo<\/strong>\u201d, informaron a trav\u00e9s de las redes sociales.<\/p>\n","protected":false},"excerpt":{"rendered":"<p>La l\u00ednea K est\u00e1 fuera de servicio, inform\u00f3 Metro de Medell\u00edn luego de la emergencia. Una grave emergencia se registr\u00f3 en el sistema de transporte de Medell\u00edn en la madrugada del mi\u00e9rcoles 26 de junio de 2024. Una cabina del Metrocable se desprendi\u00f3 y cay\u00f3 con pasajeros adentro. Los hechos se reportaron cerca de las [&hellip;]<\/p>\n","protected":false},"author":5,"featured_media":410698,"comment_status":"open","ping_status":"open","sticky":false,"template":"","format":"standard","meta":{"_stopmodifiedupdate":false,"_modified_date":"","inline_featured_image":false,"spay_email":"","jetpack_publicize_message":""},"categories":[6],"tags":[],"jetpack_featured_media_url":"https:\/\/notinor.com\/jujuy\/wp-content\/uploads\/2024\/06\/COLOMBIA.jpg","jetpack_publicize_connections":[],"_links":{"self":[{"href":"https:\/\/notinor.com\/jujuy\/wp-json\/wp\/v2\/posts\/410697"}],"collection":[{"href":"https:\/\/notinor.com\/jujuy\/wp-json\/wp\/v2\/posts"}],"about":[{"href":"https:\/\/notinor.com\/jujuy\/wp-json\/wp\/v2\/types\/post"}],"author":[{"embeddable":true,"href":"https:\/\/notinor.com\/jujuy\/wp-json\/wp\/v2\/users\/5"}],"replies":[{"embeddable":true,"href":"https:\/\/notinor.com\/jujuy\/wp-json\/wp\/v2\/comments?post=410697"}],"version-history":[{"count":1,"href":"https:\/\/notinor.com\/jujuy\/wp-json\/wp\/v2\/posts\/410697\/revisions"}],"predecessor-version":[{"id":410699,"href":"https:\/\/notinor.com\/jujuy\/wp-json\/wp\/v2\/posts\/410697\/revisions\/410699"}],"wp:featuredmedia":[{"embeddable":true,"href":"https:\/\/notinor.com\/jujuy\/wp-json\/wp\/v2\/media\/410698"}],"wp:attachment":[{"href":"https:\/\/notinor.com\/jujuy\/wp-json\/wp\/v2\/media?parent=410697"}],"wp:term":[{"taxonomy":"category","embeddable":true,"href":"https:\/\/notinor.com\/jujuy\/wp-json\/wp\/v2\/categories?post=410697"},{"taxonomy":"post_tag","embeddable":true,"href":"https:\/\/notinor.com\/jujuy\/wp-json\/wp\/v2\/tags?post=410697"}],"curies":[{"name":"wp","href":"https:\/\/api.w.org\/{rel}","templated":true}]}}