{"id":410691,"date":"2024-06-26T11:58:09","date_gmt":"2024-06-26T14:58:09","guid":{"rendered":"https:\/\/notinor.com\/jujuy\/?p=410691"},"modified":"2024-06-26T11:58:10","modified_gmt":"2024-06-26T14:58:10","slug":"aseguran-que-duki-y-emilia-mernes-se-casaran-en-el-invierno-todos-los-detalles-de-la-boda-mas-esperada","status":"publish","type":"post","link":"https:\/\/notinor.com\/jujuy\/aseguran-que-duki-y-emilia-mernes-se-casaran-en-el-invierno-todos-los-detalles-de-la-boda-mas-esperada\/","title":{"rendered":"Aseguran que Duki y Emilia Mernes se casar\u00e1n \u201cen el invierno\u201d: todos los detalles de la boda m\u00e1s esperada"},"content":{"rendered":"\n<p class=\"has-medium-font-size\"><strong><em>Fernanda Iglesias cont\u00f3 en LAM que los artistas ya hicieron una prueba de vestuario para ese momento inolvidable.<\/em><\/strong><\/p>\n\n\n<div class=\"wp-block-image\">\n<figure class=\"aligncenter\"><img decoding=\"async\" src=\"https:\/\/www.ciudad.com.ar\/resizer\/v2\/https%3A%2F%2Fthumbs.vodgc.net%2FCiudadS3AC6F32E9E203A190A3F405946C51F08026062024005237332617408-1719374817.jpg?auth=6e694ccc6533cd772635cb6f9017c479fb7a8a24bcefc8fd3542af5218cb6a72&amp;width=767\" alt=\"Video Placeholder\"\/><figcaption class=\"wp-element-caption\">Duki\u00a0y\u00a0Emilia Mernes<\/figcaption><\/figure><\/div>\n\n\n<p>Este martes en\u00a0<strong>LAM<\/strong>\u00a0contaron que\u00a0<strong>Duki<\/strong>\u00a0y\u00a0<strong>Emilia Mernes<\/strong>,\u00a0<strong>una de las parejas m\u00e1s celebradas<\/strong> del ambiente musical, <strong>est\u00e1n\u00a0haciendo planes<\/strong> para casarse, con el aliciente de que ser\u00eda \u201cen invierno\u201d, la estaci\u00f3n que acaba de empezar en este continente.<\/p>\n\n\n\n<p>En LAM,&nbsp;<strong>Fernanda Iglesias<\/strong>&nbsp;lleg\u00f3 con el dato y caus\u00f3 impacto. \u201cEs un casamiento, los dos son famosos, relaci\u00f3n heterosexual,&nbsp;<strong>ella baila muy bien, pero no es bailarina<\/strong>, es cantante y es una bomba\u201d, anunci\u00f3 De Brito en modo \u201cenigm\u00e1tico\u201d.<\/p>\n\n\n<div class=\"wp-block-image\">\n<figure class=\"aligncenter\"><img decoding=\"async\" src=\"https:\/\/www.ciudad.com.ar\/resizer\/v2\/aseguran-que-duki-y-emilia-mernes-se-casaran-en-el-invierno-todos-los-detalles-de-la-boda-mas-esperada-KQO3HXHW7BAJZKPNOWJWVSQSSU.jpg?auth=c76027ffa8769b428d8b795e76b98eb07023ae1c119cc17d65426782ab3920b5&amp;width=767\" alt=\"Aseguran que Duki y Emilia Mernes se casar\u00e1n \u201cen el invierno\u201d:  todos los detalles de la boda m\u00e1s esperada\"\/><\/figure><\/div>\n\n\n<p>\u201c\u00c9l es cantante y produce m\u00fasica.\u00a0<strong>Son j\u00f3venes, primer hervor, ambos muy talentosos<\/strong>, argentinos, tapa ac\u00e1 y en el exterior\u201d, agreg\u00f3 el conductor del ciclo de Am\u00e9rica, reci\u00e9n llegado de vacaciones.<\/p>\n\n\n\n<p><strong>C\u00f3mo ser\u00e1 la boda de Duki y Emilia Mernes, que estar\u00eda pautada para \u201cel invierno\"<\/strong><\/p>\n\n\n\n<p>En este sentido, tras revelar el nombre de los protagonistas de esta bella historia de amor, Fernanda Iglesias agreg\u00f3 que: \u201c<strong>La fuente que me escribi\u00f3, me dijo que es en invierno, no me aclar\u00f3 si de ac\u00e1 o de all\u00e1. Pero parece que se casan en la Argentina y es inminente<\/strong>\u201d, se\u00f1al\u00f3.<\/p>\n\n\n\n<p>\u201c<strong>Hay un dato que confirma todo: hubo prueba de vestuario. \u00c9l estuvo midi\u00e9ndose el traje en Armani<\/strong>\u201d, agreg\u00f3 la panelista repatriada de De Brito.\u201dEste chisme llega desde Madrid porque est\u00e1n all\u00e1 y ah\u00ed se mand\u00f3 a hacer el traje\u201d, explic\u00f3.<\/p>\n\n\n<div class=\"wp-block-image\">\n<figure class=\"aligncenter\"><img decoding=\"async\" src=\"https:\/\/www.ciudad.com.ar\/resizer\/v2\/emilia-mernes-foto-instagramemiliamernes-YTGBHB5SIVHK3BVZENFKINSNEY.jpg?auth=a34b0bdeff1d85e1d3eae7d03489330b39835c84ee2488cc6c9cfd47f781df6e&amp;width=767\" alt=\"Emilia Mernes (Foto: Instagram\/@emiliamernes)\"\/><figcaption class=\"wp-element-caption\">Emilia Mernes <\/figcaption><\/figure><\/div>\n\n\n<p>El resto de las panelistas debati\u00f3 largo si el invierno al que hace menci\u00f3n el chimento se refiere al boreal o al austral, y analizaron que la&nbsp;<strong>pareja pasa mucho tiempo en Miami<\/strong>, donde esa estaci\u00f3n comienza el 21 de diciembre. \u00bfHabr\u00e1 boda este a\u00f1o?<\/p>\n","protected":false},"excerpt":{"rendered":"<p>Fernanda Iglesias cont\u00f3 en LAM que los artistas ya hicieron una prueba de vestuario para ese momento inolvidable. Este martes en\u00a0LAM\u00a0contaron que\u00a0Duki\u00a0y\u00a0Emilia Mernes,\u00a0una de las parejas m\u00e1s celebradas del ambiente musical, est\u00e1n\u00a0haciendo planes para casarse, con el aliciente de que ser\u00eda \u201cen invierno\u201d, la estaci\u00f3n que acaba de empezar en este continente. En LAM,&nbsp;Fernanda Iglesias&nbsp;lleg\u00f3 [&hellip;]<\/p>\n","protected":false},"author":5,"featured_media":410692,"comment_status":"open","ping_status":"open","sticky":false,"template":"","format":"standard","meta":{"_stopmodifiedupdate":false,"_modified_date":"","inline_featured_image":false,"spay_email":"","jetpack_publicize_message":""},"categories":[21],"tags":[],"jetpack_featured_media_url":"https:\/\/notinor.com\/jujuy\/wp-content\/uploads\/2024\/06\/DUKI.jpg","jetpack_publicize_connections":[],"_links":{"self":[{"href":"https:\/\/notinor.com\/jujuy\/wp-json\/wp\/v2\/posts\/410691"}],"collection":[{"href":"https:\/\/notinor.com\/jujuy\/wp-json\/wp\/v2\/posts"}],"about":[{"href":"https:\/\/notinor.com\/jujuy\/wp-json\/wp\/v2\/types\/post"}],"author":[{"embeddable":true,"href":"https:\/\/notinor.com\/jujuy\/wp-json\/wp\/v2\/users\/5"}],"replies":[{"embeddable":true,"href":"https:\/\/notinor.com\/jujuy\/wp-json\/wp\/v2\/comments?post=410691"}],"version-history":[{"count":1,"href":"https:\/\/notinor.com\/jujuy\/wp-json\/wp\/v2\/posts\/410691\/revisions"}],"predecessor-version":[{"id":410693,"href":"https:\/\/notinor.com\/jujuy\/wp-json\/wp\/v2\/posts\/410691\/revisions\/410693"}],"wp:featuredmedia":[{"embeddable":true,"href":"https:\/\/notinor.com\/jujuy\/wp-json\/wp\/v2\/media\/410692"}],"wp:attachment":[{"href":"https:\/\/notinor.com\/jujuy\/wp-json\/wp\/v2\/media?parent=410691"}],"wp:term":[{"taxonomy":"category","embeddable":true,"href":"https:\/\/notinor.com\/jujuy\/wp-json\/wp\/v2\/categories?post=410691"},{"taxonomy":"post_tag","embeddable":true,"href":"https:\/\/notinor.com\/jujuy\/wp-json\/wp\/v2\/tags?post=410691"}],"curies":[{"name":"wp","href":"https:\/\/api.w.org\/{rel}","templated":true}]}}