{"id":410687,"date":"2024-06-26T11:33:23","date_gmt":"2024-06-26T14:33:23","guid":{"rendered":"https:\/\/notinor.com\/jujuy\/?p=410687"},"modified":"2024-06-26T11:33:25","modified_gmt":"2024-06-26T14:33:25","slug":"carlos-sadir-las-provincias-mineras-petroleras-y-gasiferas-tenemos-un-especial-interes-en-el-rigi","status":"publish","type":"post","link":"https:\/\/notinor.com\/jujuy\/carlos-sadir-las-provincias-mineras-petroleras-y-gasiferas-tenemos-un-especial-interes-en-el-rigi\/","title":{"rendered":"Carlos Sadir: \"Las provincias mineras, petroleras y gas\u00edferas tenemos un especial inter\u00e9s en el RIGI\""},"content":{"rendered":"\n<p class=\"has-medium-font-size\"><strong><em>El gobernador\u00a0Carlos Sadir\u00a0junto a sus pares de Salta, Gustavo S\u00e1enz; de Tucum\u00e1n, Osvaldo Jaldo; y de Catamarca, Ra\u00fal Jalil se reunieron con el presidente\u00a0Javier Milei\u00a0para abordar temas estrat\u00e9gicos para la regi\u00f3n: corredor bioce\u00e1nico, obra p\u00fablica, coparticipaci\u00f3n, impulso a las econom\u00edas regionales y empleo.<\/em><\/strong><\/p>\n\n\n<div class=\"wp-block-image\">\n<figure class=\"aligncenter\"><img decoding=\"async\" src=\"https:\/\/media.prensa.jujuy.gob.ar\/p\/92695c5459b49eac8a182a2d484dd473\/adjuntos\/301\/imagenes\/000\/395\/0000395905\/1200x0\/smart\/gobernador-carlos-sadir.jpeg\" alt=\"Carlos Sadir: Las provincias mineras, petroleras y gas\u00edferas tenemos un especial inter\u00e9s en el RIGI\" title=\"Carlos Sadir: Las provincias mineras, petroleras y gas\u00edferas tenemos un especial inter\u00e9s en el RIGI\"\/><figcaption class=\"wp-element-caption\">Gobernador Carlos Sadir<\/figcaption><\/figure><\/div>\n\n\n<p>El encuentro desarrollado en Casa Rosada cont\u00f3 con la participaci\u00f3n del jefe de Gabinete de Ministros de la Naci\u00f3n, Guillermo Franco; y la secretaria general de la Presidencia, Karina Milei.<\/p>\n\n\n\n<p><strong>\u201cHablamos fundamentalmente de la Ley Bases y sobre todo de cuestiones que interesan a nuestras provincias como el corredor bioce\u00e1nico, la obra p\u00fablica y la necesidad de la reactivaci\u00f3n de la econom\u00eda\u201d<\/strong>, puntualiz\u00f3 Carlos Sadir<\/p>\n\n\n\n<p>El mandatario juje\u00f1o se\u00f1al\u00f3 que&nbsp;<strong>\u201cpara las provincias es clave el paquete fiscal\u201d, como tambi\u00e9n \u201cla restituci\u00f3n del impuesto a las ganancias\u201d<\/strong>&nbsp;que impacta directamente en la coparticipaci\u00f3n. \u201cEste es uno de los primeros reclamos que hicimos todos los gobernadores\u201d, subray\u00f3.<\/p>\n\n\n\n<p>Otro de los puntos abordados fue tema inversiones, particularmente el&nbsp;<strong>RIGI. \u201cEntendemos que es un r\u00e9gimen que va a dar impulso a las econom\u00edas regionales y al empleo\u201d, asever\u00f3 Sadir destacando las \u201ccoincidencias con el presidente\u201d<\/strong>&nbsp;en ese orden. Milei les confirm\u00f3 a los gobernadores la intenci\u00f3n de ciertas empresas de \u201chacer fuertes inversiones utilizando este r\u00e9gimen\u201d, indic\u00f3.&nbsp;<\/p>\n\n\n\n<p><strong>En lo que respecta a Jujuy, recalc\u00f3 el \u201cinter\u00e9s de invertir en miner\u00eda\u201d<\/strong>, y a\u00f1adi\u00f3 que \u201chay empresas a la espera que se apruebe la Ley Bases y comience a regir el r\u00e9gimen\u201d, adem\u00e1s de \u201cotras que ya tienen \u00e1reas concedidas para hacer exploraciones\u201d.&nbsp;<\/p>\n\n\n\n<p><strong>\u201cA provincias mineras como Jujuy, Salta y Catamarca, como tambi\u00e9n las petroleras y gas\u00edferas tenemos un especial inter\u00e9s en el RIGI\u201d<\/strong>, enfatiz\u00f3.&nbsp;<\/p>\n\n\n\n<p>En el tema energ\u00e9tico,&nbsp;<strong>Sadir marc\u00f3 la intensi\u00f3n del Gobierno Provincial de ampliar 200 megavatios m\u00e1s la producci\u00f3n de energ\u00eda limpia de la planta Cauchari para llevarla a 500 MW, lo que representar\u00eda un ingreso mayor para la provincia a partir de la venta de energ\u00eda al sistema interconectado<\/strong>. A esto sum\u00f3 otros proyectos de generaci\u00f3n en diferentes localidades de Jujuy por 96 megas.&nbsp;<\/p>\n\n\n\n<p>Por \u00faltimo,&nbsp;<strong>ponder\u00f3 el acuerdo rubricado en el marco de la Asamblea de Gobernadores del Norte Grande para la instalaci\u00f3n de parques solares en las provincias de la regi\u00f3n, con el objetivo de \u201ccubrir la demanda energ\u00e9tica del pa\u00eds\u201d<\/strong>, como tambi\u00e9n para uso productivo de \u201clas grandes empresas que se vengan a instalar\u201d.<\/p>\n","protected":false},"excerpt":{"rendered":"<p>El gobernador\u00a0Carlos Sadir\u00a0junto a sus pares de Salta, Gustavo S\u00e1enz; de Tucum\u00e1n, Osvaldo Jaldo; y de Catamarca, Ra\u00fal Jalil se reunieron con el presidente\u00a0Javier Milei\u00a0para abordar temas estrat\u00e9gicos para la regi\u00f3n: corredor bioce\u00e1nico, obra p\u00fablica, coparticipaci\u00f3n, impulso a las econom\u00edas regionales y empleo. El encuentro desarrollado en Casa Rosada cont\u00f3 con la participaci\u00f3n del jefe [&hellip;]<\/p>\n","protected":false},"author":5,"featured_media":410688,"comment_status":"open","ping_status":"open","sticky":false,"template":"","format":"standard","meta":{"_stopmodifiedupdate":false,"_modified_date":"","inline_featured_image":false,"spay_email":"","jetpack_publicize_message":""},"categories":[501],"tags":[],"jetpack_featured_media_url":"https:\/\/notinor.com\/jujuy\/wp-content\/uploads\/2024\/06\/SADIR.jpg","jetpack_publicize_connections":[],"_links":{"self":[{"href":"https:\/\/notinor.com\/jujuy\/wp-json\/wp\/v2\/posts\/410687"}],"collection":[{"href":"https:\/\/notinor.com\/jujuy\/wp-json\/wp\/v2\/posts"}],"about":[{"href":"https:\/\/notinor.com\/jujuy\/wp-json\/wp\/v2\/types\/post"}],"author":[{"embeddable":true,"href":"https:\/\/notinor.com\/jujuy\/wp-json\/wp\/v2\/users\/5"}],"replies":[{"embeddable":true,"href":"https:\/\/notinor.com\/jujuy\/wp-json\/wp\/v2\/comments?post=410687"}],"version-history":[{"count":1,"href":"https:\/\/notinor.com\/jujuy\/wp-json\/wp\/v2\/posts\/410687\/revisions"}],"predecessor-version":[{"id":410689,"href":"https:\/\/notinor.com\/jujuy\/wp-json\/wp\/v2\/posts\/410687\/revisions\/410689"}],"wp:featuredmedia":[{"embeddable":true,"href":"https:\/\/notinor.com\/jujuy\/wp-json\/wp\/v2\/media\/410688"}],"wp:attachment":[{"href":"https:\/\/notinor.com\/jujuy\/wp-json\/wp\/v2\/media?parent=410687"}],"wp:term":[{"taxonomy":"category","embeddable":true,"href":"https:\/\/notinor.com\/jujuy\/wp-json\/wp\/v2\/categories?post=410687"},{"taxonomy":"post_tag","embeddable":true,"href":"https:\/\/notinor.com\/jujuy\/wp-json\/wp\/v2\/tags?post=410687"}],"curies":[{"name":"wp","href":"https:\/\/api.w.org\/{rel}","templated":true}]}}