{"id":410683,"date":"2024-06-26T11:15:35","date_gmt":"2024-06-26T14:15:35","guid":{"rendered":"https:\/\/notinor.com\/jujuy\/?p=410683"},"modified":"2024-06-26T11:15:36","modified_gmt":"2024-06-26T14:15:36","slug":"hallaron-muerto-a-nicolas-del-rio-el-camionero-argentino-que-habia-desaparecido-en-italia-cuando-transportaba-un-lote-de-carteras-gucci","status":"publish","type":"post","link":"https:\/\/notinor.com\/jujuy\/hallaron-muerto-a-nicolas-del-rio-el-camionero-argentino-que-habia-desaparecido-en-italia-cuando-transportaba-un-lote-de-carteras-gucci\/","title":{"rendered":"Hallaron muerto a Nicol\u00e1s del R\u00edo, el camionero argentino que hab\u00eda desaparecido en Italia cuando transportaba un lote de carteras Gucci"},"content":{"rendered":"\n<p class=\"has-medium-font-size\"><strong><em>Fue encontrado en un acantilado en la localidad de Arcidosso. Hab\u00eda sido visto por \u00faltima vez el 22 de mayo. El cargamento est\u00e1 valuado en medio mill\u00f3n de euros y hallaron restos de las carteras en la casa del padre de un acusado.<\/em><\/strong> <strong><em>Hay tres detenidos.<\/em><\/strong><\/p>\n\n\n<div class=\"wp-block-image\">\n<figure class=\"aligncenter size-full\"><img decoding=\"async\" loading=\"lazy\" width=\"750\" height=\"451\" src=\"https:\/\/notinor.com\/jujuy\/wp-content\/uploads\/2024\/06\/NICOLAS.jpg\" alt=\"\" class=\"wp-image-410685\" srcset=\"https:\/\/notinor.com\/jujuy\/wp-content\/uploads\/2024\/06\/NICOLAS.jpg 750w, https:\/\/notinor.com\/jujuy\/wp-content\/uploads\/2024\/06\/NICOLAS-607x365.jpg 607w\" sizes=\"(max-width: 750px) 100vw, 750px\" \/><figcaption class=\"wp-element-caption\">Nicol\u00e1s Mat\u00edas del R\u00edo desaparecido en Italia<\/figcaption><\/figure><\/div>\n\n\n<p><strong>Nicol\u00e1s Mat\u00edas del R\u00edo<\/strong>, el camionero argentino que estuvo m\u00e1s de un mes desaparecido en Italia,\u00a0<strong>fue hallado muerto en la localidad italiana de Arcidosso<\/strong>. El hombre de 48 a\u00f1os hab\u00eda sido visto por \u00faltima vez el 22 de mayo, cuando sali\u00f3 a transportar <strong>un cargamento de carteras de lujo valuadas en medio mill\u00f3n de euros.<\/strong><\/p>\n\n\n\n<p>Por el crimen&nbsp;<strong>hay tres sospechosos detenidos<\/strong>. Se trata de dos hombres de nacionalidad turca y otro de nacionalidad albanesa. Todos se negaron a declarar.<\/p>\n\n\n\n<p>El cad\u00e1ver de Del R\u00edo fue&nbsp;<strong>hallado en un acantilado<\/strong>&nbsp;cercano a la villa en el Municipio de Arcidosso, mientras que en una casa de la zona en la que supuestamente&nbsp;<strong>estaban escondidas las carteras de la marca Gucci que trasladaba,&nbsp;<\/strong>inform\u00f3 el&nbsp;<em>Corriere Della Sera<\/em>.<\/p>\n\n\n\n<p>El transportista, que en Argentina viv\u00eda en la localidad bonaerense de El Palomar y manejaba un colectivo de la l\u00ednea 135, se hab\u00eda radicado junto a su mujer y su hijo de 9 a\u00f1os en el peque\u00f1o pueblo de Abbadia de San Salvatore, en la provincia de Siena, en la Toscana italiana, a unos 22 kil\u00f3metros de donde fue encontrado muerto.<\/p>\n\n\n\n<p>Nicol\u00e1s hab\u00eda sumado a su primer trabajo -manejar una gr\u00faa- el de conducir una camioneta para hacer repartos. El 22 de mayo lo mandaron a cargar unas carteras de marcas lujosas que deb\u00edan salir para Florencia por&nbsp;<strong>un valor aproximado de 500 mil euros<\/strong>, y esa fue la \u00faltima vez que se tuvo noticias de \u00e9l.<\/p>\n\n\n\n<p>Al d\u00eda siguiente de su desaparici\u00f3n,&nbsp;<strong>la camioneta que conduc\u00eda Nicol\u00e1s apareci\u00f3 incendiada en Rocalbegna<\/strong>. A unos 400 metros encontraron&nbsp;<strong>las cajas de cart\u00f3n<\/strong>&nbsp;en las que estaban embaladas las carteras, pero no hab\u00eda rastros de la mercader\u00eda.<\/p>\n\n\n\n<p>Las autoridades italianas tambi\u00e9n apuntan a los padres del hombre alban\u00e9s, debido que en su casa se encontraron&nbsp;<strong>restos de las carteras que trasladaba Del R\u00edo cuando desapareci\u00f3<\/strong>.<\/p>\n\n\n\n<p>Nicol\u00e1s lleg\u00f3 en diciembre \u00faltimo a Italia buscando mejorar su situaci\u00f3n junto a su mujer y a su hijo. Finalmente, termin\u00f3 su vida de manera tr\u00e1gica.<\/p>\n\n\n\n<p>Carolina Alegre, la esposa de Nicol\u00e1s, cont\u00f3 que espera a que las autoridades se comuniquen con ella. \u201cNi siquiera sabemos cu\u00e1ndo pas\u00f3, ni desde cuando \u00e9l estaba ah\u00ed, ni c\u00f3mo fue, ni de qu\u00e9 forma\u201d, dijo en di\u00e1logo con TN.<\/p>\n\n\n\n<p><strong>C\u00f3mo fue el crimen de Nicol\u00e1s Mat\u00edas del R\u00edo<\/strong><\/p>\n\n\n\n<p>Seg\u00fan la reconstrucci\u00f3n que hicieron los Carabinieri -polic\u00eda italiana- y el fiscal de Grosseto Giovanni De Marco, Emre Kaja, uno de los detenidos, fue el que le rob\u00f3 a Nicol\u00e1s y luego lo condujo a un parque donde las bolsas fueron transbordadas a otros dos veh\u00edculos. En uno de ellos fue trasladado el argentino, en lo que fue calificado como secuestro.<\/p>\n\n\n\n<p>Por su parte, Klodian Gioni, detenido el s\u00e1bado 15 de junio en el aeropuerto de Ciampino cuando estaba por viajar a Tirana, desempe\u00f1\u00f3 un papel decisivo. Seg\u00fan la hip\u00f3tesis investigada, fue \u00e9l quien detuvo al camionero en la ruta con la excusa de que su furgoneta se hab\u00eda averiado. Le pidi\u00f3 que cargara tambi\u00e9n sus maletas y luego, de alguna manera, lo condujo hasta la emboscada.<\/p>\n\n\n\n<p>Seg\u00fan la investigaci\u00f3n de la polic\u00eda italiana, los tres hombres que hoy se encuentran detenidos fueron los que mataron a Nicol\u00e1s. Todos ellos est\u00e1n acusados no s\u00f3lo de robo y da\u00f1os, sino tambi\u00e9n de homicidio voluntario y secuestro.<\/p>\n","protected":false},"excerpt":{"rendered":"<p>Fue encontrado en un acantilado en la localidad de Arcidosso. Hab\u00eda sido visto por \u00faltima vez el 22 de mayo. El cargamento est\u00e1 valuado en medio mill\u00f3n de euros y hallaron restos de las carteras en la casa del padre de un acusado. Hay tres detenidos. Nicol\u00e1s Mat\u00edas del R\u00edo, el camionero argentino que estuvo [&hellip;]<\/p>\n","protected":false},"author":5,"featured_media":410685,"comment_status":"open","ping_status":"open","sticky":false,"template":"","format":"standard","meta":{"_stopmodifiedupdate":false,"_modified_date":"","inline_featured_image":false,"spay_email":"","jetpack_publicize_message":""},"categories":[3],"tags":[],"jetpack_featured_media_url":"https:\/\/notinor.com\/jujuy\/wp-content\/uploads\/2024\/06\/NICOLAS.jpg","jetpack_publicize_connections":[],"_links":{"self":[{"href":"https:\/\/notinor.com\/jujuy\/wp-json\/wp\/v2\/posts\/410683"}],"collection":[{"href":"https:\/\/notinor.com\/jujuy\/wp-json\/wp\/v2\/posts"}],"about":[{"href":"https:\/\/notinor.com\/jujuy\/wp-json\/wp\/v2\/types\/post"}],"author":[{"embeddable":true,"href":"https:\/\/notinor.com\/jujuy\/wp-json\/wp\/v2\/users\/5"}],"replies":[{"embeddable":true,"href":"https:\/\/notinor.com\/jujuy\/wp-json\/wp\/v2\/comments?post=410683"}],"version-history":[{"count":1,"href":"https:\/\/notinor.com\/jujuy\/wp-json\/wp\/v2\/posts\/410683\/revisions"}],"predecessor-version":[{"id":410686,"href":"https:\/\/notinor.com\/jujuy\/wp-json\/wp\/v2\/posts\/410683\/revisions\/410686"}],"wp:featuredmedia":[{"embeddable":true,"href":"https:\/\/notinor.com\/jujuy\/wp-json\/wp\/v2\/media\/410685"}],"wp:attachment":[{"href":"https:\/\/notinor.com\/jujuy\/wp-json\/wp\/v2\/media?parent=410683"}],"wp:term":[{"taxonomy":"category","embeddable":true,"href":"https:\/\/notinor.com\/jujuy\/wp-json\/wp\/v2\/categories?post=410683"},{"taxonomy":"post_tag","embeddable":true,"href":"https:\/\/notinor.com\/jujuy\/wp-json\/wp\/v2\/tags?post=410683"}],"curies":[{"name":"wp","href":"https:\/\/api.w.org\/{rel}","templated":true}]}}