{"id":410676,"date":"2024-06-26T10:41:47","date_gmt":"2024-06-26T13:41:47","guid":{"rendered":"https:\/\/notinor.com\/jujuy\/?p=410676"},"modified":"2024-06-26T10:45:34","modified_gmt":"2024-06-26T13:45:34","slug":"messi-y-la-lesion-que-preocupo-a-todos-tras-argentina-vs-chile-me-molesta-un-poco-espero-que-no-sea-nada-grave","status":"publish","type":"post","link":"https:\/\/notinor.com\/jujuy\/messi-y-la-lesion-que-preocupo-a-todos-tras-argentina-vs-chile-me-molesta-un-poco-espero-que-no-sea-nada-grave\/","title":{"rendered":"Messi y la lesi\u00f3n que preocup\u00f3 a todos tras Argentina vs Chile: \u201cMe molesta un poco; espero que no sea nada grave\u201d"},"content":{"rendered":"\n<p class=\"has-medium-font-size\"><strong><em>El capit\u00e1n de la Selecci\u00f3n habl\u00f3 en zona mixta y estuvo lejos de llevar tranquilidad.Lo bueno es que con el equipo clasificado a cuartos de final puede descansar, el s\u00e1bado ante Per\u00fa.Cont\u00f3 que viene con un par de d\u00edas con dolor de garganta y fiebre.<\/em><\/strong><\/p>\n\n\n<div class=\"wp-block-image\">\n<figure class=\"aligncenter size-large\"><img decoding=\"async\" loading=\"lazy\" width=\"516\" height=\"480\" src=\"https:\/\/notinor.com\/jujuy\/wp-content\/uploads\/2024\/06\/messi-2-516x480.jpg\" alt=\"\" class=\"wp-image-410679\" srcset=\"https:\/\/notinor.com\/jujuy\/wp-content\/uploads\/2024\/06\/messi-2-516x480.jpg 516w, https:\/\/notinor.com\/jujuy\/wp-content\/uploads\/2024\/06\/messi-2-393x365.jpg 393w, https:\/\/notinor.com\/jujuy\/wp-content\/uploads\/2024\/06\/messi-2.jpg 526w\" sizes=\"(max-width: 516px) 100vw, 516px\" \/><\/figure><\/div>\n\n\n<p><strong>Lionel Messi<\/strong>&nbsp;encendi\u00f3 las alarmas de la&nbsp;<strong>Selecci\u00f3n Argentina<\/strong>&nbsp;cuando tuvo que ser atendido por el kinesi\u00f3logo Luis Garc\u00eda en pleno de juego cuando transcurr\u00eda el primer tiempo del partido contra Chile, por la segunda fecha del Grupo A de la Copa Am\u00e9rica. Se toc\u00f3 el aductor derecho y volvi\u00f3 despu\u00e9s de dos minutos de masajes. El capit\u00e1n campe\u00f3n del mundo nunca pidi\u00f3 el cambio y complet\u00f3 los 90 y pico de minutos que dur\u00f3 el encuentro. \u00bfC\u00f3mo termin\u00f3? Lo aclar\u00f3 en la zona mixta y estuvo lejos de llevar tranquilidad.<\/p>\n\n\n\n<figure class=\"wp-block-embed is-type-rich is-provider-twitter wp-block-embed-twitter\"><div class=\"wp-block-embed__wrapper\">\n<blockquote class=\"twitter-tweet\" data-width=\"500\" data-dnt=\"true\"><p lang=\"es\" dir=\"ltr\">LOS MASAJES A MESSI EN LA PIERNA DERECHA<br><br>El capit\u00e1n de la Selecci\u00f3n Argentina sinti\u00f3 una molestia en el aductor y fue asistido por el m\u00e9dico en el arranque del partido ante Chile. <a href=\"https:\/\/t.co\/j5GKiRD0eA\">pic.twitter.com\/j5GKiRD0eA<\/a><\/p>&mdash; TyC Sports (@TyCSports) <a href=\"https:\/\/twitter.com\/TyCSports\/status\/1805778334770515982?ref_src=twsrc%5Etfw\">June 26, 2024<\/a><\/blockquote><script async src=\"https:\/\/platform.twitter.com\/widgets.js\" charset=\"utf-8\"><\/script>\n<\/div><\/figure>\n\n\n\n<p>\"Qu\u00e9 s\u00e9 yo... Ahora voy a ver. Creo que s\u00ed.&nbsp;<strong>Me molesta un poco, pero pude terminar jugando as\u00ed que espero que no sea nada grave<\/strong>\", respondi\u00f3 ante cuando le preguntaron acerca de la dolencia que le apareci\u00f3, seg\u00fan confes\u00f3, en el primer pique de la noche en el MetLife de Nueva Jersey.<\/p>\n\n\n\n<p>En ese sentido, tras aclarar que nunca sinti\u00f3 un tir\u00f3n, agreg\u00f3: \"Termin\u00e9 bien, aunque un poco dolorido. No estaba suelto del todo. Me molestaba un poquito. Ma\u00f1ana ver\u00e9 c\u00f3mo seguimos. Me costaba moverme con soltura. Y despu\u00e9s te empieza a jugar la cabeza porque empez\u00e1s a pensar en el pinchazo. Pero vamos a ver\".<\/p>\n\n\n\n<p>Hubo otra declaraci\u00f3n que llam\u00f3 la atenci\u00f3n de Messi, en buena hora, porque sin que se le pregunte revel\u00f3 el posible origen de la molestia. \"Fue de la nada,&nbsp;<strong>vengo de un par de d\u00edas con dolor de garganta, fiebre y quiz\u00e1s eso me pas\u00f3 factura<\/strong>. No es algo viejo ni algo que tra\u00eda, es una contractura, veremos\", confes\u00f3.<\/p>\n\n\n\n<blockquote class=\"wp-block-quote\">\n<p><\/p>\n<\/blockquote>\n\n\n\n<p>Despu\u00e9s, ante el micr\u00f3fono de Clar\u00edn, reconoci\u00f3 que el triunfo ag\u00f3nico 1-0 con el gol de Lautaro Mart\u00ednez es un b\u00e1lsamo, porque le permite asegurar la clasificaci\u00f3n y casi el primer puesto, lo que derivar\u00e1 en su probable ausencia en Miami el pr\u00f3ximo s\u00e1bado contra Per\u00fa.<\/p>\n\n\n\n<p>\"La verdad que s\u00ed (tendr\u00eda casi una semana de descanso), por eso est\u00e1 bueno que hayamos ganado al final y obtenido la clasificaci\u00f3n. Son varios partidos, son viajes largos los que vamos haciendo, muchos d\u00edas en hoteles, descansando mal, por ah\u00ed esta bueno...\", opin\u00f3.<\/p>\n\n\n\n<p>Habr\u00e1 que esperar entonces los estudios a los que seguramente se someter\u00e1 en las pr\u00f3ximas horas con el cuerpo m\u00e9dico encabezado por el doctor Daniel Mart\u00ednez. La delegaci\u00f3n tiene previsto partir en ch\u00e1rter rumbo a Miami (unas tres horas de vuelo), despu\u00e9s del almuerzo de este mi\u00e9rcoles.<\/p>\n\n\n\n<p>Adem\u00e1s, analiz\u00f3 el partido con la misma claridad con la que desparram\u00f3 camisetas rojas pese al estado del campo de juego. \"Fue un partido muy trabado, que nos costaba encontrar los espacios. No quiero hacer hincapi\u00e9 mucho en eso, pero la cancha tampoco ayuda mucho. Porque no pod\u00e9s jugar de primera, no pod\u00e9s jugar r\u00e1pido, necesit\u00e1s siempre un tiempo m\u00e1s, incluso dos. Y se hace dif\u00edcil encontrar los espacios entre l\u00edneas y cuando la mov\u00e9s de un lado a otro, se hace m\u00e1s lento. Pero bueno, lo pudimos sacar adelante, obtener la victoria y, sobre todo, la clasificaci\u00f3n para estar tranquilos\", solt\u00f3.<\/p>\n\n\n\n<p>Lo concreto es que Argentina puede darse el lujo de darle descanso a su capit\u00e1n en el Hard Rock Stadium de Miami. El DT Lionel Scaloni ya avis\u00f3 que con el lugar garantizado entre los ocho mejores pondr\u00e1 en marcha una rotaci\u00f3n para que los que todav\u00eda no tuvieron minutos puedan jugar.<\/p>\n\n\n\n<p>\"Veremos c\u00f3mo se dan estos d\u00edas, c\u00f3mo me voy recuperando. Dimos un paso importante para estar tranquilos y para estar clasificados. Son muchos partidos seguidos, son muchos viajes. Ya empezaremos a pensar en lo que viene\", desliz\u00f3 Leo dando a entender que muy posiblemente se saltar\u00e1 el duelo contra los peruanos pensando en el cruce de los cuartos de final, que si gana su zona ser\u00e1 contra el segundo del grupo B, el 4 de julio en Houston.<\/p>\n","protected":false},"excerpt":{"rendered":"<p>El capit\u00e1n de la Selecci\u00f3n habl\u00f3 en zona mixta y estuvo lejos de llevar tranquilidad.Lo bueno es que con el equipo clasificado a cuartos de final puede descansar, el s\u00e1bado ante Per\u00fa.Cont\u00f3 que viene con un par de d\u00edas con dolor de garganta y fiebre. Lionel Messi&nbsp;encendi\u00f3 las alarmas de la&nbsp;Selecci\u00f3n Argentina&nbsp;cuando tuvo que ser [&hellip;]<\/p>\n","protected":false},"author":5,"featured_media":410682,"comment_status":"open","ping_status":"open","sticky":false,"template":"","format":"standard","meta":{"_stopmodifiedupdate":false,"_modified_date":"","inline_featured_image":false,"spay_email":"","jetpack_publicize_message":""},"categories":[7],"tags":[],"jetpack_featured_media_url":"https:\/\/notinor.com\/jujuy\/wp-content\/uploads\/2024\/06\/MESSI1.jpg","jetpack_publicize_connections":[],"_links":{"self":[{"href":"https:\/\/notinor.com\/jujuy\/wp-json\/wp\/v2\/posts\/410676"}],"collection":[{"href":"https:\/\/notinor.com\/jujuy\/wp-json\/wp\/v2\/posts"}],"about":[{"href":"https:\/\/notinor.com\/jujuy\/wp-json\/wp\/v2\/types\/post"}],"author":[{"embeddable":true,"href":"https:\/\/notinor.com\/jujuy\/wp-json\/wp\/v2\/users\/5"}],"replies":[{"embeddable":true,"href":"https:\/\/notinor.com\/jujuy\/wp-json\/wp\/v2\/comments?post=410676"}],"version-history":[{"count":3,"href":"https:\/\/notinor.com\/jujuy\/wp-json\/wp\/v2\/posts\/410676\/revisions"}],"predecessor-version":[{"id":410681,"href":"https:\/\/notinor.com\/jujuy\/wp-json\/wp\/v2\/posts\/410676\/revisions\/410681"}],"wp:featuredmedia":[{"embeddable":true,"href":"https:\/\/notinor.com\/jujuy\/wp-json\/wp\/v2\/media\/410682"}],"wp:attachment":[{"href":"https:\/\/notinor.com\/jujuy\/wp-json\/wp\/v2\/media?parent=410676"}],"wp:term":[{"taxonomy":"category","embeddable":true,"href":"https:\/\/notinor.com\/jujuy\/wp-json\/wp\/v2\/categories?post=410676"},{"taxonomy":"post_tag","embeddable":true,"href":"https:\/\/notinor.com\/jujuy\/wp-json\/wp\/v2\/tags?post=410676"}],"curies":[{"name":"wp","href":"https:\/\/api.w.org\/{rel}","templated":true}]}}