{"id":410670,"date":"2024-06-26T10:13:25","date_gmt":"2024-06-26T13:13:25","guid":{"rendered":"https:\/\/notinor.com\/jujuy\/?p=410670"},"modified":"2024-06-26T10:13:28","modified_gmt":"2024-06-26T13:13:28","slug":"el-campo-reafirmo-su-respaldo-al-pacto-de-mayo-y-pidio-un-programa-para-eliminar-las-retenciones","status":"publish","type":"post","link":"https:\/\/notinor.com\/jujuy\/el-campo-reafirmo-su-respaldo-al-pacto-de-mayo-y-pidio-un-programa-para-eliminar-las-retenciones\/","title":{"rendered":"El campo reafirm\u00f3 su respaldo al \u201cPacto de Mayo\u201d y pidi\u00f3 un programa para eliminar las retenciones"},"content":{"rendered":"\n<p class=\"has-medium-font-size\"><strong><em>La agroindustria celebra la iniciativa del presidente Javier Milei de realizar una amplia convocatoria para la firma del acuerdo nacional el pr\u00f3ximo 9 de julio en Tucum\u00e1n.<\/em><\/strong><\/p>\n\n\n<div class=\"wp-block-image\">\n<figure class=\"aligncenter size-large\"><img decoding=\"async\" loading=\"lazy\" width=\"840\" height=\"473\" src=\"https:\/\/notinor.com\/jujuy\/wp-content\/uploads\/2024\/01\/cosecha-trigo-8-840x473.jpg\" alt=\"\" class=\"wp-image-400877\" srcset=\"https:\/\/notinor.com\/jujuy\/wp-content\/uploads\/2024\/01\/cosecha-trigo-8-840x473.jpg 840w, https:\/\/notinor.com\/jujuy\/wp-content\/uploads\/2024\/01\/cosecha-trigo-8-649x365.jpg 649w, https:\/\/notinor.com\/jujuy\/wp-content\/uploads\/2024\/01\/cosecha-trigo-8-768x432.jpg 768w, https:\/\/notinor.com\/jujuy\/wp-content\/uploads\/2024\/01\/cosecha-trigo-8-750x422.jpg 750w, https:\/\/notinor.com\/jujuy\/wp-content\/uploads\/2024\/01\/cosecha-trigo-8.jpg 1024w\" sizes=\"(max-width: 840px) 100vw, 840px\" \/><figcaption class=\"wp-element-caption\">Campo Argentino<\/figcaption><\/figure><\/div>\n\n\n<p>En el acto conmemorativo del D\u00eda de la Bandera en Rosario, el presidente Javier Milei reiter\u00f3 su llamado a un nuevo \u201cPacto de Mayo\u201d, instando a \u201ctodos los actores pol\u00edticos y productivos\u201d a unirse en esta iniciativa que se celebrar\u00e1 el pr\u00f3ximo 9 de julio en Tucum\u00e1n, coincidiendo con el D\u00eda de la Independencia. <strong>El campo respald\u00f3 la propuesta presidencial.<\/strong><\/p>\n\n\n\n<p>En ese sentido, el sector destac\u00f3 la importancia de que el programa incluya la eliminaci\u00f3n de las retenciones, una medida que \u201cconsideran crucial para impulsar la competitividad y el crecimiento del sector agropecuario\u201d.<\/p>\n\n\n\n<blockquote class=\"wp-block-quote\">\n<p>En tanto, Elbio Laucirica, presidente de Coninagro, enfatiz\u00f3 la necesidad de un \u201cacuerdo inclusivo\u201d ante la dif\u00edcil situaci\u00f3n socioecon\u00f3mica del pa\u00eds.<\/p>\n<\/blockquote>\n\n\n\n<p>\u201cM\u00e1s que nunca se requiere de un acuerdo que involucre a la pol\u00edtica, los gobiernos nacional, provinciales y municipales, y a la sociedad en su conjunto. Empresarios, trabajadores, el comercio, los servicios, todos deben participar en definir las pol\u00edticas p\u00fablicas y el modelo de pa\u00eds que queremos\u201d, se\u00f1al\u00f3 Laucirica.<\/p>\n\n\n\n<p><strong>Adem\u00e1s, Laucirica destac\u00f3 el papel fundamental del sector productivo y del cooperativismo<\/strong>. \u201cDesde la producci\u00f3n en general, y el cooperativismo en particular, venimos invirtiendo, generando m\u00e1s producci\u00f3n y empleos genuinos, produciendo alimentos saludables que el consumidor requiere, con sustentabilidad socioecon\u00f3mica y ambiental\u201d, destac\u00f3.<\/p>\n\n\n\n<p class=\"has-medium-font-size\"><strong><em>Otras miradas desde el agro sobre el \u201cPacto de Mayo\u201d destacan diferentes enfoques y consideraciones<\/em><\/strong><\/p>\n\n\n\n<p><strong>En este contexto, el presidente de la Sociedad Rural Argentina (SRA), Nicol\u00e1s Pino, expres\u00f3 su apoyo a la convocatoria del gobierno<\/strong>: \u201cToda convocatoria que haga un gobierno es v\u00e1lida. Creemos que es la manera en que hay que trabajar: juntos, dialogando y construyendo entre todos. El campo y la producci\u00f3n tienen mucho para aportar al desarrollo econ\u00f3mico y social federal para el bien de todos los argentinos\u201d.<\/p>\n\n\n\n<p><strong>A su vez, Carlos Castagnani, presidente de Confederaciones Rurales Argentinas (CRA), tambi\u00e9n expres\u00f3 su respaldo a la iniciativa del presidente Milei. <\/strong>\u201cCon respecto a la nueva convocatoria del presidente al pacto, reiteramos que lo vemos de forma positiva. Todo pacto de gobernabilidad debe incluir tanto al oficialismo como a la oposici\u00f3n con el objetivo com\u00fan de lograr un pa\u00eds mejor\u201d, afirm\u00f3 Castagnani. \u201cEsa es la consigna, y desde CRA siempre apoyaremos ese objetivo, sin importar qui\u00e9n sea el gobierno\u201d, a\u00f1adi\u00f3.<\/p>\n","protected":false},"excerpt":{"rendered":"<p>La agroindustria celebra la iniciativa del presidente Javier Milei de realizar una amplia convocatoria para la firma del acuerdo nacional el pr\u00f3ximo 9 de julio en Tucum\u00e1n. En el acto conmemorativo del D\u00eda de la Bandera en Rosario, el presidente Javier Milei reiter\u00f3 su llamado a un nuevo \u201cPacto de Mayo\u201d, instando a \u201ctodos los [&hellip;]<\/p>\n","protected":false},"author":53,"featured_media":400877,"comment_status":"open","ping_status":"open","sticky":false,"template":"","format":"standard","meta":{"_stopmodifiedupdate":false,"_modified_date":"","inline_featured_image":false,"spay_email":"","jetpack_publicize_message":""},"categories":[2542],"tags":[],"jetpack_featured_media_url":"https:\/\/notinor.com\/jujuy\/wp-content\/uploads\/2024\/01\/cosecha-trigo-8.jpg","jetpack_publicize_connections":[],"_links":{"self":[{"href":"https:\/\/notinor.com\/jujuy\/wp-json\/wp\/v2\/posts\/410670"}],"collection":[{"href":"https:\/\/notinor.com\/jujuy\/wp-json\/wp\/v2\/posts"}],"about":[{"href":"https:\/\/notinor.com\/jujuy\/wp-json\/wp\/v2\/types\/post"}],"author":[{"embeddable":true,"href":"https:\/\/notinor.com\/jujuy\/wp-json\/wp\/v2\/users\/53"}],"replies":[{"embeddable":true,"href":"https:\/\/notinor.com\/jujuy\/wp-json\/wp\/v2\/comments?post=410670"}],"version-history":[{"count":1,"href":"https:\/\/notinor.com\/jujuy\/wp-json\/wp\/v2\/posts\/410670\/revisions"}],"predecessor-version":[{"id":410673,"href":"https:\/\/notinor.com\/jujuy\/wp-json\/wp\/v2\/posts\/410670\/revisions\/410673"}],"wp:featuredmedia":[{"embeddable":true,"href":"https:\/\/notinor.com\/jujuy\/wp-json\/wp\/v2\/media\/400877"}],"wp:attachment":[{"href":"https:\/\/notinor.com\/jujuy\/wp-json\/wp\/v2\/media?parent=410670"}],"wp:term":[{"taxonomy":"category","embeddable":true,"href":"https:\/\/notinor.com\/jujuy\/wp-json\/wp\/v2\/categories?post=410670"},{"taxonomy":"post_tag","embeddable":true,"href":"https:\/\/notinor.com\/jujuy\/wp-json\/wp\/v2\/tags?post=410670"}],"curies":[{"name":"wp","href":"https:\/\/api.w.org\/{rel}","templated":true}]}}