{"id":410592,"date":"2024-06-25T08:26:00","date_gmt":"2024-06-25T11:26:00","guid":{"rendered":"https:\/\/notinor.com\/jujuy\/?p=410592"},"modified":"2024-06-25T10:33:51","modified_gmt":"2024-06-25T13:33:51","slug":"colque-cruz-antonia","status":"publish","type":"post","link":"https:\/\/notinor.com\/jujuy\/colque-cruz-antonia\/","title":{"rendered":"COLQUE, Cruz Antonia"},"content":{"rendered":"\n<p><strong>Falleci\u00f3 el d\u00eda 24 de junio de 2024, a la edad de 91 a\u00f1os. Sus hijos: Teresa, Ra\u00fal, Roberto, sus nietos; sus bisnietos y dem\u00e1s familiares participan con profundo dolor su fallecimiento y comunican que sus restos ser\u00e1n inhumados hoy 25 de junio en el cementerio Nuestra Se\u00f1ora del Rosario. Ruegan una oraci\u00f3n en su memoria. Tanatopraxia y honras f\u00fanebres Servicios Sociales Instituto del Norte SA. Patricias Argentinas 247 San Salvador de Jujuy. 388- 4242818.<\/strong><\/p>\n","protected":false},"excerpt":{"rendered":"<p>Falleci\u00f3 el d\u00eda 24 de junio de 2024, a la edad de 91 a\u00f1os. Sus hijos: Teresa, Ra\u00fal, Roberto, sus nietos; sus bisnietos y dem\u00e1s familiares participan con profundo dolor su fallecimiento y comunican que sus restos ser\u00e1n inhumados hoy 25 de junio en el cementerio Nuestra Se\u00f1ora del Rosario. Ruegan una oraci\u00f3n en su [&hellip;]<\/p>\n","protected":false},"author":5,"featured_media":129720,"comment_status":"open","ping_status":"open","sticky":false,"template":"","format":"standard","meta":{"_stopmodifiedupdate":false,"_modified_date":"","inline_featured_image":false,"spay_email":"","jetpack_publicize_message":""},"categories":[523],"tags":[],"jetpack_featured_media_url":"https:\/\/notinor.com\/jujuy\/wp-content\/uploads\/2017\/08\/Obituarios1.jpg","jetpack_publicize_connections":[],"_links":{"self":[{"href":"https:\/\/notinor.com\/jujuy\/wp-json\/wp\/v2\/posts\/410592"}],"collection":[{"href":"https:\/\/notinor.com\/jujuy\/wp-json\/wp\/v2\/posts"}],"about":[{"href":"https:\/\/notinor.com\/jujuy\/wp-json\/wp\/v2\/types\/post"}],"author":[{"embeddable":true,"href":"https:\/\/notinor.com\/jujuy\/wp-json\/wp\/v2\/users\/5"}],"replies":[{"embeddable":true,"href":"https:\/\/notinor.com\/jujuy\/wp-json\/wp\/v2\/comments?post=410592"}],"version-history":[{"count":1,"href":"https:\/\/notinor.com\/jujuy\/wp-json\/wp\/v2\/posts\/410592\/revisions"}],"predecessor-version":[{"id":410593,"href":"https:\/\/notinor.com\/jujuy\/wp-json\/wp\/v2\/posts\/410592\/revisions\/410593"}],"wp:featuredmedia":[{"embeddable":true,"href":"https:\/\/notinor.com\/jujuy\/wp-json\/wp\/v2\/media\/129720"}],"wp:attachment":[{"href":"https:\/\/notinor.com\/jujuy\/wp-json\/wp\/v2\/media?parent=410592"}],"wp:term":[{"taxonomy":"category","embeddable":true,"href":"https:\/\/notinor.com\/jujuy\/wp-json\/wp\/v2\/categories?post=410592"},{"taxonomy":"post_tag","embeddable":true,"href":"https:\/\/notinor.com\/jujuy\/wp-json\/wp\/v2\/tags?post=410592"}],"curies":[{"name":"wp","href":"https:\/\/api.w.org\/{rel}","templated":true}]}}