{"id":410590,"date":"2024-06-25T08:27:00","date_gmt":"2024-06-25T11:27:00","guid":{"rendered":"https:\/\/notinor.com\/jujuy\/?p=410590"},"modified":"2024-06-25T10:31:59","modified_gmt":"2024-06-25T13:31:59","slug":"gomez-gladis-isabel","status":"publish","type":"post","link":"https:\/\/notinor.com\/jujuy\/gomez-gladis-isabel\/","title":{"rendered":"GOMEZ, Gladis Isabel"},"content":{"rendered":"\n<p><strong>Falleci\u00f3 el d\u00eda 23 de junio de 2024, a hs. 01:00. C.A.S.R. y B.P., a la edad de 73 a\u00f1os. Sus hijos: Alvaro y Nicol\u00e1s Martinez; su nieta: Brisa; sus hermanos; sus sobrinos; su hija pol\u00edtica: Celeste Cisnero y dem\u00e1s familiares comunican a sus amistades y personas piadosas que sus restos ser\u00e1n cremados hoy 25 de junio. Ruegan elevar una oraci\u00f3n en su memoria. Servicio exequial empresa Futuro SRL. Servicio de tanatopraxia y ceremonial empresa Futuro SRL. Ram\u00edrez de Velazco 137. Para Caruso SA.<\/strong><\/p>\n","protected":false},"excerpt":{"rendered":"<p>Falleci\u00f3 el d\u00eda 23 de junio de 2024, a hs. 01:00. C.A.S.R. y B.P., a la edad de 73 a\u00f1os. Sus hijos: Alvaro y Nicol\u00e1s Martinez; su nieta: Brisa; sus hermanos; sus sobrinos; su hija pol\u00edtica: Celeste Cisnero y dem\u00e1s familiares comunican a sus amistades y personas piadosas que sus restos ser\u00e1n cremados hoy 25 [&hellip;]<\/p>\n","protected":false},"author":5,"featured_media":129720,"comment_status":"open","ping_status":"open","sticky":false,"template":"","format":"standard","meta":{"_stopmodifiedupdate":false,"_modified_date":"","inline_featured_image":false,"spay_email":"","jetpack_publicize_message":""},"categories":[523],"tags":[],"jetpack_featured_media_url":"https:\/\/notinor.com\/jujuy\/wp-content\/uploads\/2017\/08\/Obituarios1.jpg","jetpack_publicize_connections":[],"_links":{"self":[{"href":"https:\/\/notinor.com\/jujuy\/wp-json\/wp\/v2\/posts\/410590"}],"collection":[{"href":"https:\/\/notinor.com\/jujuy\/wp-json\/wp\/v2\/posts"}],"about":[{"href":"https:\/\/notinor.com\/jujuy\/wp-json\/wp\/v2\/types\/post"}],"author":[{"embeddable":true,"href":"https:\/\/notinor.com\/jujuy\/wp-json\/wp\/v2\/users\/5"}],"replies":[{"embeddable":true,"href":"https:\/\/notinor.com\/jujuy\/wp-json\/wp\/v2\/comments?post=410590"}],"version-history":[{"count":1,"href":"https:\/\/notinor.com\/jujuy\/wp-json\/wp\/v2\/posts\/410590\/revisions"}],"predecessor-version":[{"id":410591,"href":"https:\/\/notinor.com\/jujuy\/wp-json\/wp\/v2\/posts\/410590\/revisions\/410591"}],"wp:featuredmedia":[{"embeddable":true,"href":"https:\/\/notinor.com\/jujuy\/wp-json\/wp\/v2\/media\/129720"}],"wp:attachment":[{"href":"https:\/\/notinor.com\/jujuy\/wp-json\/wp\/v2\/media?parent=410590"}],"wp:term":[{"taxonomy":"category","embeddable":true,"href":"https:\/\/notinor.com\/jujuy\/wp-json\/wp\/v2\/categories?post=410590"},{"taxonomy":"post_tag","embeddable":true,"href":"https:\/\/notinor.com\/jujuy\/wp-json\/wp\/v2\/tags?post=410590"}],"curies":[{"name":"wp","href":"https:\/\/api.w.org\/{rel}","templated":true}]}}