{"id":410586,"date":"2024-06-25T08:21:00","date_gmt":"2024-06-25T11:21:00","guid":{"rendered":"https:\/\/notinor.com\/jujuy\/?p=410586"},"modified":"2024-06-25T10:24:39","modified_gmt":"2024-06-25T13:24:39","slug":"mayo-leonardo-hector","status":"publish","type":"post","link":"https:\/\/notinor.com\/jujuy\/mayo-leonardo-hector\/","title":{"rendered":"MAYO, Leonardo Hector"},"content":{"rendered":"\n<p><strong>Falleci\u00f3 el d\u00eda 23 de junio de 2024, a hs. 19:00. C.A.S.R. y B.P., a la edad de 77 a\u00f1os. Su esposa: Aida Esther Garc\u00eda; sus hijos: Leonardo y Vanesa Mayo; sus hijos pol\u00edticos: Bety Pereyra y Marcelo Franco; su nieto: Carlos Juli\u00e1n Mayo; sus hermanos: Elsa Antonia, Noem\u00ed y Ang\u00e9lica Mayo; sus hermanos pol\u00edticos: Alfonso Gallo, Mabel y Norma Garcia; sus sobrinos: Alejandro, Gonzalo, Fabi\u00e1n, Cecilia, Ariel, Lorena, Javier, Sara, Gabriela, Mariana, Gustavo, Paola, Mat\u00edas, Agust\u00edn, Aria y dem\u00e1s familiares participan con profundo dolor su fallecimiento y comunican que sus restos fueron trasladados a la ciudad de Salta. FAE. Casa de duelo salas Arenales de empresa La Piedad sita en Arenales 1145. Servicio empresa La Piedad Salta 727 S.S.de Jujuy. Tel. 0388-4222487. L\u00ednea gratuita 0800-444-5274.<\/strong><\/p>\n","protected":false},"excerpt":{"rendered":"<p>Falleci\u00f3 el d\u00eda 23 de junio de 2024, a hs. 19:00. C.A.S.R. y B.P., a la edad de 77 a\u00f1os. Su esposa: Aida Esther Garc\u00eda; sus hijos: Leonardo y Vanesa Mayo; sus hijos pol\u00edticos: Bety Pereyra y Marcelo Franco; su nieto: Carlos Juli\u00e1n Mayo; sus hermanos: Elsa Antonia, Noem\u00ed y Ang\u00e9lica Mayo; sus hermanos pol\u00edticos: [&hellip;]<\/p>\n","protected":false},"author":5,"featured_media":129720,"comment_status":"open","ping_status":"open","sticky":false,"template":"","format":"standard","meta":{"_stopmodifiedupdate":false,"_modified_date":"","inline_featured_image":false,"spay_email":"","jetpack_publicize_message":""},"categories":[523],"tags":[],"jetpack_featured_media_url":"https:\/\/notinor.com\/jujuy\/wp-content\/uploads\/2017\/08\/Obituarios1.jpg","jetpack_publicize_connections":[],"_links":{"self":[{"href":"https:\/\/notinor.com\/jujuy\/wp-json\/wp\/v2\/posts\/410586"}],"collection":[{"href":"https:\/\/notinor.com\/jujuy\/wp-json\/wp\/v2\/posts"}],"about":[{"href":"https:\/\/notinor.com\/jujuy\/wp-json\/wp\/v2\/types\/post"}],"author":[{"embeddable":true,"href":"https:\/\/notinor.com\/jujuy\/wp-json\/wp\/v2\/users\/5"}],"replies":[{"embeddable":true,"href":"https:\/\/notinor.com\/jujuy\/wp-json\/wp\/v2\/comments?post=410586"}],"version-history":[{"count":1,"href":"https:\/\/notinor.com\/jujuy\/wp-json\/wp\/v2\/posts\/410586\/revisions"}],"predecessor-version":[{"id":410587,"href":"https:\/\/notinor.com\/jujuy\/wp-json\/wp\/v2\/posts\/410586\/revisions\/410587"}],"wp:featuredmedia":[{"embeddable":true,"href":"https:\/\/notinor.com\/jujuy\/wp-json\/wp\/v2\/media\/129720"}],"wp:attachment":[{"href":"https:\/\/notinor.com\/jujuy\/wp-json\/wp\/v2\/media?parent=410586"}],"wp:term":[{"taxonomy":"category","embeddable":true,"href":"https:\/\/notinor.com\/jujuy\/wp-json\/wp\/v2\/categories?post=410586"},{"taxonomy":"post_tag","embeddable":true,"href":"https:\/\/notinor.com\/jujuy\/wp-json\/wp\/v2\/tags?post=410586"}],"curies":[{"name":"wp","href":"https:\/\/api.w.org\/{rel}","templated":true}]}}