{"id":410584,"date":"2024-06-25T08:14:00","date_gmt":"2024-06-25T11:14:00","guid":{"rendered":"https:\/\/notinor.com\/jujuy\/?p=410584"},"modified":"2024-06-25T10:21:41","modified_gmt":"2024-06-25T13:21:41","slug":"liquin-justa","status":"publish","type":"post","link":"https:\/\/notinor.com\/jujuy\/liquin-justa\/","title":{"rendered":"LIQUIN, Justa"},"content":{"rendered":"\n<p><strong>Falleci\u00f3 el d\u00eda 23 de junio de 2024, a hs. 17:00. C.A.S.R. y B.P., a la edad de 100 a\u00f1os. Sus hermanos: Teresa, Amalia y Hugo; sus sobrinos y dem\u00e1s familiares comunican a sus amistades y personas piadosas que sus restos fueron inhumados ayer 24 de junio  en el cementerio de El Moreno. Ruegan elevar una oraci\u00f3n en su memoria. Servicio exequial empresa Futuro SRL. Servicio de tanatopraxia y ceremonial empresa Futuro SRL. Ram\u00edrez de Velazco 137.<\/strong><\/p>\n","protected":false},"excerpt":{"rendered":"<p>Falleci\u00f3 el d\u00eda 23 de junio de 2024, a hs. 17:00. C.A.S.R. y B.P., a la edad de 100 a\u00f1os. Sus hermanos: Teresa, Amalia y Hugo; sus sobrinos y dem\u00e1s familiares comunican a sus amistades y personas piadosas que sus restos fueron inhumados ayer 24 de junio en el cementerio de El Moreno. Ruegan elevar [&hellip;]<\/p>\n","protected":false},"author":5,"featured_media":129720,"comment_status":"open","ping_status":"open","sticky":false,"template":"","format":"standard","meta":{"_stopmodifiedupdate":false,"_modified_date":"","inline_featured_image":false,"spay_email":"","jetpack_publicize_message":""},"categories":[523],"tags":[],"jetpack_featured_media_url":"https:\/\/notinor.com\/jujuy\/wp-content\/uploads\/2017\/08\/Obituarios1.jpg","jetpack_publicize_connections":[],"_links":{"self":[{"href":"https:\/\/notinor.com\/jujuy\/wp-json\/wp\/v2\/posts\/410584"}],"collection":[{"href":"https:\/\/notinor.com\/jujuy\/wp-json\/wp\/v2\/posts"}],"about":[{"href":"https:\/\/notinor.com\/jujuy\/wp-json\/wp\/v2\/types\/post"}],"author":[{"embeddable":true,"href":"https:\/\/notinor.com\/jujuy\/wp-json\/wp\/v2\/users\/5"}],"replies":[{"embeddable":true,"href":"https:\/\/notinor.com\/jujuy\/wp-json\/wp\/v2\/comments?post=410584"}],"version-history":[{"count":1,"href":"https:\/\/notinor.com\/jujuy\/wp-json\/wp\/v2\/posts\/410584\/revisions"}],"predecessor-version":[{"id":410585,"href":"https:\/\/notinor.com\/jujuy\/wp-json\/wp\/v2\/posts\/410584\/revisions\/410585"}],"wp:featuredmedia":[{"embeddable":true,"href":"https:\/\/notinor.com\/jujuy\/wp-json\/wp\/v2\/media\/129720"}],"wp:attachment":[{"href":"https:\/\/notinor.com\/jujuy\/wp-json\/wp\/v2\/media?parent=410584"}],"wp:term":[{"taxonomy":"category","embeddable":true,"href":"https:\/\/notinor.com\/jujuy\/wp-json\/wp\/v2\/categories?post=410584"},{"taxonomy":"post_tag","embeddable":true,"href":"https:\/\/notinor.com\/jujuy\/wp-json\/wp\/v2\/tags?post=410584"}],"curies":[{"name":"wp","href":"https:\/\/api.w.org\/{rel}","templated":true}]}}