{"id":410546,"date":"2024-06-24T23:40:28","date_gmt":"2024-06-25T02:40:28","guid":{"rendered":"https:\/\/notinor.com\/jujuy\/?p=410546"},"modified":"2024-06-24T23:40:29","modified_gmt":"2024-06-25T02:40:29","slug":"el-municipio-impulsa-el-turismo-con-operadores-internacionales","status":"publish","type":"post","link":"https:\/\/notinor.com\/jujuy\/el-municipio-impulsa-el-turismo-con-operadores-internacionales\/","title":{"rendered":"El Municipio impulsa el turismo con operadores internacionales"},"content":{"rendered":"\n<p class=\"has-medium-font-size\"><strong><em>Se realiz\u00f3 la apertura del Famtour Nacional e Internacional de Operadores y Gu\u00edas de Turismo, en el Hotel Altos de la Vi\u00f1a, un encuentro que reuni\u00f3 a periodistas y operadores tur\u00edsticos de diversos pa\u00edses, quienes se encuentran explorando los encantos de la ciudad y la regi\u00f3n, en el marco de la culminaci\u00f3n de un fin de semana extra largo que arroj\u00f3 un balance altamente positivo para San Salvador de Jujuy, destac\u00e1ndose por su alta ocupaci\u00f3n hotelera.<\/em><\/strong><\/p>\n\n\n\n<p><\/p>\n\n\n<div class=\"wp-block-image\">\n<figure class=\"aligncenter size-full\"><img decoding=\"async\" loading=\"lazy\" width=\"800\" height=\"450\" src=\"https:\/\/notinor.com\/jujuy\/wp-content\/uploads\/2024\/06\/turismo-jujuy.jpg\" alt=\"\" class=\"wp-image-410547\" srcset=\"https:\/\/notinor.com\/jujuy\/wp-content\/uploads\/2024\/06\/turismo-jujuy.jpg 800w, https:\/\/notinor.com\/jujuy\/wp-content\/uploads\/2024\/06\/turismo-jujuy-649x365.jpg 649w, https:\/\/notinor.com\/jujuy\/wp-content\/uploads\/2024\/06\/turismo-jujuy-500x280.jpg 500w, https:\/\/notinor.com\/jujuy\/wp-content\/uploads\/2024\/06\/turismo-jujuy-768x432.jpg 768w, https:\/\/notinor.com\/jujuy\/wp-content\/uploads\/2024\/06\/turismo-jujuy-750x422.jpg 750w\" sizes=\"(max-width: 800px) 100vw, 800px\" \/><\/figure><\/div>\n\n\n<p>Al respecto, Luciano C\u00f3rdoba, secretario de Cultura y Turismo, explic\u00f3 que se trat\u00f3 de <strong>\u201cun Famtour, donde hay periodistas y operadores del sector tur\u00edstico que vienen de diversos pa\u00edses, a conocer nuestra cultura, nuestro destino tur\u00edstico, los encantos que tiene no solamente San Salvador de Jujuy, sino de la provincia en general. Van a estar recorriendo durante todos los d\u00edas de esta semana, las cuatro regiones de Jujuy, arrancando hoy en la ciudad capital\u201d.<\/strong><\/p>\n\n\n\n<p>El evento, organizado por la Red de Turismo Sostenible, representa una colaboraci\u00f3n significativa entre el sector p\u00fablico y privado, involucrando a operadores tur\u00edsticos locales y extranjeros, <strong>\u201cestamos contentos de darle la bienvenida a los operadores tur\u00edsticos de estos otros pa\u00edses, de Per\u00fa, de Chile, de Bolivia, de Uruguay y de Brasil,<\/strong> para nosotros es important\u00edsimo participar porque son ellos los que despu\u00e9s van a contar y vender el destino tur\u00edstico de San Salvador y de la provincia en sus propias ciudades\u201d, destac\u00f3 C\u00f3rdoba.<\/p>\n\n\n\n<p>En cuanto al impacto del reciente feriado largo, C\u00f3rdoba expres\u00f3 su satisfacci\u00f3n, <strong>\u201cestamos muy contentos ya que San Salvador de Jujuy ha sido una de las 4 o 5 ciudades m\u00e1s elegidas dentro del destino Jujuy. Particularmente en San Salvador hemos tenido la visita de m\u00e1s de 5000 turistas durante el fin de semana largo,<\/strong> hemos tenido una ocupaci\u00f3n promedio del 83% de las camas que tenemos en la ciudad y hemos generado 2.8 noches de pernocte, es decir, cada vez estamos m\u00e1s cerca de que la gente que viene a la ciudad, se quede 3 noches\u201d.<\/p>\n\n\n\n<p>El impacto econ\u00f3mico de esta afluencia tur\u00edstica es notable, <strong>\u201ceso hace crecer el destino, genera un derrame econ\u00f3mico importante y por supuesto impacto en el desarrollo econ\u00f3mico local de nuestras comunidades, en los operadores tur\u00edsticos, en la gastronom\u00eda local, en la ciudad en general\u201d,<\/strong> se\u00f1al\u00f3 C\u00f3rdoba, subrayando la importancia de estos eventos y del turismo en general para la econom\u00eda local.<\/p>\n\n\n\n<p>Finalmente, C\u00f3rdoba expres\u00f3 sus expectativas para la pr\u00f3xima temporada invernal, \u201cel balance es muy positivo y ahora ya quedan muy pocos d\u00edas para que venga la temporada invernal, de la cual tambi\u00e9n tenemos muy buenas expectativas y <strong>esperemos que todos los que vengan, conozcan nuestro destino, porque San Salvador siempre los espera con los brazos abiertos y van a encontrar una ciudad muy hospitalaria, y sobre todo una ciudad que se est\u00e1 dinamizando y se est\u00e1 reformando y siempre con algo nuevo\u201d.<\/strong><\/p>\n","protected":false},"excerpt":{"rendered":"<p>Se realiz\u00f3 la apertura del Famtour Nacional e Internacional de Operadores y Gu\u00edas de Turismo, en el Hotel Altos de la Vi\u00f1a, un encuentro que reuni\u00f3 a periodistas y operadores tur\u00edsticos de diversos pa\u00edses, quienes se encuentran explorando los encantos de la ciudad y la regi\u00f3n, en el marco de la culminaci\u00f3n de un fin [&hellip;]<\/p>\n","protected":false},"author":49,"featured_media":410547,"comment_status":"open","ping_status":"open","sticky":false,"template":"","format":"standard","meta":{"_stopmodifiedupdate":false,"_modified_date":"","inline_featured_image":false,"spay_email":"","jetpack_publicize_message":""},"categories":[514,832],"tags":[],"jetpack_featured_media_url":"https:\/\/notinor.com\/jujuy\/wp-content\/uploads\/2024\/06\/turismo-jujuy.jpg","jetpack_publicize_connections":[],"_links":{"self":[{"href":"https:\/\/notinor.com\/jujuy\/wp-json\/wp\/v2\/posts\/410546"}],"collection":[{"href":"https:\/\/notinor.com\/jujuy\/wp-json\/wp\/v2\/posts"}],"about":[{"href":"https:\/\/notinor.com\/jujuy\/wp-json\/wp\/v2\/types\/post"}],"author":[{"embeddable":true,"href":"https:\/\/notinor.com\/jujuy\/wp-json\/wp\/v2\/users\/49"}],"replies":[{"embeddable":true,"href":"https:\/\/notinor.com\/jujuy\/wp-json\/wp\/v2\/comments?post=410546"}],"version-history":[{"count":1,"href":"https:\/\/notinor.com\/jujuy\/wp-json\/wp\/v2\/posts\/410546\/revisions"}],"predecessor-version":[{"id":410548,"href":"https:\/\/notinor.com\/jujuy\/wp-json\/wp\/v2\/posts\/410546\/revisions\/410548"}],"wp:featuredmedia":[{"embeddable":true,"href":"https:\/\/notinor.com\/jujuy\/wp-json\/wp\/v2\/media\/410547"}],"wp:attachment":[{"href":"https:\/\/notinor.com\/jujuy\/wp-json\/wp\/v2\/media?parent=410546"}],"wp:term":[{"taxonomy":"category","embeddable":true,"href":"https:\/\/notinor.com\/jujuy\/wp-json\/wp\/v2\/categories?post=410546"},{"taxonomy":"post_tag","embeddable":true,"href":"https:\/\/notinor.com\/jujuy\/wp-json\/wp\/v2\/tags?post=410546"}],"curies":[{"name":"wp","href":"https:\/\/api.w.org\/{rel}","templated":true}]}}