{"id":410187,"date":"2024-06-18T08:51:28","date_gmt":"2024-06-18T11:51:28","guid":{"rendered":"https:\/\/notinor.com\/jujuy\/?p=410187"},"modified":"2024-06-18T09:11:38","modified_gmt":"2024-06-18T12:11:38","slug":"en-el-fin-de-semana-largo-hubo-un-643-menos-de-turistas-que-en-la-misma-fecha-del-ano-pasado","status":"publish","type":"post","link":"https:\/\/notinor.com\/jujuy\/en-el-fin-de-semana-largo-hubo-un-643-menos-de-turistas-que-en-la-misma-fecha-del-ano-pasado\/","title":{"rendered":"En el fin de semana largo  hubo un 64,3% menos de turistas que en la misma fecha del a\u00f1o pasado"},"content":{"rendered":"\n<p class=\"has-medium-font-size\"><strong><em>El relevamiento adem\u00e1s se\u00f1al\u00f3 que el consumo baj\u00f3 en un 3,4% respecto al 2023 y que la estad\u00eda media fue de 2 d\u00edas.<\/em><\/strong><\/p>\n\n\n<div class=\"wp-block-image\">\n<figure class=\"aligncenter size-large\"><img decoding=\"async\" loading=\"lazy\" width=\"640\" height=\"480\" src=\"https:\/\/notinor.com\/jujuy\/wp-content\/uploads\/2023\/10\/turismo-3jpg-640x480.webp\" alt=\"\" class=\"wp-image-393579\" srcset=\"https:\/\/notinor.com\/jujuy\/wp-content\/uploads\/2023\/10\/turismo-3jpg-640x480.webp 640w, https:\/\/notinor.com\/jujuy\/wp-content\/uploads\/2023\/10\/turismo-3jpg-487x365.webp 487w, https:\/\/notinor.com\/jujuy\/wp-content\/uploads\/2023\/10\/turismo-3jpg-768x576.webp 768w, https:\/\/notinor.com\/jujuy\/wp-content\/uploads\/2023\/10\/turismo-3jpg-750x563.webp 750w, https:\/\/notinor.com\/jujuy\/wp-content\/uploads\/2023\/10\/turismo-3jpg-1140x855.webp 1140w, https:\/\/notinor.com\/jujuy\/wp-content\/uploads\/2023\/10\/turismo-3jpg.webp 1200w\" sizes=\"(max-width: 640px) 100vw, 640px\" \/><figcaption class=\"wp-element-caption\">Turismo en el NOA<\/figcaption><\/figure><\/div>\n\n\n<p><strong>Este lunes finaliz\u00f3 el primero de los dos fines de semana largos de junio y dej\u00f3 un saldo de 802 mil turistas, un 64,3% menos que en la misma del a\u00f1o pasado, seg\u00fan inform\u00f3 un relevamiento hecho por la Confederaci\u00f3n Argentina de la Mediana Empresa (CAME). <\/strong><\/p>\n\n\n\n<p>Sin embargo, se\u00f1alaron que esta ca\u00edda puede atribuirse en parte a que en 2023 el fin de semana largo fue de cuatro d\u00edas en lugar de tres. Todav\u00eda resta ver c\u00f3mo ser\u00e1 el movimiento la semana que viene, que s\u00ed tendr\u00e1 un descanso de cuatro d\u00edas<\/p>\n\n\n\n<blockquote class=\"wp-block-quote\">\n<p>El reporte hecho por la CAME precis\u00f3 que los turistas gastaron un total de 81.464 millones de pesos en alimentos, bebidas, alojamiento, transporte, recreaci\u00f3n y compras diversas.<\/p>\n<\/blockquote>\n\n\n\n<p>Al respecto, detallaron que los turistas gastaron en promedio $50.788 diarios y apunt\u00f3 que tambi\u00e9n hubo una fuerte ca\u00edda respecto a los gastos del a\u00f1o pasado: 3,4% menos que en la misma fecha de 2023 (a precios reales) y tuvo una estad\u00eda media de 2 d\u00edas, que tambi\u00e9n result\u00f3 por debajo de lo que es habitual en un fin de semana de 3 d\u00edas (suele ser entre 2,2 y 2,5).<\/p>\n\n\n\n<p><strong>El clima fue dispar en los distintos puntos del pa\u00eds, con muy buenas temperaturas en lugares como la Costa Atl\u00e1ntica o la regi\u00f3n NOA, y amenazas de lluvias y tormentas en otras como Entre R\u00edos o Corrientes que hicieron dudar de viajar o no.<\/strong><\/p>\n\n\n\n<p>En lo que va del a\u00f1o hubo 3 fines de semana largos, donde se movilizaron 6,6 millones de personas y desembolsaron $1.065.990 millones (US$1.169 millones a d\u00f3lar oficial del BNA).<\/p>\n","protected":false},"excerpt":{"rendered":"<p>El relevamiento adem\u00e1s se\u00f1al\u00f3 que el consumo baj\u00f3 en un 3,4% respecto al 2023 y que la estad\u00eda media fue de 2 d\u00edas. Este lunes finaliz\u00f3 el primero de los dos fines de semana largos de junio y dej\u00f3 un saldo de 802 mil turistas, un 64,3% menos que en la misma del a\u00f1o pasado, [&hellip;]<\/p>\n","protected":false},"author":53,"featured_media":393579,"comment_status":"open","ping_status":"open","sticky":false,"template":"","format":"standard","meta":{"_stopmodifiedupdate":false,"_modified_date":"","inline_featured_image":false,"spay_email":"","jetpack_publicize_message":""},"categories":[2,676],"tags":[],"jetpack_featured_media_url":"https:\/\/notinor.com\/jujuy\/wp-content\/uploads\/2023\/10\/turismo-3jpg.webp","jetpack_publicize_connections":[],"_links":{"self":[{"href":"https:\/\/notinor.com\/jujuy\/wp-json\/wp\/v2\/posts\/410187"}],"collection":[{"href":"https:\/\/notinor.com\/jujuy\/wp-json\/wp\/v2\/posts"}],"about":[{"href":"https:\/\/notinor.com\/jujuy\/wp-json\/wp\/v2\/types\/post"}],"author":[{"embeddable":true,"href":"https:\/\/notinor.com\/jujuy\/wp-json\/wp\/v2\/users\/53"}],"replies":[{"embeddable":true,"href":"https:\/\/notinor.com\/jujuy\/wp-json\/wp\/v2\/comments?post=410187"}],"version-history":[{"count":1,"href":"https:\/\/notinor.com\/jujuy\/wp-json\/wp\/v2\/posts\/410187\/revisions"}],"predecessor-version":[{"id":410188,"href":"https:\/\/notinor.com\/jujuy\/wp-json\/wp\/v2\/posts\/410187\/revisions\/410188"}],"wp:featuredmedia":[{"embeddable":true,"href":"https:\/\/notinor.com\/jujuy\/wp-json\/wp\/v2\/media\/393579"}],"wp:attachment":[{"href":"https:\/\/notinor.com\/jujuy\/wp-json\/wp\/v2\/media?parent=410187"}],"wp:term":[{"taxonomy":"category","embeddable":true,"href":"https:\/\/notinor.com\/jujuy\/wp-json\/wp\/v2\/categories?post=410187"},{"taxonomy":"post_tag","embeddable":true,"href":"https:\/\/notinor.com\/jujuy\/wp-json\/wp\/v2\/tags?post=410187"}],"curies":[{"name":"wp","href":"https:\/\/api.w.org\/{rel}","templated":true}]}}