{"id":410185,"date":"2024-06-18T07:00:00","date_gmt":"2024-06-18T10:00:00","guid":{"rendered":"https:\/\/notinor.com\/jujuy\/?p=410185"},"modified":"2024-06-17T22:33:52","modified_gmt":"2024-06-18T01:33:52","slug":"francos-presiona-a-los-gobernadores-para-que-asuman-el-costo-politico-de-restablecer-ganancias","status":"publish","type":"post","link":"https:\/\/notinor.com\/jujuy\/francos-presiona-a-los-gobernadores-para-que-asuman-el-costo-politico-de-restablecer-ganancias\/","title":{"rendered":"Francos presiona a los gobernadores para que asuman el costo pol\u00edtico de restablecer Ganancias"},"content":{"rendered":"\n<p class=\"has-medium-font-size\"><strong><em>El oficialismo de la C\u00e1mara de Diputados buscar\u00e1 esta semana avanzar en un acuerdo con los bloques dialoguistas para conformar una mayor\u00eda que le permita restituir las reformas al Impuesto a las Ganancias y Bienes Personales que el Senado rechaz\u00f3 en el proyecto de ley de Paquete Fiscal que se vot\u00f3 junto a la Ley Bases.<\/em><\/strong><\/p>\n\n\n<div class=\"wp-block-image\">\n<figure class=\"aligncenter size-large\"><img decoding=\"async\" loading=\"lazy\" width=\"840\" height=\"473\" src=\"https:\/\/notinor.com\/jujuy\/wp-content\/uploads\/2023\/12\/guillermo-francos-1-840x473.webp\" alt=\"\" class=\"wp-image-398787\" srcset=\"https:\/\/notinor.com\/jujuy\/wp-content\/uploads\/2023\/12\/guillermo-francos-1-840x473.webp 840w, https:\/\/notinor.com\/jujuy\/wp-content\/uploads\/2023\/12\/guillermo-francos-1-649x365.webp 649w, https:\/\/notinor.com\/jujuy\/wp-content\/uploads\/2023\/12\/guillermo-francos-1-768x432.webp 768w, https:\/\/notinor.com\/jujuy\/wp-content\/uploads\/2023\/12\/guillermo-francos-1-750x422.webp 750w, https:\/\/notinor.com\/jujuy\/wp-content\/uploads\/2023\/12\/guillermo-francos-1-1140x641.webp 1140w, https:\/\/notinor.com\/jujuy\/wp-content\/uploads\/2023\/12\/guillermo-francos-1.webp 1200w\" sizes=\"(max-width: 840px) 100vw, 840px\" \/><figcaption class=\"wp-element-caption\">Guillermo Francos<\/figcaption><\/figure><\/div>\n\n\n<p><strong>Lisandro Catal\u00e1n, secretario del Interior y mano derecha de Guillermo Francos, advirti\u00f3 que la restituci\u00f3n del impuesto es tambi\u00e9n \u201cun problema de las provincias\u201d<\/strong>. En este contexto, el Gobierno busca que los gobernadores asuman parte del costo pol\u00edtico y se sumen a la negociaci\u00f3n con los legisladores para obtener una herramienta que les ayude a aumentar la recaudaci\u00f3n en un contexto complicado.<\/p>\n\n\n\n<p>\u201cCuando se elimin\u00f3 el a\u00f1o pasado el impuesto a las Ganancias produjo un desfinanciamiento de los presupuestos provinciales que impact\u00f3 fuertemente en lo que es las cuentas provinciales. En varias provincias llegaba casi a dos masas salariales as\u00ed que me parece que Diputados va a insistir con eso\u201d, dijo Lisandro Catal\u00e1n, vicejefe de Gabinete de Interior y mano derecha de Guillermo Francos.<\/p>\n\n\n\n<blockquote class=\"wp-block-quote\">\n<p>\u201cEl Gobierno pretende insistir no solo como forma de regularizar un impuesto que es universal y existe en todas partes del mundo, sino para resolver un problema que tambi\u00e9n es de las provincias. Yo soy optimista con que pueda salir la ley\u201d, sum\u00f3.<\/p>\n<\/blockquote>\n\n\n\n<p>Catal\u00e1n record\u00f3 que \u201cun mes antes de las elecciones se elimin\u00f3 Ganancias como un t\u00edtulo de campa\u00f1a, se desfinanciaron las provincias y ahora es un tema que hay que arreglar\u201d.<\/p>\n\n\n\n<p><strong>Este martes Francos recibir\u00e1 en las oficinas de la planta baja de la Casa Rosada a otros dos gobernadores a los que sumar\u00e1 a los convenios de traspaso de obra p\u00fablica (de la \u00f3rbita nacional a la provincial). <\/strong>Se trata del santacruce\u00f1o Claudio Vidal, uno de los representantes de los mandatarios patag\u00f3nicos que rechazan el retorno del tributo a los altos salarios, y del misionero Hugo Passalacqua, que viene de afrontar un conflicto salarial con las las fuerzas de seguridad y los docentes de su provincia.<\/p>\n\n\n\n<p><strong>El Gobierno y la mayor\u00eda de los gobernadores -con excepci\u00f3n del kirchnerismo- quieren reponer el Impuesto a las Ganancias para que los empleados que cobran un sueldo bruto de $1.800.000, en el caso de los solteros, y de $2,300.000, en el caso de los casados, paguen ese tributo. <\/strong>El impuesto que deber\u00e1n pagar ser\u00e1 el excedente entre el M\u00ednimo no Imponible y el sueldo bruto que perciben con una escala progresiva entre el 9% y el 35%, aunque el tope solo se aplicar\u00e1 a sueldos superiores a 36%.<\/p>\n","protected":false},"excerpt":{"rendered":"<p>El oficialismo de la C\u00e1mara de Diputados buscar\u00e1 esta semana avanzar en un acuerdo con los bloques dialoguistas para conformar una mayor\u00eda que le permita restituir las reformas al Impuesto a las Ganancias y Bienes Personales que el Senado rechaz\u00f3 en el proyecto de ley de Paquete Fiscal que se vot\u00f3 junto a la Ley [&hellip;]<\/p>\n","protected":false},"author":53,"featured_media":398787,"comment_status":"open","ping_status":"open","sticky":false,"template":"","format":"standard","meta":{"_stopmodifiedupdate":false,"_modified_date":"","inline_featured_image":false,"spay_email":"","jetpack_publicize_message":""},"categories":[2,501],"tags":[],"jetpack_featured_media_url":"https:\/\/notinor.com\/jujuy\/wp-content\/uploads\/2023\/12\/guillermo-francos-1.webp","jetpack_publicize_connections":[],"_links":{"self":[{"href":"https:\/\/notinor.com\/jujuy\/wp-json\/wp\/v2\/posts\/410185"}],"collection":[{"href":"https:\/\/notinor.com\/jujuy\/wp-json\/wp\/v2\/posts"}],"about":[{"href":"https:\/\/notinor.com\/jujuy\/wp-json\/wp\/v2\/types\/post"}],"author":[{"embeddable":true,"href":"https:\/\/notinor.com\/jujuy\/wp-json\/wp\/v2\/users\/53"}],"replies":[{"embeddable":true,"href":"https:\/\/notinor.com\/jujuy\/wp-json\/wp\/v2\/comments?post=410185"}],"version-history":[{"count":1,"href":"https:\/\/notinor.com\/jujuy\/wp-json\/wp\/v2\/posts\/410185\/revisions"}],"predecessor-version":[{"id":410186,"href":"https:\/\/notinor.com\/jujuy\/wp-json\/wp\/v2\/posts\/410185\/revisions\/410186"}],"wp:featuredmedia":[{"embeddable":true,"href":"https:\/\/notinor.com\/jujuy\/wp-json\/wp\/v2\/media\/398787"}],"wp:attachment":[{"href":"https:\/\/notinor.com\/jujuy\/wp-json\/wp\/v2\/media?parent=410185"}],"wp:term":[{"taxonomy":"category","embeddable":true,"href":"https:\/\/notinor.com\/jujuy\/wp-json\/wp\/v2\/categories?post=410185"},{"taxonomy":"post_tag","embeddable":true,"href":"https:\/\/notinor.com\/jujuy\/wp-json\/wp\/v2\/tags?post=410185"}],"curies":[{"name":"wp","href":"https:\/\/api.w.org\/{rel}","templated":true}]}}