{"id":410160,"date":"2024-06-18T08:00:00","date_gmt":"2024-06-18T11:00:00","guid":{"rendered":"https:\/\/notinor.com\/jujuy\/?p=410160"},"modified":"2024-06-17T21:13:59","modified_gmt":"2024-06-18T00:13:59","slug":"las-economias-agropecuarias-empeoraron-su-situacion","status":"publish","type":"post","link":"https:\/\/notinor.com\/jujuy\/las-economias-agropecuarias-empeoraron-su-situacion\/","title":{"rendered":"Las econom\u00edas agropecuarias empeoraron su situaci\u00f3n"},"content":{"rendered":"\n<p class=\"has-medium-font-size\"><strong><em>Coninagro volvi\u00f3 a publicar su \u201csem\u00e1foro de econom\u00edas regionales\u201d, con los indicadores de las principales actividades productivas de Argentina. En su \u00faltimo an\u00e1lisis, sobre 19 producciones agropecuarias, se muestran 3 en color verdes, 1 amarillo y 15 rojos, empeorando a\u00fan m\u00e1s la situaci\u00f3n respecto de los meses anteriores<\/em><\/strong><\/p>\n\n\n<div class=\"wp-block-image\">\n<figure class=\"aligncenter size-large\"><img decoding=\"async\" loading=\"lazy\" width=\"840\" height=\"473\" src=\"https:\/\/notinor.com\/jujuy\/wp-content\/uploads\/2023\/11\/cosecha-maiz-11-840x473.jpg\" alt=\"\" class=\"wp-image-395392\" srcset=\"https:\/\/notinor.com\/jujuy\/wp-content\/uploads\/2023\/11\/cosecha-maiz-11-840x473.jpg 840w, https:\/\/notinor.com\/jujuy\/wp-content\/uploads\/2023\/11\/cosecha-maiz-11-649x365.jpg 649w, https:\/\/notinor.com\/jujuy\/wp-content\/uploads\/2023\/11\/cosecha-maiz-11-768x432.jpg 768w, https:\/\/notinor.com\/jujuy\/wp-content\/uploads\/2023\/11\/cosecha-maiz-11-750x422.jpg 750w, https:\/\/notinor.com\/jujuy\/wp-content\/uploads\/2023\/11\/cosecha-maiz-11.jpg 1024w\" sizes=\"(max-width: 840px) 100vw, 840px\" \/><figcaption class=\"wp-element-caption\">Producci\u00f3n agropecuaria<\/figcaption><\/figure><\/div>\n\n\n<p><strong>Salvo man\u00ed, aves y arroz, las producciones agropecuarias en general y de las econom\u00edas regionales desmejoraron sus indicadores. Seg\u00fan Coninagro, hay m\u00e1s de 15 actividades con sus esquemas de producci\u00f3n en rojo. <\/strong><\/p>\n\n\n\n<p>Los n\u00fameros de abril 2024, (que componen este sem\u00e1foro de mayo), muestra que las producciones agro tienen precios cuya din\u00e1mica en el mes fue por debajo de la inflaci\u00f3n, continuando la tendencia de los meses anteriores; y por el lado de los costos, con una tendencia creciente a mayor velocidad: es por eso que el primer pilar del sem\u00e1foro (llamado Componente Negocio) est\u00e1 en la mayor\u00eda de los casos, en rojo.<\/p>\n\n\n\n<p>Para el mes siguiente (mayo) ya se observan pistas que reflejan que esta tendencia se mantenga, lo cual no ser\u00edan buenas noticias. A la derecha de la tabla se observan los colores de los sem\u00e1foros de los \u00faltimos doce meses, con el objetivo de contextualizar la foto y acercarla a la pel\u00edcula.<\/p>\n\n\n\n<p><strong>Respecto de la sequ\u00eda, casi la mitad de las producciones siguen recuperando los niveles productivos, pero en valores menores a los esperados, o con problemas de calidad.<\/strong><\/p>\n\n\n\n<p>Se destaca sin precedentes la baja demanda a trav\u00e9s de los indicadores de consumo y de exportaciones. Este aspecto es central por el efecto en las expectativas, es decir, es el driver que genera incentivos para mejorar la producci\u00f3n en las pr\u00f3ximas campa\u00f1as: a falta de demanda va a ser dif\u00edcil generar inversiones a largo plazo.<\/p>\n\n\n\n<p>El algod\u00f3n sigue teniendo problemas de calidad en algunas zonas (brotaci\u00f3n), pero con una mejora el \u00e1rea respecto de la campa\u00f1a anterior, con precios muy por debajo de la inflaci\u00f3n (+124% interanual vs 289% inflaci\u00f3n), y mantiene un a\u00f1o en rojo. Las exportaciones reaccionaron levemente, no tanto para cambiar el color del sem\u00e1foro.<\/p>\n\n\n\n<p><strong>El arroz tuvo precios en el mes de abril en alza, manteniendo la tendencia de meses anteriores, se est\u00e1 recuperando en superficie y ha reducido su nivel de exportaciones por lo que el sem\u00e1foro sigue en verde.<\/strong><\/p>\n\n\n\n<p>El caso de aves, ya modificado el \u00edndice de costos, donde pondera mucho m\u00e1s la producci\u00f3n de carne (90%) que la producci\u00f3n de huevos. Los precios si bien han subido en el mes de abril, interanualmente est\u00e1n por debajo de la inflaci\u00f3n y con costos levemente a la par; los niveles de producci\u00f3n son estables y los niveles de consumo tambi\u00e9n, se mantiene el verde del mes anterior, con una tonalidad m\u00e1s baja.<\/p>\n\n\n\n<p><strong>La producci\u00f3n de carne bovina sigue siendo un interesante desaf\u00edo para sintetizar: los precios de las categor\u00edas novillo y ternero crecen en promedio 4% en abril<\/strong>, interanualmente todav\u00eda se mantienen por el salto importante que, de diciembre, los niveles de producci\u00f3n medidos a trav\u00e9s de la faena est\u00e1n empezando a ver disminuciones y la demanda tanto internacional como local son de los m\u00e1s bajos de la \u00faltima d\u00e9cada, por ello el color pasa de verde a rojo claro.<\/p>\n\n\n\n<blockquote class=\"wp-block-quote\">\n<p>El caso de los c\u00edtricos dulces muestra un color rojo por los bajos precios, donde estamos a la espera del oto\u00f1o y el invierno, ya que son el periodo m\u00e1s importante donde llega la nueva cosecha.<\/p>\n<\/blockquote>\n\n\n\n<p>La producci\u00f3n forestal muestra precios del bosque implantado a la par de la inflaci\u00f3n, quiz\u00e1 levemente superiores, pero el nivel de demanda es muy bajo (un indicador que vamos a incorporar en pr\u00f3ximos informes es un seguimiento del nivel de construcci\u00f3n), tambi\u00e9n ha bajado mucho la exportaci\u00f3n y se observa en la tabla, por eso la actividad est\u00e1 en rojo.<\/p>\n\n\n\n<p>La producci\u00f3n de granos es otro desaf\u00edo para sintetizar:<strong> ac\u00e1 se conjugan los 6 principales cultivos de Argentina, donde se observa lo bajo de los precios al productor en t\u00e9rminos interanuales en pesos (+196%), con costos que crecen por arriba de estos precios, con una recuperaci\u00f3n productiva ya que estamos saliendo de la sequ\u00eda (las estimaciones de la gruesa empezaron a publicarse) con un muy bajo nivel de exportaci\u00f3n (en valor=precio por cantidad) inclusive respecto a la campa\u00f1a anterior<\/strong>. Llama la atenci\u00f3n que se esperan mayores consumos para este a\u00f1o. Estas actividades mantienen el rojo en general, con particularidades distintas de acuerdo a las zonas (para m\u00e1s detalles se pueden ver informes sectoriales muy detallados).<\/p>\n","protected":false},"excerpt":{"rendered":"<p>Coninagro volvi\u00f3 a publicar su \u201csem\u00e1foro de econom\u00edas regionales\u201d, con los indicadores de las principales actividades productivas de Argentina. En su \u00faltimo an\u00e1lisis, sobre 19 producciones agropecuarias, se muestran 3 en color verdes, 1 amarillo y 15 rojos, empeorando a\u00fan m\u00e1s la situaci\u00f3n respecto de los meses anteriores Salvo man\u00ed, aves y arroz, las producciones [&hellip;]<\/p>\n","protected":false},"author":53,"featured_media":395392,"comment_status":"open","ping_status":"open","sticky":false,"template":"","format":"standard","meta":{"_stopmodifiedupdate":false,"_modified_date":"","inline_featured_image":false,"spay_email":"","jetpack_publicize_message":""},"categories":[2542],"tags":[],"jetpack_featured_media_url":"https:\/\/notinor.com\/jujuy\/wp-content\/uploads\/2023\/11\/cosecha-maiz-11.jpg","jetpack_publicize_connections":[],"_links":{"self":[{"href":"https:\/\/notinor.com\/jujuy\/wp-json\/wp\/v2\/posts\/410160"}],"collection":[{"href":"https:\/\/notinor.com\/jujuy\/wp-json\/wp\/v2\/posts"}],"about":[{"href":"https:\/\/notinor.com\/jujuy\/wp-json\/wp\/v2\/types\/post"}],"author":[{"embeddable":true,"href":"https:\/\/notinor.com\/jujuy\/wp-json\/wp\/v2\/users\/53"}],"replies":[{"embeddable":true,"href":"https:\/\/notinor.com\/jujuy\/wp-json\/wp\/v2\/comments?post=410160"}],"version-history":[{"count":1,"href":"https:\/\/notinor.com\/jujuy\/wp-json\/wp\/v2\/posts\/410160\/revisions"}],"predecessor-version":[{"id":410173,"href":"https:\/\/notinor.com\/jujuy\/wp-json\/wp\/v2\/posts\/410160\/revisions\/410173"}],"wp:featuredmedia":[{"embeddable":true,"href":"https:\/\/notinor.com\/jujuy\/wp-json\/wp\/v2\/media\/395392"}],"wp:attachment":[{"href":"https:\/\/notinor.com\/jujuy\/wp-json\/wp\/v2\/media?parent=410160"}],"wp:term":[{"taxonomy":"category","embeddable":true,"href":"https:\/\/notinor.com\/jujuy\/wp-json\/wp\/v2\/categories?post=410160"},{"taxonomy":"post_tag","embeddable":true,"href":"https:\/\/notinor.com\/jujuy\/wp-json\/wp\/v2\/tags?post=410160"}],"curies":[{"name":"wp","href":"https:\/\/api.w.org\/{rel}","templated":true}]}}