{"id":409771,"date":"2024-06-11T08:15:00","date_gmt":"2024-06-11T11:15:00","guid":{"rendered":"https:\/\/notinor.com\/jujuy\/?p=409771"},"modified":"2024-06-11T10:03:49","modified_gmt":"2024-06-11T13:03:49","slug":"cortez-matilde","status":"publish","type":"post","link":"https:\/\/notinor.com\/jujuy\/cortez-matilde\/","title":{"rendered":"CORTEZ, Matilde"},"content":{"rendered":"\n<p><strong>Falleci\u00f3 el d\u00eda 10 de junio de 2024, a hs. 07:40. C.A.S.R. y B.P., a la edad de 82 a\u00f1os. Sus hijos: M\u00f3nica, Ariel, Fernanda; sus hijos pol\u00edticos: Jos\u00e9 Mamani, Daniel Robles; sus nietas: Carla, Natalia Robles y dem\u00e1s familiares comunican a sus amistades y personas piadosas que sus restos ser\u00e1n inhumados hoy 11 de junio a hs. 15:00 en el cementerio del Carmen. Ruegan elevar una oraci\u00f3n en su memoria. Casa de duelo: calle 2 de Abril esq. 9 de Julio El Carmen. Servicio exequial empresa Futuro SRL. Servicio de tanatopraxia y ceremonial empresa Futuro SRL. Ram\u00edrez de Velazco 137.<\/strong><\/p>\n","protected":false},"excerpt":{"rendered":"<p>Falleci\u00f3 el d\u00eda 10 de junio de 2024, a hs. 07:40. C.A.S.R. y B.P., a la edad de 82 a\u00f1os. Sus hijos: M\u00f3nica, Ariel, Fernanda; sus hijos pol\u00edticos: Jos\u00e9 Mamani, Daniel Robles; sus nietas: Carla, Natalia Robles y dem\u00e1s familiares comunican a sus amistades y personas piadosas que sus restos ser\u00e1n inhumados hoy 11 de [&hellip;]<\/p>\n","protected":false},"author":5,"featured_media":129720,"comment_status":"open","ping_status":"open","sticky":false,"template":"","format":"standard","meta":{"_stopmodifiedupdate":false,"_modified_date":"","inline_featured_image":false,"spay_email":"","jetpack_publicize_message":""},"categories":[523],"tags":[],"jetpack_featured_media_url":"https:\/\/notinor.com\/jujuy\/wp-content\/uploads\/2017\/08\/Obituarios1.jpg","jetpack_publicize_connections":[],"_links":{"self":[{"href":"https:\/\/notinor.com\/jujuy\/wp-json\/wp\/v2\/posts\/409771"}],"collection":[{"href":"https:\/\/notinor.com\/jujuy\/wp-json\/wp\/v2\/posts"}],"about":[{"href":"https:\/\/notinor.com\/jujuy\/wp-json\/wp\/v2\/types\/post"}],"author":[{"embeddable":true,"href":"https:\/\/notinor.com\/jujuy\/wp-json\/wp\/v2\/users\/5"}],"replies":[{"embeddable":true,"href":"https:\/\/notinor.com\/jujuy\/wp-json\/wp\/v2\/comments?post=409771"}],"version-history":[{"count":1,"href":"https:\/\/notinor.com\/jujuy\/wp-json\/wp\/v2\/posts\/409771\/revisions"}],"predecessor-version":[{"id":409772,"href":"https:\/\/notinor.com\/jujuy\/wp-json\/wp\/v2\/posts\/409771\/revisions\/409772"}],"wp:featuredmedia":[{"embeddable":true,"href":"https:\/\/notinor.com\/jujuy\/wp-json\/wp\/v2\/media\/129720"}],"wp:attachment":[{"href":"https:\/\/notinor.com\/jujuy\/wp-json\/wp\/v2\/media?parent=409771"}],"wp:term":[{"taxonomy":"category","embeddable":true,"href":"https:\/\/notinor.com\/jujuy\/wp-json\/wp\/v2\/categories?post=409771"},{"taxonomy":"post_tag","embeddable":true,"href":"https:\/\/notinor.com\/jujuy\/wp-json\/wp\/v2\/tags?post=409771"}],"curies":[{"name":"wp","href":"https:\/\/api.w.org\/{rel}","templated":true}]}}