{"id":409767,"date":"2024-06-11T08:08:00","date_gmt":"2024-06-11T11:08:00","guid":{"rendered":"https:\/\/notinor.com\/jujuy\/?p=409767"},"modified":"2024-06-11T09:58:41","modified_gmt":"2024-06-11T12:58:41","slug":"rios-maria-adriana","status":"publish","type":"post","link":"https:\/\/notinor.com\/jujuy\/rios-maria-adriana\/","title":{"rendered":"RIOS, Mar\u00eda Adriana"},"content":{"rendered":"\n<p><strong>Falleci\u00f3 el d\u00eda 09 de junio de 2024, a hs. 21:20. C.A.S.R. y B.P., a la edad de 47 a\u00f1os. Sus hermanos: David, El\u00edas, Esteban y Daniel; sus hermanas pol\u00edticas: Mar\u00eda, Silvia y Elisa; sus sobrinos y dem\u00e1s familiares participan con profundo dolor su fallecimiento y comunican que sus restos fueron inhumados ayer 10 de junio en el cementerio parque El Solar. FAE. Casa de duelo salas Arenales de empresa La Piedad sita en Arenales 1145. Servicio empresa La Piedad Salta 727 S.S. de Jujuy. Tel. 0388-4222487. L\u00ednea gratuita 0800-444-5274.<\/strong><\/p>\n","protected":false},"excerpt":{"rendered":"<p>Falleci\u00f3 el d\u00eda 09 de junio de 2024, a hs. 21:20. C.A.S.R. y B.P., a la edad de 47 a\u00f1os. Sus hermanos: David, El\u00edas, Esteban y Daniel; sus hermanas pol\u00edticas: Mar\u00eda, Silvia y Elisa; sus sobrinos y dem\u00e1s familiares participan con profundo dolor su fallecimiento y comunican que sus restos fueron inhumados ayer 10 de [&hellip;]<\/p>\n","protected":false},"author":5,"featured_media":129720,"comment_status":"open","ping_status":"open","sticky":false,"template":"","format":"standard","meta":{"_stopmodifiedupdate":false,"_modified_date":"","inline_featured_image":false,"spay_email":"","jetpack_publicize_message":""},"categories":[523],"tags":[],"jetpack_featured_media_url":"https:\/\/notinor.com\/jujuy\/wp-content\/uploads\/2017\/08\/Obituarios1.jpg","jetpack_publicize_connections":[],"_links":{"self":[{"href":"https:\/\/notinor.com\/jujuy\/wp-json\/wp\/v2\/posts\/409767"}],"collection":[{"href":"https:\/\/notinor.com\/jujuy\/wp-json\/wp\/v2\/posts"}],"about":[{"href":"https:\/\/notinor.com\/jujuy\/wp-json\/wp\/v2\/types\/post"}],"author":[{"embeddable":true,"href":"https:\/\/notinor.com\/jujuy\/wp-json\/wp\/v2\/users\/5"}],"replies":[{"embeddable":true,"href":"https:\/\/notinor.com\/jujuy\/wp-json\/wp\/v2\/comments?post=409767"}],"version-history":[{"count":1,"href":"https:\/\/notinor.com\/jujuy\/wp-json\/wp\/v2\/posts\/409767\/revisions"}],"predecessor-version":[{"id":409768,"href":"https:\/\/notinor.com\/jujuy\/wp-json\/wp\/v2\/posts\/409767\/revisions\/409768"}],"wp:featuredmedia":[{"embeddable":true,"href":"https:\/\/notinor.com\/jujuy\/wp-json\/wp\/v2\/media\/129720"}],"wp:attachment":[{"href":"https:\/\/notinor.com\/jujuy\/wp-json\/wp\/v2\/media?parent=409767"}],"wp:term":[{"taxonomy":"category","embeddable":true,"href":"https:\/\/notinor.com\/jujuy\/wp-json\/wp\/v2\/categories?post=409767"},{"taxonomy":"post_tag","embeddable":true,"href":"https:\/\/notinor.com\/jujuy\/wp-json\/wp\/v2\/tags?post=409767"}],"curies":[{"name":"wp","href":"https:\/\/api.w.org\/{rel}","templated":true}]}}