{"id":409762,"date":"2024-06-10T21:44:00","date_gmt":"2024-06-11T00:44:00","guid":{"rendered":"https:\/\/notinor.com\/jujuy\/?p=409762"},"modified":"2024-06-11T09:51:05","modified_gmt":"2024-06-11T12:51:05","slug":"inicio-de-la-semana-de-la-toma-de-consciencia-del-abuso-y-maltrato-en-las-personas-mayores","status":"publish","type":"post","link":"https:\/\/notinor.com\/jujuy\/inicio-de-la-semana-de-la-toma-de-consciencia-del-abuso-y-maltrato-en-las-personas-mayores\/","title":{"rendered":"Inicio de la \u201cSemana de la Toma de Consciencia del Abuso y Maltrato en las Personas Mayores\u201d"},"content":{"rendered":"\n<p class=\"has-medium-font-size\"><strong><em>Con el objetivo de generar consciencia sobre el respeto y el buen trato de los adultos mayores, la Secretar\u00eda de Desarrollo Humano de la Municipalidad de San Salvador de Jujuy, a trav\u00e9s de la Direcci\u00f3n de Adultos Mayores, inici\u00f3 la Semana Municipal de la Toma de Consciencia del Abuso y Maltrato en las Personas Mayores\u201d. La propuesta comenz\u00f3 con un taller, desarrollado en el Centro Cultural \u201cJorge Cafrune\u201d, y continuar\u00e1 con diferentes actividades durante los pr\u00f3ximos d\u00edas.<\/em><\/strong><\/p>\n\n\n<div class=\"wp-block-image\">\n<figure class=\"aligncenter size-large\"><img decoding=\"async\" loading=\"lazy\" width=\"640\" height=\"480\" src=\"https:\/\/notinor.com\/jujuy\/wp-content\/uploads\/2024\/06\/SEMANA-1-640x480.jpeg\" alt=\"\" class=\"wp-image-409764\" srcset=\"https:\/\/notinor.com\/jujuy\/wp-content\/uploads\/2024\/06\/SEMANA-1-640x480.jpeg 640w, https:\/\/notinor.com\/jujuy\/wp-content\/uploads\/2024\/06\/SEMANA-1-487x365.jpeg 487w, https:\/\/notinor.com\/jujuy\/wp-content\/uploads\/2024\/06\/SEMANA-1-768x576.jpeg 768w, https:\/\/notinor.com\/jujuy\/wp-content\/uploads\/2024\/06\/SEMANA-1-750x563.jpeg 750w, https:\/\/notinor.com\/jujuy\/wp-content\/uploads\/2024\/06\/SEMANA-1.jpeg 1024w\" sizes=\"(max-width: 640px) 100vw, 640px\" \/><\/figure><\/div>\n\n\n<p>La pol\u00edtica p\u00fablica de promoci\u00f3n del respeto de los derechos de los adultos mayores, definida por el intendente <strong>Ra\u00fal \u201cChuli\u201d Jorge<\/strong>, cobra nuevamente relevancia a partir de la denominada \u201cSemana de la Toma de Consciencia del Abuso y Maltrato en las Personas Mayores. En tal sentido, en el Centro Cultural \u201cJorge Cafrune\u201d, se desarroll\u00f3 un taller de concientizaci\u00f3n del que tomaron parte los adultos que participan de los diferentes talleres que brinda la Direcci\u00f3n de Adultos Mayores, y alumnos de 3\u00ba, 4\u00ba y 5\u00ba a\u00f1o de la Escuela Municipal \u201cMarina Vilte\u201d.<\/p>\n\n\n\n<p>Sobre el particular, la subsecretaria de Desarrollo Humano, <strong>Daniela Amerise<\/strong>, coment\u00f3, \u201ccomenzamos con una actividad junto a los adultos que forman parte de los talleres de la Direcci\u00f3n de Adultos, que dirige <strong>Mirta Humacata<\/strong>, y trabajamos de forma coordinada con personal de la mencionada \u00e1rea, y tambi\u00e9n con los alumnos de 3\u00ba, 4\u00ba y 5\u00ba a\u00f1o de la Escuela Marina Vilte\u201d.<\/p>\n\n\n\n<p>Precis\u00f3 que a partir de las acciones desplegadas \u201cse generaron distintas obras escritas motivacionales &nbsp;elaboradas por los alumnos para concientizar a los vecinos de Alto Comedero sobre el respeto y el buen trato, y la tolerancia hacia los adultos mayores\u201d.<\/p>\n\n\n\n<p>Dada la relevancia de la tem\u00e1tica la funcionaria anticip\u00f3 que la agenda de actividades continuar\u00e1 durante toda la semana. \u201cEl jueves estaremos en el Concejo Deliberante esperando la declaratoria a trav\u00e9s de la cual se va a destacar todas las acciones que desde hace a\u00f1os vienen desarroll\u00e1ndose en la Direcci\u00f3n que depende de la secretar\u00eda de Desarrollo Humano, que &nbsp;preside el secretario Rodrigo Altea\u201d, mencion\u00f3.<\/p>\n\n\n\n<p>Al valorar las acciones desplegadas desde la comuna expuso que, \u201clas pol\u00edticas p\u00fablicas, definida por el intendente Ra\u00fal \u201cChuli\u201d Jorge, se caracterizan por el acompa\u00f1amiento de los adultos mayores, y se van reforzando a\u00f1o a a\u00f1o, y esto lo vemos reflejado claramente en la respuesta de los vecinos y las vecinas de San Salvador de Jujuy que se suman a estas iniciativas\u201d.<\/p>\n\n\n\n<p>Ponder\u00f3 adem\u00e1s el acompa\u00f1amiento brindado por otras instituciones del medio que tambi\u00e9n bregan por los derechos y el respeto de los adultos mayores. A partir de ello destac\u00f3 la sinergia generada entre instituciones que permite un acompa\u00f1amiento a un sector vulnerable de la poblaci\u00f3n mediante diferentes acciones, como la generaci\u00f3n de espacios recreativos en los distintos barrios de la capital.<\/p>\n\n\n\n<h4>Agenda de actividades<\/h4>\n\n\n\n<h4>Martes 11\/06 de 09 a 12 Hs.:<\/h4>\n\n\n\n<ul>\n<li>&nbsp;Charla y concientizaci\u00f3n en la escuela Normal \u201cJuan Ignacio Gorriti\u201d (Nivel Secundario).<\/li>\n<\/ul>\n\n\n\n<h4>&nbsp;Mi\u00e9rcoles 12\/06 de 16 a 18 Hs.<\/h4>\n\n\n\n<p>Lugar: Centro Cultural H\u00e9ctor Tiz\u00f3n.<\/p>\n\n\n\n<ul>\n<li>Jornada de reflexi\u00f3n y concientizaci\u00f3n sobre el abuso y maltrato en las personas mayores destinada a los agentes municipales y a los alumnos de la carrera de Gerontolog\u00eda. Reconocimiento al personal administrativo de la Direcci\u00f3n de Adultos Mayores.<\/li>\n<\/ul>\n\n\n\n<h4>&nbsp;Jueves 13\/06 de 09:00 a 12:00:<\/h4>\n\n\n\n<p>Lugar: CPV Santa Ana a cargo del Sr. Mario Humberto Lamas.<\/p>\n\n\n\n<ul>\n<li>Jornada de reflexi\u00f3n y concientizaci\u00f3n sobre violencia a las personas mayores.<\/li>\n\n\n\n<li>Clase abierta de Gimnasia para los Adultos Mayores y la familia.<\/li>\n\n\n\n<li>\u201cEncuentro Folcl\u00f3rico\u201d baile y mateada a cargo de las capacitadoras de los talleres de danzas. Profesoras Laura Vaca y Lihue Guti\u00e9rrez.<\/li>\n\n\n\n<li>Presentaci\u00f3n de talleristas a cargo de nuestra UDO. de 09:00 a 12:00:<\/li>\n<\/ul>\n\n\n\n<p>Lugar: Peatonal Belgrano.<\/p>\n\n\n\n<ul>\n<li>Promoci\u00f3n y concientizaci\u00f3n.<\/li>\n<\/ul>\n\n\n\n<h4>&nbsp;Viernes 14\/06 de 09:00 a 12:00 Hs.:<\/h4>\n\n\n\n<ul>\n<li>\u201cJornada de concientizaci\u00f3n en contra del abuso y maltrato a las personas mayores\u201d.<\/li>\n\n\n\n<li>Exposici\u00f3n de trabajos realizados por los adultos mayores de nuestra UDO y de distintas instituciones.<\/li>\n\n\n\n<li>\u201cVen\u00ed a tu Ritmo\u201d Encuentro de diferentes ritmos con la participaci\u00f3n de Adultos mayores de la municipalidad, ballets invitados y Estaci\u00f3n Saludable.<\/li>\n<\/ul>\n\n\n\n<p>Lugar: explanada del Centro Cultural Manuel Belgrano. (Ex vieja estaci\u00f3n).<\/p>\n","protected":false},"excerpt":{"rendered":"<p>Con el objetivo de generar consciencia sobre el respeto y el buen trato de los adultos mayores, la Secretar\u00eda de Desarrollo Humano de la Municipalidad de San Salvador de Jujuy, a trav\u00e9s de la Direcci\u00f3n de Adultos Mayores, inici\u00f3 la Semana Municipal de la Toma de Consciencia del Abuso y Maltrato en las Personas Mayores\u201d. [&hellip;]<\/p>\n","protected":false},"author":5,"featured_media":409763,"comment_status":"open","ping_status":"open","sticky":false,"template":"","format":"standard","meta":{"_stopmodifiedupdate":false,"_modified_date":"","inline_featured_image":false,"spay_email":"","jetpack_publicize_message":""},"categories":[13],"tags":[],"jetpack_featured_media_url":"https:\/\/notinor.com\/jujuy\/wp-content\/uploads\/2024\/06\/SEMANA.jpeg","jetpack_publicize_connections":[],"_links":{"self":[{"href":"https:\/\/notinor.com\/jujuy\/wp-json\/wp\/v2\/posts\/409762"}],"collection":[{"href":"https:\/\/notinor.com\/jujuy\/wp-json\/wp\/v2\/posts"}],"about":[{"href":"https:\/\/notinor.com\/jujuy\/wp-json\/wp\/v2\/types\/post"}],"author":[{"embeddable":true,"href":"https:\/\/notinor.com\/jujuy\/wp-json\/wp\/v2\/users\/5"}],"replies":[{"embeddable":true,"href":"https:\/\/notinor.com\/jujuy\/wp-json\/wp\/v2\/comments?post=409762"}],"version-history":[{"count":2,"href":"https:\/\/notinor.com\/jujuy\/wp-json\/wp\/v2\/posts\/409762\/revisions"}],"predecessor-version":[{"id":409766,"href":"https:\/\/notinor.com\/jujuy\/wp-json\/wp\/v2\/posts\/409762\/revisions\/409766"}],"wp:featuredmedia":[{"embeddable":true,"href":"https:\/\/notinor.com\/jujuy\/wp-json\/wp\/v2\/media\/409763"}],"wp:attachment":[{"href":"https:\/\/notinor.com\/jujuy\/wp-json\/wp\/v2\/media?parent=409762"}],"wp:term":[{"taxonomy":"category","embeddable":true,"href":"https:\/\/notinor.com\/jujuy\/wp-json\/wp\/v2\/categories?post=409762"},{"taxonomy":"post_tag","embeddable":true,"href":"https:\/\/notinor.com\/jujuy\/wp-json\/wp\/v2\/tags?post=409762"}],"curies":[{"name":"wp","href":"https:\/\/api.w.org\/{rel}","templated":true}]}}