{"id":409602,"date":"2024-06-09T12:45:10","date_gmt":"2024-06-09T15:45:10","guid":{"rendered":"https:\/\/notinor.com\/jujuy\/?p=409602"},"modified":"2024-06-09T12:49:39","modified_gmt":"2024-06-09T15:49:39","slug":"sigilosa-visita-al-pais-del-principe-de-arabia-viaje-a-las-cataratas-del-iguazu-y-reuniones-con-funcionarios","status":"publish","type":"post","link":"https:\/\/notinor.com\/jujuy\/sigilosa-visita-al-pais-del-principe-de-arabia-viaje-a-las-cataratas-del-iguazu-y-reuniones-con-funcionarios\/","title":{"rendered":"Sigilosa visita al pa\u00eds del pr\u00edncipe de Arabia: llegada en vuelo privado y viaje a las Cataratas del Iguaz\u00fa"},"content":{"rendered":"\n<p class=\"has-medium-font-size\"><strong><em>El paso de Saudita Mohamed Bin Saad Al Saud por la Argentina fue silencioso. <\/em><\/strong><em><strong>No es un detalle menor: e<\/strong><\/em><em><strong>st\u00e1<\/strong><\/em><strong><em><strong> en el ojo de la cr\u00edtica <\/strong>por el asesinato del periodista saud\u00ed Jamal Khashoggi en 2018<\/em><\/strong>.<\/p>\n\n\n<div class=\"wp-block-image\">\n<figure class=\"aligncenter size-large\"><img decoding=\"async\" loading=\"lazy\" width=\"840\" height=\"473\" src=\"https:\/\/notinor.com\/jujuy\/wp-content\/uploads\/2024\/06\/image-13-840x473.png\" alt=\"\" class=\"wp-image-409605\" srcset=\"https:\/\/notinor.com\/jujuy\/wp-content\/uploads\/2024\/06\/image-13-840x473.png 840w, https:\/\/notinor.com\/jujuy\/wp-content\/uploads\/2024\/06\/image-13-649x365.png 649w, https:\/\/notinor.com\/jujuy\/wp-content\/uploads\/2024\/06\/image-13-768x432.png 768w, https:\/\/notinor.com\/jujuy\/wp-content\/uploads\/2024\/06\/image-13-750x422.png 750w, https:\/\/notinor.com\/jujuy\/wp-content\/uploads\/2024\/06\/image-13.png 976w\" sizes=\"(max-width: 840px) 100vw, 840px\" \/><\/figure><\/div>\n\n\n<p><\/p>\n\n\n\n<p><strong>El pr\u00edncipe de Arabia, Saudita Mohamed Bin Saad Al Saud,&nbsp;visit\u00f3 la Argentina en un viaje privado&nbsp;<\/strong>destinado a conocer lugares tur\u00edsticos y analizar eventuales negocios, confirmaron fuentes de la Canciller\u00eda.<\/p>\n\n\n\n<p>En su propio avi\u00f3n, <strong>el pr\u00edncipe lleg\u00f3 con su esposa,&nbsp;la Princesa del Reino de Arabia Saudita, Mashail Bint Mohammed Bin Saud Bin Khalid Al Saud<\/strong>,&nbsp;al aeroparque metropolitano Jorge Newbery (AEP) y luego se embarc\u00f3 en un vuelo hasta las Cataratas del Iguaz\u00fa.<\/p>\n\n\n\n<p>Su comitiva estuvo integrada por funcionarios del gobierno de Riad y su custodia en una visita \u201cprotocolar\u201d que, sin embargo,&nbsp;<strong>puso en marcha todos los dispositivos de seguridad.&nbsp;<\/strong>A su regreso de las Cataratas, estuvo unas horas en Buenos Aires y luego retorn\u00f3 a su pa\u00eds.<\/p>\n\n\n\n<p><\/p>\n\n\n<div class=\"wp-block-image\">\n<figure class=\"aligncenter size-large\"><img decoding=\"async\" loading=\"lazy\" width=\"840\" height=\"473\" src=\"https:\/\/notinor.com\/jujuy\/wp-content\/uploads\/2024\/06\/image-12-840x473.png\" alt=\"\" class=\"wp-image-409604\" srcset=\"https:\/\/notinor.com\/jujuy\/wp-content\/uploads\/2024\/06\/image-12-840x473.png 840w, https:\/\/notinor.com\/jujuy\/wp-content\/uploads\/2024\/06\/image-12-649x365.png 649w, https:\/\/notinor.com\/jujuy\/wp-content\/uploads\/2024\/06\/image-12-768x432.png 768w, https:\/\/notinor.com\/jujuy\/wp-content\/uploads\/2024\/06\/image-12-750x422.png 750w, https:\/\/notinor.com\/jujuy\/wp-content\/uploads\/2024\/06\/image-12-1140x641.png 1140w, https:\/\/notinor.com\/jujuy\/wp-content\/uploads\/2024\/06\/image-12.png 1200w\" sizes=\"(max-width: 840px) 100vw, 840px\" \/><\/figure><\/div>\n\n\n<p><\/p>\n\n\n\n<p class=\"has-medium-font-size\"><strong>V\u00ednculos con Mauricio Macri<\/strong><\/p>\n\n\n\n<p><strong>En 2018, el entonces presidente&nbsp;Mauricio Macri se reuni\u00f3 a solas con el pr\u00edncipe Mohamed&nbsp;de Arabia Saudita <\/strong>para participar de la reuni\u00f3n del Grupo de los 20. Cuando vino para esta cumbre, el pr\u00edncipe trajo decenas de guardias de seguridad y dispositivos electr\u00f3nicos.<\/p>\n\n\n\n<p><strong>A fin de 2021, Macri viaj\u00f3 a Arabia Saudita<\/strong> con motivo de una \u201cinvitaci\u00f3n personal del Pr\u00edncipe de Arabia Saudita para una visita de 10 d\u00edas\u201d. <\/p>\n\n\n\n<p><strong>El juez subrogante de Dolores, Mart\u00edn Bava, lo hab\u00eda procesado por supuesto espionaje a familiares de las v\u00edctimas del submarino San Juan<\/strong> y tuvo que autorizarlo a viajar. Meses m\u00e1s tarde la operaci\u00f3n judicial K se cay\u00f3 y el procesamiento fue anulado y la causa, cerrada por inexistencia de delito.<\/p>\n\n\n\n<p><\/p>\n\n\n<div class=\"wp-block-image\">\n<figure class=\"aligncenter size-large\"><img decoding=\"async\" loading=\"lazy\" width=\"840\" height=\"413\" src=\"https:\/\/notinor.com\/jujuy\/wp-content\/uploads\/2024\/06\/image-14-840x413.png\" alt=\"\" class=\"wp-image-409606\" srcset=\"https:\/\/notinor.com\/jujuy\/wp-content\/uploads\/2024\/06\/image-14-840x413.png 840w, https:\/\/notinor.com\/jujuy\/wp-content\/uploads\/2024\/06\/image-14-660x325.png 660w, https:\/\/notinor.com\/jujuy\/wp-content\/uploads\/2024\/06\/image-14-768x378.png 768w, https:\/\/notinor.com\/jujuy\/wp-content\/uploads\/2024\/06\/image-14-750x369.png 750w, https:\/\/notinor.com\/jujuy\/wp-content\/uploads\/2024\/06\/image-14-1140x561.png 1140w, https:\/\/notinor.com\/jujuy\/wp-content\/uploads\/2024\/06\/image-14.png 1256w\" sizes=\"(max-width: 840px) 100vw, 840px\" \/><\/figure><\/div>\n\n\n<p><\/p>\n\n\n\n<p><strong>El ex presidente viaja con frecuencia por \u201cnegocios personales\u201d a Riad<\/strong> pero esta vez \u201cno se reuni\u00f3\u201d con el pr\u00edncipe en Buenos Aires, afirm\u00f3 un vocero de Macri.<\/p>\n\n\n\n<p>Su paso desapercibido no es menor: <strong>el pr\u00edncipe se encuentra en el ojo de la cr\u00edtica del mundo entero <\/strong>por el asesinato del periodista saud\u00ed Jamal Khashoggi en Turqu\u00eda en 2018. La revista <em>Forbes <\/em>calcul\u00f3 <strong>la fortuna de la familia Al Saud en 1,6 trillones de d\u00f3lares<\/strong>.<\/p>\n\n\n\n<p>Mohamed tiene un yate de lujo bautizado com &nbsp;Serene, de 134 metros de eslora y valorado en 485 millones de euros, y en una de sus paredes tiene colgado el Salvatore Mundi, supuestamente de Leonardo de Vinci, que compr\u00f3 en una subasta por 389 millones de euros.<\/p>\n\n\n\n<p>El pr\u00edncipe <strong>impulsa un proyecto denominado Visi\u00f3n 2030 que pretende convertir el pa\u00eds en el epicentro econ\u00f3mico<\/strong> que conecte Europa, \u00c1frica y Asia.<\/p>\n","protected":false},"excerpt":{"rendered":"<p>El paso de Saudita Mohamed Bin Saad Al Saud por la Argentina fue silencioso. No es un detalle menor: est\u00e1 en el ojo de la cr\u00edtica por el asesinato del periodista saud\u00ed Jamal Khashoggi en 2018. El pr\u00edncipe de Arabia, Saudita Mohamed Bin Saad Al Saud,&nbsp;visit\u00f3 la Argentina en un viaje privado&nbsp;destinado a conocer lugares [&hellip;]<\/p>\n","protected":false},"author":51,"featured_media":409605,"comment_status":"open","ping_status":"open","sticky":false,"template":"","format":"standard","meta":{"_stopmodifiedupdate":false,"_modified_date":"","inline_featured_image":false,"spay_email":"","jetpack_publicize_message":""},"categories":[6],"tags":[],"jetpack_featured_media_url":"https:\/\/notinor.com\/jujuy\/wp-content\/uploads\/2024\/06\/image-13.png","jetpack_publicize_connections":[],"_links":{"self":[{"href":"https:\/\/notinor.com\/jujuy\/wp-json\/wp\/v2\/posts\/409602"}],"collection":[{"href":"https:\/\/notinor.com\/jujuy\/wp-json\/wp\/v2\/posts"}],"about":[{"href":"https:\/\/notinor.com\/jujuy\/wp-json\/wp\/v2\/types\/post"}],"author":[{"embeddable":true,"href":"https:\/\/notinor.com\/jujuy\/wp-json\/wp\/v2\/users\/51"}],"replies":[{"embeddable":true,"href":"https:\/\/notinor.com\/jujuy\/wp-json\/wp\/v2\/comments?post=409602"}],"version-history":[{"count":3,"href":"https:\/\/notinor.com\/jujuy\/wp-json\/wp\/v2\/posts\/409602\/revisions"}],"predecessor-version":[{"id":409610,"href":"https:\/\/notinor.com\/jujuy\/wp-json\/wp\/v2\/posts\/409602\/revisions\/409610"}],"wp:featuredmedia":[{"embeddable":true,"href":"https:\/\/notinor.com\/jujuy\/wp-json\/wp\/v2\/media\/409605"}],"wp:attachment":[{"href":"https:\/\/notinor.com\/jujuy\/wp-json\/wp\/v2\/media?parent=409602"}],"wp:term":[{"taxonomy":"category","embeddable":true,"href":"https:\/\/notinor.com\/jujuy\/wp-json\/wp\/v2\/categories?post=409602"},{"taxonomy":"post_tag","embeddable":true,"href":"https:\/\/notinor.com\/jujuy\/wp-json\/wp\/v2\/tags?post=409602"}],"curies":[{"name":"wp","href":"https:\/\/api.w.org\/{rel}","templated":true}]}}