{"id":408815,"date":"2024-05-27T08:00:00","date_gmt":"2024-05-27T11:00:00","guid":{"rendered":"https:\/\/notinor.com\/jujuy\/?p=408815"},"modified":"2024-05-26T21:27:27","modified_gmt":"2024-05-27T00:27:27","slug":"mauricio-macri-le-reclamo-al-senado-que-apruebe-la-ley-bases","status":"publish","type":"post","link":"https:\/\/notinor.com\/jujuy\/mauricio-macri-le-reclamo-al-senado-que-apruebe-la-ley-bases\/","title":{"rendered":"Mauricio Macri le reclam\u00f3 al Senado que apruebe la Ley Bases"},"content":{"rendered":"\n<p class=\"has-medium-font-size\"><strong><em>El expresidente dijo que personalmente apoya el proyecto impulsado por el oficialismo porque tiene \u201creformas necesarias para salir de la crisis\u201d, e indic\u00f3 que el tiempo para poder llevarlas a cabo \u201cno es infinito\u201d.<\/em><\/strong><\/p>\n\n\n<div class=\"wp-block-image\">\n<figure class=\"aligncenter size-large\"><img decoding=\"async\" loading=\"lazy\" width=\"640\" height=\"480\" src=\"https:\/\/notinor.com\/jujuy\/wp-content\/uploads\/2023\/07\/macri_2.jpg_675828847-640x480.webp\" alt=\"\" class=\"wp-image-384450\" srcset=\"https:\/\/notinor.com\/jujuy\/wp-content\/uploads\/2023\/07\/macri_2.jpg_675828847-640x480.webp 640w, https:\/\/notinor.com\/jujuy\/wp-content\/uploads\/2023\/07\/macri_2.jpg_675828847-487x365.webp 487w, https:\/\/notinor.com\/jujuy\/wp-content\/uploads\/2023\/07\/macri_2.jpg_675828847-768x576.webp 768w, https:\/\/notinor.com\/jujuy\/wp-content\/uploads\/2023\/07\/macri_2.jpg_675828847-750x563.webp 750w, https:\/\/notinor.com\/jujuy\/wp-content\/uploads\/2023\/07\/macri_2.jpg_675828847-1140x855.webp 1140w, https:\/\/notinor.com\/jujuy\/wp-content\/uploads\/2023\/07\/macri_2.jpg_675828847.webp 1200w\" sizes=\"(max-width: 640px) 100vw, 640px\" \/><figcaption class=\"wp-element-caption\">Mauricio Macri<\/figcaption><\/figure><\/div>\n\n\n<p><strong>El expresidente Mauricio Macri le reclam\u00f3 al Senado que apruebe la Ley Bases, adelant\u00f3 su apoyo y el acompa\u00f1amiento de los senadores del PRO<\/strong>, y dijo que el proyecto tiene \u201clas reformas necesarias y urgentes para salir de la crisis\u201d.<\/p>\n\n\n\n<p>\u201cDada la extrema fragilidad en la que sigue estando nuestra econom\u00eda, creo importante darle al presidente Milei estas herramientas para cumplir con el mandato que le dieron los argentinos de bajar la inflaci\u00f3n y ordenar la econom\u00eda\u201d, asegur\u00f3 en un comunicado publicado en su cuenta de la red social X (exTwitter).<\/p>\n\n\n\n<p><strong>Macri explic\u00f3 que las medidas que presenta el proyecto de ley impulsado por el oficialismo son reformas que el PRO reclama y propone \u201cdesde hace a\u00f1os\u201d<\/strong>, pero advirti\u00f3 que \u201cel tiempo que tenemos para hacerlo no es infinito\u201d.<\/p>\n\n\n\n<blockquote class=\"wp-block-quote\">\n<p>El exmandatario detall\u00f3 que \u201chace tiempo que hay que fomentar la inversi\u00f3n, modernizar las normas laborales y eliminar el Estado empresario\u201d. \u201cM\u00e1s a\u00fan cuando esas empresas p\u00fablicas encima son deficitarias\u201d, agreg\u00f3.<\/p>\n<\/blockquote>\n\n\n\n<p>\u201cTodo eso, adem\u00e1s, lo hicimos, o lo intentamos, cuando nos toc\u00f3 gobernar. \u00bfC\u00f3mo vamos a ponernos en contra ahora? Nosotros estamos a favor del cambio y de la transformaci\u00f3n, gobierne quien gobierne\u201d, agreg\u00f3 Macri.<\/p>\n\n\n\n<p><strong>El presidente del PRO dijo que los senadores deben ser \u201cgenerosos para apoyar a quien propone reformas que consideramos urgentes y estructurales, por m\u00e1s que sea de otro partido\u201d.<\/strong><\/p>\n\n\n\n<p>El pedido de Macri se da mientras el presidente de la C\u00e1mara de Diputados, Mart\u00edn Menem, busca acelerar acuerdos para que se apruebe la Ley Bases. Menem apuesta a que la iniciativa avance en el Senado para volver a tratarla en la C\u00e1mara Baja, porque probablemente tendr\u00e1 cambios.<\/p>\n","protected":false},"excerpt":{"rendered":"<p>El expresidente dijo que personalmente apoya el proyecto impulsado por el oficialismo porque tiene \u201creformas necesarias para salir de la crisis\u201d, e indic\u00f3 que el tiempo para poder llevarlas a cabo \u201cno es infinito\u201d. El expresidente Mauricio Macri le reclam\u00f3 al Senado que apruebe la Ley Bases, adelant\u00f3 su apoyo y el acompa\u00f1amiento de los [&hellip;]<\/p>\n","protected":false},"author":53,"featured_media":384450,"comment_status":"open","ping_status":"open","sticky":false,"template":"","format":"standard","meta":{"_stopmodifiedupdate":false,"_modified_date":"","inline_featured_image":false,"spay_email":"","jetpack_publicize_message":""},"categories":[2,501],"tags":[],"jetpack_featured_media_url":"https:\/\/notinor.com\/jujuy\/wp-content\/uploads\/2023\/07\/macri_2.jpg_675828847.webp","jetpack_publicize_connections":[],"_links":{"self":[{"href":"https:\/\/notinor.com\/jujuy\/wp-json\/wp\/v2\/posts\/408815"}],"collection":[{"href":"https:\/\/notinor.com\/jujuy\/wp-json\/wp\/v2\/posts"}],"about":[{"href":"https:\/\/notinor.com\/jujuy\/wp-json\/wp\/v2\/types\/post"}],"author":[{"embeddable":true,"href":"https:\/\/notinor.com\/jujuy\/wp-json\/wp\/v2\/users\/53"}],"replies":[{"embeddable":true,"href":"https:\/\/notinor.com\/jujuy\/wp-json\/wp\/v2\/comments?post=408815"}],"version-history":[{"count":1,"href":"https:\/\/notinor.com\/jujuy\/wp-json\/wp\/v2\/posts\/408815\/revisions"}],"predecessor-version":[{"id":408816,"href":"https:\/\/notinor.com\/jujuy\/wp-json\/wp\/v2\/posts\/408815\/revisions\/408816"}],"wp:featuredmedia":[{"embeddable":true,"href":"https:\/\/notinor.com\/jujuy\/wp-json\/wp\/v2\/media\/384450"}],"wp:attachment":[{"href":"https:\/\/notinor.com\/jujuy\/wp-json\/wp\/v2\/media?parent=408815"}],"wp:term":[{"taxonomy":"category","embeddable":true,"href":"https:\/\/notinor.com\/jujuy\/wp-json\/wp\/v2\/categories?post=408815"},{"taxonomy":"post_tag","embeddable":true,"href":"https:\/\/notinor.com\/jujuy\/wp-json\/wp\/v2\/tags?post=408815"}],"curies":[{"name":"wp","href":"https:\/\/api.w.org\/{rel}","templated":true}]}}