{"id":408100,"date":"2024-05-13T21:53:00","date_gmt":"2024-05-14T00:53:00","guid":{"rendered":"https:\/\/notinor.com\/jujuy\/?p=408100"},"modified":"2024-05-13T09:53:56","modified_gmt":"2024-05-13T09:53:56","slug":"la-municipalidad-de-san-salvador-de-jujuy-invita-a-participar-de-las-actividades-en-la-semana-de-los-museos","status":"publish","type":"post","link":"https:\/\/notinor.com\/jujuy\/la-municipalidad-de-san-salvador-de-jujuy-invita-a-participar-de-las-actividades-en-la-semana-de-los-museos\/","title":{"rendered":"La Municipalidad de San Salvador de Jujuy invita a participar de las actividades en la Semana de los Museos"},"content":{"rendered":"\n<p class=\"has-medium-font-size\"><strong><em>En el marco de la celebraci\u00f3n de la Semana de los Museos, La Municipalidad de San Salvador de Jujuy anunci\u00f3 que el Museo Municipal de Bellas Artes \u201cJorge Augusto Mendoza\u201d realizar\u00e1 su primera muestra itinerante en el Cine Teatro Municipal \u201cSelect\u201d.<\/em><\/strong><\/p>\n\n\n<div class=\"wp-block-image\">\n<figure class=\"aligncenter size-full\"><img decoding=\"async\" loading=\"lazy\" width=\"787\" height=\"466\" src=\"https:\/\/notinor.com\/jujuy\/wp-content\/uploads\/2024\/05\/SELECT-5.jpg\" alt=\"\" class=\"wp-image-408102\" srcset=\"https:\/\/notinor.com\/jujuy\/wp-content\/uploads\/2024\/05\/SELECT-5.jpg 787w, https:\/\/notinor.com\/jujuy\/wp-content\/uploads\/2024\/05\/SELECT-5-616x365.jpg 616w, https:\/\/notinor.com\/jujuy\/wp-content\/uploads\/2024\/05\/SELECT-5-768x455.jpg 768w, https:\/\/notinor.com\/jujuy\/wp-content\/uploads\/2024\/05\/SELECT-5-750x444.jpg 750w\" sizes=\"(max-width: 787px) 100vw, 787px\" \/><\/figure><\/div>\n\n\n<p>La exposici\u00f3n, que estar\u00e1 abierta al p\u00fablico de manera libre y gratuita, se podr\u00e1 visitar desde el&nbsp;<strong>lunes 13 hasta el s\u00e1bado18, en horario de 9 a 21 horas<\/strong>. Este evento ofrece a los ciudadanos la oportunidad de sumergirse en la riqueza cultural y art\u00edstica de la regi\u00f3n, as\u00ed como de disfrutar del talento de reconocidos artistas locales.<\/p>\n\n\n\n<p>La muestra contar\u00e1 con la participaci\u00f3n de destacados nombres del \u00e1mbito art\u00edstico juje\u00f1o, entre los que se encuentran \u00c1lvarez Prado, Lozano Mu\u00f1oz, Pellegrini, Alvizu, Monz\u00f3n Titicala, Roux, Entrocassi y Lassaletta. Estos artistas han contribuido generosamente con la donaci\u00f3n de sus obras, enriqueciendo el acervo cultural del Museo, y fortaleciendo el patrimonio cultural de toda la comunidad juje\u00f1a.<\/p>\n\n\n\n<h3>El Parque Bot\u00e1nico Municipal tambi\u00e9n celebrar\u00e1 la Semana de lo Museos<\/h3>\n\n\n\n<p>El Parque Bot\u00e1nico \u201cCarlos Baron Schuel\u201d abrir\u00e1 sus puertas a la comunidad para una semana llena de actividades en contacto con la naturaleza.&nbsp;<strong>Desde el lunes 13 hasta el viernes 17 de mayo<\/strong>, se podr\u00e1 disfrutar de una agenda variada que incluye caminatas, charlas tem\u00e1ticas y avistaje de aves en la reserva natural. Todas las actividades requieren inscripci\u00f3n previa al n\u00famero&nbsp;<strong>3884037073.<\/strong><\/p>\n\n\n\n<p>La \u00fanica actividad cerrada al p\u00fablico es la proyecci\u00f3n de cine ambiental, aunque, todas las caminatas tem\u00e1ticas est\u00e1n abiertas a la participaci\u00f3n del p\u00fablico general. Las mismas se suspenden en caso de lluvia debido a razones de seguridad.<\/p>\n\n\n\n<ul>\n<li>La semana comienza el lunes&nbsp;<strong>13 de mayo a las 16 horas<\/strong>&nbsp;charla tem\u00e1tica \u201cHistorias y Leyendas\u201d dirigida por el gu\u00eda Daniel Su\u00e1rez.<\/li>\n\n\n\n<li>El&nbsp;<strong>martes 14,&nbsp;<\/strong><strong>de 9 a 10:30 h<\/strong><strong>oras<\/strong>, se llevar\u00e1 a cabo una charla din\u00e1mica de observaci\u00f3n de aves junto a la disertante y gu\u00eda Ver\u00f3nica Tejerina.<\/li>\n<\/ul>\n\n\n\n<ul>\n<li>El&nbsp;<strong>mi\u00e9rcoles 15 de mayo, a las 16 horas<\/strong>, se realizar\u00e1 otra caminata con la tem\u00e1tica \u201cBiodiversidad del parque\u201d, guiada por Facundo Carrizo.<\/li>\n\n\n\n<li><strong>El jueves 16, a las 15 horas<\/strong>, se ofrecer\u00e1 una nueva charla y caminata titulada \u201cCon\u00e9ctate con los hongos\u201d presentada por la Dra. Luciana Hern\u00e1ndez Caffot.<\/li>\n\n\n\n<li>La semana culmina el<strong>&nbsp;viernes 17 de mayo desde las 9<\/strong>&nbsp;en el cine ambiental con la presencia de un colegio invitado, a cargo de Florencia Uruzagasti y Andrea Andrade.<\/li>\n<\/ul>\n\n\n\n<p>Desde la administraci\u00f3n del Parque, recordaron que se ofrece a todos los visitantes una experiencia adaptable a las capacidades de cada individuo, con descansos y miradores que invitan a disfrutar de momentos de relax y conexi\u00f3n con la naturaleza.<\/p>\n","protected":false},"excerpt":{"rendered":"<p>En el marco de la celebraci\u00f3n de la Semana de los Museos, La Municipalidad de San Salvador de Jujuy anunci\u00f3 que el Museo Municipal de Bellas Artes \u201cJorge Augusto Mendoza\u201d realizar\u00e1 su primera muestra itinerante en el Cine Teatro Municipal \u201cSelect\u201d. La exposici\u00f3n, que estar\u00e1 abierta al p\u00fablico de manera libre y gratuita, se podr\u00e1 [&hellip;]<\/p>\n","protected":false},"author":5,"featured_media":408101,"comment_status":"open","ping_status":"open","sticky":false,"template":"","format":"standard","meta":{"_stopmodifiedupdate":false,"_modified_date":"","inline_featured_image":false,"spay_email":"","jetpack_publicize_message":""},"categories":[13],"tags":[],"jetpack_featured_media_url":"https:\/\/notinor.com\/jujuy\/wp-content\/uploads\/2024\/05\/botanico.jpg","jetpack_publicize_connections":[],"_links":{"self":[{"href":"https:\/\/notinor.com\/jujuy\/wp-json\/wp\/v2\/posts\/408100"}],"collection":[{"href":"https:\/\/notinor.com\/jujuy\/wp-json\/wp\/v2\/posts"}],"about":[{"href":"https:\/\/notinor.com\/jujuy\/wp-json\/wp\/v2\/types\/post"}],"author":[{"embeddable":true,"href":"https:\/\/notinor.com\/jujuy\/wp-json\/wp\/v2\/users\/5"}],"replies":[{"embeddable":true,"href":"https:\/\/notinor.com\/jujuy\/wp-json\/wp\/v2\/comments?post=408100"}],"version-history":[{"count":1,"href":"https:\/\/notinor.com\/jujuy\/wp-json\/wp\/v2\/posts\/408100\/revisions"}],"predecessor-version":[{"id":408103,"href":"https:\/\/notinor.com\/jujuy\/wp-json\/wp\/v2\/posts\/408100\/revisions\/408103"}],"wp:featuredmedia":[{"embeddable":true,"href":"https:\/\/notinor.com\/jujuy\/wp-json\/wp\/v2\/media\/408101"}],"wp:attachment":[{"href":"https:\/\/notinor.com\/jujuy\/wp-json\/wp\/v2\/media?parent=408100"}],"wp:term":[{"taxonomy":"category","embeddable":true,"href":"https:\/\/notinor.com\/jujuy\/wp-json\/wp\/v2\/categories?post=408100"},{"taxonomy":"post_tag","embeddable":true,"href":"https:\/\/notinor.com\/jujuy\/wp-json\/wp\/v2\/tags?post=408100"}],"curies":[{"name":"wp","href":"https:\/\/api.w.org\/{rel}","templated":true}]}}