{"id":408094,"date":"2024-05-13T21:41:00","date_gmt":"2024-05-14T00:41:00","guid":{"rendered":"https:\/\/notinor.com\/jujuy\/?p=408094"},"modified":"2024-05-13T09:41:31","modified_gmt":"2024-05-13T09:41:31","slug":"nuevo-operativo-sanitario-entre-la-municipalidad-y-el-gobierno-provincial-en-alto-comedero","status":"publish","type":"post","link":"https:\/\/notinor.com\/jujuy\/nuevo-operativo-sanitario-entre-la-municipalidad-y-el-gobierno-provincial-en-alto-comedero\/","title":{"rendered":"Nuevo operativo sanitario entre la Municipalidad y el Gobierno Provincial en Alto Comedero"},"content":{"rendered":"\n<p class=\"has-medium-font-size\"><strong><em>La Municipalidad de San Salvador de Jujuy y el gobierno de la provincia, a trav\u00e9s de las dependencias de la Secretar\u00eda de Desarrollo Humano y las del Ministerio de Salud, llevar\u00e1n adelante el martes 14 desde las 9 hasta las 14 horas; un operativo sanitario en el Asentamiento \u201c4 de Agosto\u201d, m\u00e1s precisamente entre las calles Las Capillas y El Talar \u2013Manzana \u201cC\u201d Lote 26- en frente de la \u201cUni\u00f3n 370\u201d de Alto Comedero.<\/em><\/strong><\/p>\n\n\n<div class=\"wp-block-image\">\n<figure class=\"aligncenter size-large\"><img decoding=\"async\" loading=\"lazy\" width=\"711\" height=\"480\" src=\"https:\/\/notinor.com\/jujuy\/wp-content\/uploads\/2024\/05\/operativo-4-711x480.jpg\" alt=\"\" class=\"wp-image-408095\" srcset=\"https:\/\/notinor.com\/jujuy\/wp-content\/uploads\/2024\/05\/operativo-4-711x480.jpg 711w, https:\/\/notinor.com\/jujuy\/wp-content\/uploads\/2024\/05\/operativo-4-541x365.jpg 541w, https:\/\/notinor.com\/jujuy\/wp-content\/uploads\/2024\/05\/operativo-4-768x518.jpg 768w, https:\/\/notinor.com\/jujuy\/wp-content\/uploads\/2024\/05\/operativo-4-750x506.jpg 750w, https:\/\/notinor.com\/jujuy\/wp-content\/uploads\/2024\/05\/operativo-4.jpg 1024w\" sizes=\"(max-width: 711px) 100vw, 711px\" \/><\/figure><\/div>\n\n\n<p>As\u00ed lo confirmaron, desde la Secretar\u00eda de Desarrollo Humano que preside <strong>Rodrigo Altea<\/strong> . La nueva jornada sanitaria se cumplir\u00e1 conforme el cronograma acordado con la Direcci\u00f3n de Asistencia Primaria que encabeza Sandra Quintos.<\/p>\n\n\n\n<p>Cabe destacar, que el operativo, brindar\u00e1 a los vecinos del denso sector de Alto Comedero, asesoramiento y atenciones de: mamograf\u00eda; odontolog\u00eda; ecograf\u00eda; pediatr\u00eda, testeo de enfermedades transmisibles (HIV y s\u00edfilis) y no transmisibles (hipertensi\u00f3n, diabetes, obesidad y control sanitario general). Con al menos una docena de stands con el respaldo de los camiones del \u201cVacum\u00f3vil\u201d y \u201cLa Muni Junto a Vos\u201d. Adem\u00e1s de: vacunaci\u00f3n antirr\u00e1bica de mascotas y asesoramiento a adultos mayores.<\/p>\n\n\n\n<p>El martes pasado, el operativo sanitario que tuvo una importante convocatoria, se concret\u00f3 en el asentamiento Aeroclub Jujuy, que no solamente atendi\u00f3 a los residentes del lugar sino de zonas aleda\u00f1as.<\/p>\n\n\n\n<p>El municipio, acompa\u00f1a con toda su log\u00edstica de salud, por decisi\u00f3n pol\u00edtica del intendente Ra\u00fal \u201cChuli\u201d Jorge, en su af\u00e1n de descentralizar las actividades oficiales en beneficio y acercando servicios a los vecinos.<\/p>\n\n\n\n<p>Altea, en su oportunidad sostuvo que \u201cla Municipalidad acompa\u00f1a poniendo la log\u00edstica a disposici\u00f3n del Ministerio de Salud, en algo que nos involucra a todos para crecer como sociedad; que es la promoci\u00f3n, la prevenci\u00f3n y la atenci\u00f3n de la salud de los vecinos\u201d.<\/p>\n","protected":false},"excerpt":{"rendered":"<p>La Municipalidad de San Salvador de Jujuy y el gobierno de la provincia, a trav\u00e9s de las dependencias de la Secretar\u00eda de Desarrollo Humano y las del Ministerio de Salud, llevar\u00e1n adelante el martes 14 desde las 9 hasta las 14 horas; un operativo sanitario en el Asentamiento \u201c4 de Agosto\u201d, m\u00e1s precisamente entre las [&hellip;]<\/p>\n","protected":false},"author":5,"featured_media":407752,"comment_status":"open","ping_status":"open","sticky":false,"template":"","format":"standard","meta":{"_stopmodifiedupdate":false,"_modified_date":"","inline_featured_image":false,"spay_email":"","jetpack_publicize_message":""},"categories":[13],"tags":[],"jetpack_featured_media_url":"https:\/\/notinor.com\/jujuy\/wp-content\/uploads\/2024\/05\/operativo-2.jpg","jetpack_publicize_connections":[],"_links":{"self":[{"href":"https:\/\/notinor.com\/jujuy\/wp-json\/wp\/v2\/posts\/408094"}],"collection":[{"href":"https:\/\/notinor.com\/jujuy\/wp-json\/wp\/v2\/posts"}],"about":[{"href":"https:\/\/notinor.com\/jujuy\/wp-json\/wp\/v2\/types\/post"}],"author":[{"embeddable":true,"href":"https:\/\/notinor.com\/jujuy\/wp-json\/wp\/v2\/users\/5"}],"replies":[{"embeddable":true,"href":"https:\/\/notinor.com\/jujuy\/wp-json\/wp\/v2\/comments?post=408094"}],"version-history":[{"count":1,"href":"https:\/\/notinor.com\/jujuy\/wp-json\/wp\/v2\/posts\/408094\/revisions"}],"predecessor-version":[{"id":408096,"href":"https:\/\/notinor.com\/jujuy\/wp-json\/wp\/v2\/posts\/408094\/revisions\/408096"}],"wp:featuredmedia":[{"embeddable":true,"href":"https:\/\/notinor.com\/jujuy\/wp-json\/wp\/v2\/media\/407752"}],"wp:attachment":[{"href":"https:\/\/notinor.com\/jujuy\/wp-json\/wp\/v2\/media?parent=408094"}],"wp:term":[{"taxonomy":"category","embeddable":true,"href":"https:\/\/notinor.com\/jujuy\/wp-json\/wp\/v2\/categories?post=408094"},{"taxonomy":"post_tag","embeddable":true,"href":"https:\/\/notinor.com\/jujuy\/wp-json\/wp\/v2\/tags?post=408094"}],"curies":[{"name":"wp","href":"https:\/\/api.w.org\/{rel}","templated":true}]}}