{"id":408089,"date":"2024-05-13T21:28:00","date_gmt":"2024-05-14T00:28:00","guid":{"rendered":"https:\/\/notinor.com\/jujuy\/?p=408089"},"modified":"2024-05-13T09:28:34","modified_gmt":"2024-05-13T09:28:34","slug":"firman-convenio-para-fortalecer-el-desarrollo-turistico-en-san-salvador-de-jujuy","status":"publish","type":"post","link":"https:\/\/notinor.com\/jujuy\/firman-convenio-para-fortalecer-el-desarrollo-turistico-en-san-salvador-de-jujuy\/","title":{"rendered":"Firman convenio para fortalecer el desarrollo tur\u00edstico en San Salvador de Jujuy"},"content":{"rendered":"\n<p class=\"has-medium-font-size\"><strong><em>En un paso significativo hacia el impulso del turismo y la cultura en San Salvador de Jujuy, la Secretar\u00eda de Cultura y Turismo de la Municipalidad ha formalizado un acuerdo de colaboraci\u00f3n mutua con la Direcci\u00f3n Provincial de Estad\u00edstica y Censos (DIPEC).<\/em><\/strong><\/p>\n\n\n<div class=\"wp-block-image\">\n<figure class=\"aligncenter size-large\"><img decoding=\"async\" loading=\"lazy\" width=\"840\" height=\"473\" src=\"https:\/\/notinor.com\/jujuy\/wp-content\/uploads\/2024\/05\/turismo-1-840x473.jpeg\" alt=\"\" class=\"wp-image-408091\" srcset=\"https:\/\/notinor.com\/jujuy\/wp-content\/uploads\/2024\/05\/turismo-1-840x473.jpeg 840w, https:\/\/notinor.com\/jujuy\/wp-content\/uploads\/2024\/05\/turismo-1-649x365.jpeg 649w, https:\/\/notinor.com\/jujuy\/wp-content\/uploads\/2024\/05\/turismo-1-768x432.jpeg 768w, https:\/\/notinor.com\/jujuy\/wp-content\/uploads\/2024\/05\/turismo-1-750x422.jpeg 750w, https:\/\/notinor.com\/jujuy\/wp-content\/uploads\/2024\/05\/turismo-1.jpeg 1024w\" sizes=\"(max-width: 840px) 100vw, 840px\" \/><\/figure><\/div>\n\n\n<p>El convenio, rubricado por la directora de la DIPEC, <strong>Norma Liliana del Valle Pereyra Rodr\u00edguez<\/strong>, y el secretario de Cultura y Turismo, <strong>Luciano C\u00f3rdoba<\/strong>, establece una alianza estrat\u00e9gica destinada a potenciar el desarrollo de la ciudad a trav\u00e9s del adecuado manejo de datos estad\u00edsticos.<\/p>\n\n\n\n<p>En el marco del plan de desarrollo de la ciudad, ambas instituciones se comprometen a trabajar conjuntamente en la recolecci\u00f3n, intercambio, centralizaci\u00f3n y sistematizaci\u00f3n de informaci\u00f3n relevante para la confecci\u00f3n de estad\u00edsticas de inter\u00e9s tur\u00edstico. Esta colaboraci\u00f3n permitir\u00e1 contar con datos precisos y actualizados, fundamentales para la toma de decisiones estrat\u00e9gicas en materia de turismo y cultura.<\/p>\n\n\n\n<p>Este convenio representa un paso importante para fortalecer las capacidades en el \u00e1mbito del turismo y la cultura. puesto que la colaboraci\u00f3n con la DIPEC permitir\u00e1 acceder a informaci\u00f3n clave que ayudar\u00e1 al municipio capitalino a dise\u00f1ar pol\u00edticas p\u00fablicas m\u00e1s efectivas y a impulsar el desarrollo integral del turismo de la ciudad.<\/p>\n","protected":false},"excerpt":{"rendered":"<p>En un paso significativo hacia el impulso del turismo y la cultura en San Salvador de Jujuy, la Secretar\u00eda de Cultura y Turismo de la Municipalidad ha formalizado un acuerdo de colaboraci\u00f3n mutua con la Direcci\u00f3n Provincial de Estad\u00edstica y Censos (DIPEC). El convenio, rubricado por la directora de la DIPEC, Norma Liliana del Valle [&hellip;]<\/p>\n","protected":false},"author":5,"featured_media":408090,"comment_status":"open","ping_status":"open","sticky":false,"template":"","format":"standard","meta":{"_stopmodifiedupdate":false,"_modified_date":"","inline_featured_image":false,"spay_email":"","jetpack_publicize_message":""},"categories":[514],"tags":[],"jetpack_featured_media_url":"https:\/\/notinor.com\/jujuy\/wp-content\/uploads\/2024\/05\/turismo.jpeg","jetpack_publicize_connections":[],"_links":{"self":[{"href":"https:\/\/notinor.com\/jujuy\/wp-json\/wp\/v2\/posts\/408089"}],"collection":[{"href":"https:\/\/notinor.com\/jujuy\/wp-json\/wp\/v2\/posts"}],"about":[{"href":"https:\/\/notinor.com\/jujuy\/wp-json\/wp\/v2\/types\/post"}],"author":[{"embeddable":true,"href":"https:\/\/notinor.com\/jujuy\/wp-json\/wp\/v2\/users\/5"}],"replies":[{"embeddable":true,"href":"https:\/\/notinor.com\/jujuy\/wp-json\/wp\/v2\/comments?post=408089"}],"version-history":[{"count":1,"href":"https:\/\/notinor.com\/jujuy\/wp-json\/wp\/v2\/posts\/408089\/revisions"}],"predecessor-version":[{"id":408092,"href":"https:\/\/notinor.com\/jujuy\/wp-json\/wp\/v2\/posts\/408089\/revisions\/408092"}],"wp:featuredmedia":[{"embeddable":true,"href":"https:\/\/notinor.com\/jujuy\/wp-json\/wp\/v2\/media\/408090"}],"wp:attachment":[{"href":"https:\/\/notinor.com\/jujuy\/wp-json\/wp\/v2\/media?parent=408089"}],"wp:term":[{"taxonomy":"category","embeddable":true,"href":"https:\/\/notinor.com\/jujuy\/wp-json\/wp\/v2\/categories?post=408089"},{"taxonomy":"post_tag","embeddable":true,"href":"https:\/\/notinor.com\/jujuy\/wp-json\/wp\/v2\/tags?post=408089"}],"curies":[{"name":"wp","href":"https:\/\/api.w.org\/{rel}","templated":true}]}}