{"id":408065,"date":"2024-05-13T21:18:14","date_gmt":"2024-05-14T00:18:14","guid":{"rendered":"https:\/\/notinor.com\/jujuy\/?p=408065"},"modified":"2024-05-13T21:18:16","modified_gmt":"2024-05-14T00:18:16","slug":"convocan-a-gremios-provinciales-por-nuevas-paritarias","status":"publish","type":"post","link":"https:\/\/notinor.com\/jujuy\/convocan-a-gremios-provinciales-por-nuevas-paritarias\/","title":{"rendered":"Convocan a gremios provinciales por nuevas paritarias"},"content":{"rendered":"\n<p class=\"has-medium-font-size\"><strong><em>El Gobierno de la Provincia retomar\u00e1 las negociaciones salariales con los gremios que nuclean a trabajadores estatales, el pr\u00f3ximo jueves 16 y viernes 17. En primera instancia, ser\u00e1n convocados los gremios docentes.<\/em><\/strong><\/p>\n\n\n\n<p><\/p>\n\n\n<div class=\"wp-block-image\">\n<figure class=\"aligncenter size-full\"><img decoding=\"async\" loading=\"lazy\" width=\"800\" height=\"450\" src=\"https:\/\/notinor.com\/jujuy\/wp-content\/uploads\/2024\/02\/paritarias-febrero-2024.jpg\" alt=\"\" class=\"wp-image-402572\" srcset=\"https:\/\/notinor.com\/jujuy\/wp-content\/uploads\/2024\/02\/paritarias-febrero-2024.jpg 800w, https:\/\/notinor.com\/jujuy\/wp-content\/uploads\/2024\/02\/paritarias-febrero-2024-649x365.jpg 649w, https:\/\/notinor.com\/jujuy\/wp-content\/uploads\/2024\/02\/paritarias-febrero-2024-500x280.jpg 500w, https:\/\/notinor.com\/jujuy\/wp-content\/uploads\/2024\/02\/paritarias-febrero-2024-768x432.jpg 768w, https:\/\/notinor.com\/jujuy\/wp-content\/uploads\/2024\/02\/paritarias-febrero-2024-750x422.jpg 750w\" sizes=\"(max-width: 800px) 100vw, 800px\" \/><figcaption class=\"wp-element-caption\">Imagen de archivo<\/figcaption><\/figure><\/div>\n\n\n<p><\/p>\n\n\n\n<p>As\u00ed lo anunci\u00f3 el Ministro de Gobierno, Justicia, Derechos Humanos y Trabajo, Normando \u00c1lvarez Garcia, quien inform\u00f3 que<strong> jueves 16 y viernes17, a horas 9:<\/strong><\/p>\n\n\n\n<ul>\n<li>-9:00 hs nivel inicial y primario<\/li>\n\n\n\n<li>-10 hs nivel secundario y superior<\/li>\n\n\n\n<li>-11:00 hs Atsa - Soemfa<\/li>\n\n\n\n<li>-11:30 hs Upcn<\/li>\n\n\n\n<li>-12:00 hs Ate<\/li>\n<\/ul>\n\n\n\n<p><strong>Por otra parte, para el viernes 17 de mayo, est\u00e1 previsto un encuentro con:<\/strong><\/p>\n\n\n\n<ul>\n<li>-9:00 HS Sindicatos municipales del interior<\/li>\n\n\n\n<li>-9:30 HS Apoc<\/li>\n\n\n\n<li>-10:00 HS Seom Jujuy<\/li>\n\n\n\n<li>-10:30 HS Sitravip<\/li>\n\n\n\n<li>-11:00 HS Apuap<\/li>\n<\/ul>\n\n\n\n<p><strong>\u201cEl prop\u00f3sito es continuar el di\u00e1logo con los gremios y recibir inquietudes, con miras a dar una respuesta concreta a las necesidades de los trabajadores dependientes del Estado provincial,<\/strong> contemplado la dif\u00edcil situaci\u00f3n econ\u00f3mica nacional y las posibilidades financieras que tiene la provincia\u201d, indic\u00f3 \u00c1lvarez Garc\u00eda.<\/p>\n","protected":false},"excerpt":{"rendered":"<p>El Gobierno de la Provincia retomar\u00e1 las negociaciones salariales con los gremios que nuclean a trabajadores estatales, el pr\u00f3ximo jueves 16 y viernes 17. En primera instancia, ser\u00e1n convocados los gremios docentes. As\u00ed lo anunci\u00f3 el Ministro de Gobierno, Justicia, Derechos Humanos y Trabajo, Normando \u00c1lvarez Garcia, quien inform\u00f3 que jueves 16 y viernes17, a [&hellip;]<\/p>\n","protected":false},"author":49,"featured_media":402572,"comment_status":"open","ping_status":"open","sticky":false,"template":"","format":"standard","meta":{"_stopmodifiedupdate":false,"_modified_date":"","inline_featured_image":false,"spay_email":"","jetpack_publicize_message":""},"categories":[2,514],"tags":[],"jetpack_featured_media_url":"https:\/\/notinor.com\/jujuy\/wp-content\/uploads\/2024\/02\/paritarias-febrero-2024.jpg","jetpack_publicize_connections":[],"_links":{"self":[{"href":"https:\/\/notinor.com\/jujuy\/wp-json\/wp\/v2\/posts\/408065"}],"collection":[{"href":"https:\/\/notinor.com\/jujuy\/wp-json\/wp\/v2\/posts"}],"about":[{"href":"https:\/\/notinor.com\/jujuy\/wp-json\/wp\/v2\/types\/post"}],"author":[{"embeddable":true,"href":"https:\/\/notinor.com\/jujuy\/wp-json\/wp\/v2\/users\/49"}],"replies":[{"embeddable":true,"href":"https:\/\/notinor.com\/jujuy\/wp-json\/wp\/v2\/comments?post=408065"}],"version-history":[{"count":1,"href":"https:\/\/notinor.com\/jujuy\/wp-json\/wp\/v2\/posts\/408065\/revisions"}],"predecessor-version":[{"id":408066,"href":"https:\/\/notinor.com\/jujuy\/wp-json\/wp\/v2\/posts\/408065\/revisions\/408066"}],"wp:featuredmedia":[{"embeddable":true,"href":"https:\/\/notinor.com\/jujuy\/wp-json\/wp\/v2\/media\/402572"}],"wp:attachment":[{"href":"https:\/\/notinor.com\/jujuy\/wp-json\/wp\/v2\/media?parent=408065"}],"wp:term":[{"taxonomy":"category","embeddable":true,"href":"https:\/\/notinor.com\/jujuy\/wp-json\/wp\/v2\/categories?post=408065"},{"taxonomy":"post_tag","embeddable":true,"href":"https:\/\/notinor.com\/jujuy\/wp-json\/wp\/v2\/tags?post=408065"}],"curies":[{"name":"wp","href":"https:\/\/api.w.org\/{rel}","templated":true}]}}