{"id":408050,"date":"2024-05-13T19:57:50","date_gmt":"2024-05-13T22:57:50","guid":{"rendered":"https:\/\/notinor.com\/jujuy\/?p=408050"},"modified":"2024-05-13T19:57:52","modified_gmt":"2024-05-13T22:57:52","slug":"condenaron-a-3-anos-y-6-meses-de-prision-efectiva-al-militante-k-que-le-tiro-un-botellazo-a-milei-en-su-asuncion","status":"publish","type":"post","link":"https:\/\/notinor.com\/jujuy\/condenaron-a-3-anos-y-6-meses-de-prision-efectiva-al-militante-k-que-le-tiro-un-botellazo-a-milei-en-su-asuncion\/","title":{"rendered":"Condenaron a 3 a\u00f1os y 6 meses de prisi\u00f3n efectiva al militante K que le tir\u00f3 un botellazo a Milei\u00a0en su asunci\u00f3n"},"content":{"rendered":"\n<p class=\"has-medium-font-size\"><strong><em>La condena contra Gast\u00f3n Mercanzini la decidi\u00f3 la jueza Mar\u00eda Eugenia Capuchetti al homologar un acuerdo con el fiscal Carlos R\u00edvolo en un juicio abreviado.<\/em><\/strong><\/p>\n\n\n\n<p><\/p>\n\n\n<div class=\"wp-block-image\">\n<figure class=\"aligncenter size-full\"><img decoding=\"async\" loading=\"lazy\" width=\"800\" height=\"450\" src=\"https:\/\/notinor.com\/jujuy\/wp-content\/uploads\/2024\/05\/gaston-mercanzini.jpg\" alt=\"\" class=\"wp-image-408051\" srcset=\"https:\/\/notinor.com\/jujuy\/wp-content\/uploads\/2024\/05\/gaston-mercanzini.jpg 800w, https:\/\/notinor.com\/jujuy\/wp-content\/uploads\/2024\/05\/gaston-mercanzini-649x365.jpg 649w, https:\/\/notinor.com\/jujuy\/wp-content\/uploads\/2024\/05\/gaston-mercanzini-500x280.jpg 500w, https:\/\/notinor.com\/jujuy\/wp-content\/uploads\/2024\/05\/gaston-mercanzini-768x432.jpg 768w, https:\/\/notinor.com\/jujuy\/wp-content\/uploads\/2024\/05\/gaston-mercanzini-750x422.jpg 750w\" sizes=\"(max-width: 800px) 100vw, 800px\" \/><\/figure><\/div>\n\n\n<p><\/p>\n\n\n\n<p><strong>Condenaron a 3 a\u00f1os y 6 meses de prisi\u00f3n efectiva al militante K que le tir\u00f3 un botellazo al presidente Javier MileiEl 10 de diciembre de 2023 detienen a Gast\u00f3n Ariel Mercanzini,<\/strong> el militante kirchnerista que le arroj\u00f3 un botellazo a Javier Milei. Foto Enrique Garc\u00eda Medina<\/p>\n\n\n\n<p>La jueza federal Mar\u00eda Eugenia Capuchetti cconden\u00f3 este lunes s 3 a\u00f1os y 6 meses de prisi\u00f3n efectiva al militante K Gast\u00f3n Mercanzini, <strong>quien le arroj\u00f3 un botellazo al presidente Javier Milei e hiriera a un custodio durante el acto de asunci\u00f3n del 10 de diciembre pasado.<\/strong><\/p>\n\n\n\n<p>En un juicio abreviado, Capuchetti homolog\u00f3 el acuerdo de Mercanizi con el fiscal Carlos R\u00edvolo y su defensor oficial Juan Mart\u00edn Ermida, luego de que el militante K acept\u00f3 los hechos que hab\u00eda cometido. La pena surgi\u00f3<\/p>\n\n\n\n<p>En su fallo, la magistrada sostuvo que <strong>\u201c\u2026adem\u00e1s de la abultada carga probatoria que comprueba la responsabilidad penal de Mercanzini sobre el hecho objeto del presente proceso, es dable tener presente el reconocimiento expresado por el nombrado al momento de su detenci\u00f3n, al prestar declaraci\u00f3n indagatoria, en el acta de acuerdo abreviado arribado con la Fiscal\u00eda interviniente y en la audiencia prevista en el art. 431 bis del CPPN celebrada en la sede de este Tribunal.\u201d<\/strong><\/p>\n\n\n\n<p>La jueza Maria Eugenia Capuchetti ingres\u00f3 a casa Cristina Fern\u00e1ndez Kirchner en Recoleta en septiembre de 2022. Foto Fernando De la OrdenLa jueza Maria Eugenia Capuchetti ingres\u00f3 a casa Cristina Fern\u00e1ndez Kirchner en Recoleta en septiembre de 2022. Foto Fernando De la Orden<\/p>\n\n\n\n<p><strong>La pena se unific\u00f3 con otro que Mercanzini ten\u00eda en la justicia de Entre R\u00edos a 3 a\u00f1os de prisi\u00f3n en la causa n\u00b0 1.777\/2.021, caratulada \u201cM.G.A. s\/ abuso sexual\u201d,<\/strong> y sus acumulados n\u00b0 1.632\/2.021 y 2643\/2.021, del registro del Juzgado de Garant\u00edas n\u00b0 2, del Departamento Judicial Concepci\u00f3n del Uruguay, provincia de Entre R\u00edos (arts. 12 y 58 CP)\u2026\u201d.<\/p>\n\n\n\n<p>El fallo se tom\u00f3 en la causa CFP 4384\/2023\/PL1, caratulada: <strong>\u201cMercanzini, Gast\u00f3n Ariel s\/ lesiones agravadas y lesiones leves (art. 89)\u201d, del registro de la Secretar\u00eda n\u00b0 17, de este Juzgado Nacional en lo Criminal y Correccional Federal n\u00b0 9, interinamente a mi cargo, respecto de Gast\u00f3n Ariel Mercanzini (de nacionalidad argentina; titular del DNI n\u00b0 22.544.022\u2026\u201d.<\/strong><\/p>\n\n\n\n<p>Adem\u00e1s, la jueza dijo que los<strong> \u201celementos de pruebas precedentemente enumerados y rese\u00f1ados, valorados en su conjunto a la luz de la sana cr\u00edtica racional, permiten tener por probado con el grado de certeza antes mencionado que: el 10 de diciembre de 2023, a las 13 horas, en la Av. Rivadavia a la altura de la calle Montevideo, Gast\u00f3n A. Mercanzini arroj\u00f3 una botella de vidrio al Sr. Presidente de la Naci\u00f3n, Javier G. Milei, quien se encontraba junto a su hermana, Karina E. Milei, traslad\u00e1ndose parado, en un veh\u00edculo marca \u201cMercedes Benz\u201d, de color negro, descapotable y con direcci\u00f3n a la Casa de Gobierno\u201d.<\/strong><\/p>\n\n\n\n<p><strong>\u201cDicho objeto impact\u00f3 en el Subcomisario Guillermo A. Armentano, perteneciente a la Superintendencia de Seguridad y Custodia de la PFA, quien formaba parte del primer anillo de seguridad del Sr. Presidente de la Naci\u00f3n. <\/strong>Concretamente, Armentano recibi\u00f3 el golpe en su parietal izquierdo, lo que le provoc\u00f3 una herida de un cent\u00edmetro de largo, con edema de la zona y sangrado, con un pron\u00f3stico de curaci\u00f3n, salvo complicaciones, en menos de 30 d\u00edas\u201d, record\u00f3.<\/p>\n\n\n\n<p>La jueza no tuvo en cuenta el argumento del imputado seg\u00fan el cual ten\u00eda un problema de adicciones y consider\u00f3 que merec\u00eda la condena porque podr\u00eda volver a comenter un ataque de este tipo.<\/p>\n\n\n\n<p><strong>La primera defensa de Mercanizi hab\u00eda dicho que al momento del hecho no comprend\u00eda la criminalidad de sus actos. A ra\u00edz de eso, fue entrevistado por el Cuerpo M\u00e9dico Forense y determin\u00f3 lo contrario, contaron a Clar\u00edn fuentes oficiales.<\/strong><\/p>\n\n\n\n<p>Pero su defensa actual, la oficial de Ermida, \"s\u00f3lo pidi\u00f3 que en base a su adiccion ingrese en alg\u00fan tipo de programa en el Servicio Penitenciario Federal\".<\/p>\n\n\n\n<p>En diciembre al declarar ante el juez subrogante juez Ariel Lijo, Mercanizi sostuvo que no quiso \"lastimar\" al mandatario ni \"a nadie\". Se ampar\u00f3 en que \"estaba borracho\".<\/p>\n\n\n\n<p>En su presentaci\u00f3n judicial, el agresor se disculp\u00f3 con Milei, con su hermana Karina, con el custodio herido y su familia.<\/p>\n\n\n\n<p><strong>\"Quiero pedirle disculpas al Presidente y a su hermana. No quise lastimar a nadie, no tuve ninguna intenci\u00f3n de hacerlo\",<\/strong> trascendi\u00f3 que sostuvo.<\/p>\n\n\n\n<p>Y de manera ins\u00f3lita, el exfuncionario de Cultura en Entre R\u00edos, quiso relativizar su evidente perfil pol\u00edtico. <strong>\"Yo no tengo militancia pol\u00edtica, las fotos que aparecieron en los medios con dirigentes pol\u00edticos me las saqu\u00e9 de cholulo, ni me conocen ellos a m\u00ed\", <\/strong>dijo el acusado Gast\u00f3n Ariel Mercanzini (51) en el marco de su declaraci\u00f3n indagatoria. Una de ellas era con el operador judicial de Cristina Kirchner, el diputado Rodolfo Tailhade.<\/p>\n\n\n\n<p>En su indagatoria, el militante K dijo que: <strong>\"No quise atentar contra el Presidente, todo indica que s\u00ed, (pero) si lo hubiera querido hacer me pon\u00eda gorra y barbijo. No med\u00ed las consecuencias, (tengo) bronca por todo lo que pasa, y todo lo que me pasa a m\u00ed\", <\/strong>afirm\u00f3.<\/p>\n\n\n\n<p>\"No apruebo lo que hice, le pido mil disculpas al oficial que lastim\u00e9 y a todos sus familiares que vieron ese episodio por televisi\u00f3n, no quise lastimar a nadie, al otro d\u00eda me di cuenta lo que pas\u00f3\", sostuvo el imputado.<\/p>\n\n\n\n<p>Asistido por el defensor oficial Hermida, Mercanzini cont\u00f3 que despu\u00e9s de tirar el botellazo discuti\u00f3 con otras personas que hab\u00edan visto la agresi\u00f3n, y relat\u00f3, casi como un testigo de sus actos, que como no estaba claro lo que pas\u00f3, la polic\u00eda lo retuvo y lo solt\u00f3.<\/p>\n\n\n\n<p><strong>\"La botella la agarr\u00e9 del piso, era una botella de Corona, porr\u00f3n chico que yo no tom\u00e9. Yo hab\u00eda tomado latas. Insisto, sin darme cuenta de la gravedad de lo ocurrido, segu\u00ed como si nada\",<\/strong> continu\u00f3.<\/p>\n\n\n\n<p>Y agreg\u00f3, con la clara intenci\u00f3n de victimizarse ante los cargos que enfrenta: <strong>\"Hice unos metros m\u00e1s y personas que me vieron me empezaron a increpar y me alcanzaron y me pegan, me pegan y caigo al piso, me pegan patadas y ah\u00ed me dan un palazo en la cabeza, me roban la mochila y ensangrentado me ayudaron a pararme, esto fue despu\u00e9s de que la polic\u00eda me larg\u00f3, de ah\u00ed me fui al hospital\".<\/strong><\/p>\n\n\n\n<p><strong>El acusado relat\u00f3 que all\u00ed lo \"cosieron\", tras lo cual, durmi\u00f3 \"en Once, en la calle\" y que al d\u00eda siguiente a las \"tres de la tarde\" se cruz\u00f3 con una persona que le dijo: \"\u00bfQu\u00e9 hac\u00e9s con esa camisa? Te anda buscando todo el mundo\" y luego fue detenido.<\/strong><\/p>\n\n\n\n<p>Casualmente, la jueza Capuchetti, el fiscal R\u00edvolo y el defensor Ermida instruyeron tambi\u00e9n la causa por el intento de asesinato de la ex presidenta Cristina Kirchner por parte de la banda de \"los copitos\" el 1\u00b0 de septiembre del 2022.<\/p>\n","protected":false},"excerpt":{"rendered":"<p>La condena contra Gast\u00f3n Mercanzini la decidi\u00f3 la jueza Mar\u00eda Eugenia Capuchetti al homologar un acuerdo con el fiscal Carlos R\u00edvolo en un juicio abreviado. Condenaron a 3 a\u00f1os y 6 meses de prisi\u00f3n efectiva al militante K que le tir\u00f3 un botellazo al presidente Javier MileiEl 10 de diciembre de 2023 detienen a Gast\u00f3n [&hellip;]<\/p>\n","protected":false},"author":49,"featured_media":408051,"comment_status":"open","ping_status":"open","sticky":false,"template":"","format":"standard","meta":{"_stopmodifiedupdate":false,"_modified_date":"","inline_featured_image":false,"spay_email":"","jetpack_publicize_message":""},"categories":[2,5,3],"tags":[],"jetpack_featured_media_url":"https:\/\/notinor.com\/jujuy\/wp-content\/uploads\/2024\/05\/gaston-mercanzini.jpg","jetpack_publicize_connections":[],"_links":{"self":[{"href":"https:\/\/notinor.com\/jujuy\/wp-json\/wp\/v2\/posts\/408050"}],"collection":[{"href":"https:\/\/notinor.com\/jujuy\/wp-json\/wp\/v2\/posts"}],"about":[{"href":"https:\/\/notinor.com\/jujuy\/wp-json\/wp\/v2\/types\/post"}],"author":[{"embeddable":true,"href":"https:\/\/notinor.com\/jujuy\/wp-json\/wp\/v2\/users\/49"}],"replies":[{"embeddable":true,"href":"https:\/\/notinor.com\/jujuy\/wp-json\/wp\/v2\/comments?post=408050"}],"version-history":[{"count":1,"href":"https:\/\/notinor.com\/jujuy\/wp-json\/wp\/v2\/posts\/408050\/revisions"}],"predecessor-version":[{"id":408052,"href":"https:\/\/notinor.com\/jujuy\/wp-json\/wp\/v2\/posts\/408050\/revisions\/408052"}],"wp:featuredmedia":[{"embeddable":true,"href":"https:\/\/notinor.com\/jujuy\/wp-json\/wp\/v2\/media\/408051"}],"wp:attachment":[{"href":"https:\/\/notinor.com\/jujuy\/wp-json\/wp\/v2\/media?parent=408050"}],"wp:term":[{"taxonomy":"category","embeddable":true,"href":"https:\/\/notinor.com\/jujuy\/wp-json\/wp\/v2\/categories?post=408050"},{"taxonomy":"post_tag","embeddable":true,"href":"https:\/\/notinor.com\/jujuy\/wp-json\/wp\/v2\/tags?post=408050"}],"curies":[{"name":"wp","href":"https:\/\/api.w.org\/{rel}","templated":true}]}}